{"id":47629,"date":"2024-02-22T00:51:57","date_gmt":"2024-02-21T23:51:57","guid":{"rendered":"https:\/\/www.infokuryr.cz\/n\/?p=47629"},"modified":"2024-02-21T18:40:01","modified_gmt":"2024-02-21T17:40:01","slug":"dalsi-vybuchy-otrasly-syrskym-damaskem-po-udajnem-izraelskem-utoku","status":"publish","type":"post","link":"https:\/\/www.infokuryr.cz\/n\/2024\/02\/22\/dalsi-vybuchy-otrasly-syrskym-damaskem-po-udajnem-izraelskem-utoku\/","title":{"rendered":"Dal\u0161\u00ed v\u00fdbuchy ot\u0159\u00e1sly syrsk\u00fdm Dama\u0161kem po \u00fadajn\u00e9m izraelsk\u00e9m \u00fatoku"},"content":{"rendered":"<div id=\"fb-root\"><\/div>\n<p><strong><span>Nov\u00e9 exploze byly hl\u00e1\u0161eny v Dama\u0161ku 21. \u00fanora odpoledne, n\u011bkolik hodin po \u00fadajn\u00e9m izraelsk\u00e9m \u00fatoku na syrsk\u00e9 hlavn\u00ed m\u011bsto.<\/span><\/strong><\/p>\n<p><span>Syrsk\u00e9 provl\u00e1dn\u00ed r\u00e1dio Sham FM tvrd\u00ed, \u017ee protivzdu\u0161n\u00e1 obrana zachytila \u200b\u200bn\u011bkolik izraelsk\u00fdch raket nad oblastmi ji\u017en\u011b a jihoz\u00e1padn\u011b od hlavn\u00edho m\u011bsta Dama\u0161ku.<\/span><\/p>\n<p><span>Mezit\u00edm Syrsk\u00e1 observato\u0159 pro lidsk\u00e1 pr\u00e1va, proopozi\u010dn\u00ed monitorovac\u00ed skupina se s\u00eddlem v Lond\u00fdn\u011b, uvedla, \u017ee nov\u00e1 s\u00e9rie izraelsk\u00fdch \u00fader\u016f zas\u00e1hla pozice sil podporovan\u00fdch \u00cdr\u00e1nem ve m\u011bst\u011b Al-Dimass a dal\u0161\u00edch oblastech nach\u00e1zej\u00edc\u00edch se na z\u00e1pad od hlavn\u00ed m\u011bsto.<\/span><\/p>\n<p><span>R\u00e1no zas\u00e1hla raketa v\u00edcepodla\u017en\u00ed budovu v Kafr Sousa. \u010ctvr\u0165, kter\u00e1 se nach\u00e1z\u00ed v jihoz\u00e1padn\u00ed \u010d\u00e1sti Dama\u0161ku, host\u00ed obytn\u00e9 budovy, \u0161koly a \u00edr\u00e1nsk\u00e1 kulturn\u00ed centra a le\u017e\u00ed pobl\u00ed\u017e velk\u00e9ho, p\u0159\u00edsn\u011b st\u0159e\u017een\u00e9ho komplexu pou\u017e\u00edvan\u00e9ho bezpe\u010dnostn\u00edmi agenturami.<\/span><\/p>\n<p><span>Ofici\u00e1ln\u00ed syrsk\u00e1 arabsk\u00e1 tiskov\u00e1 agentura uvedla, \u017ee izraelsk\u00e9 st\u00edha\u010dky vyp\u00e1lily rakety na budovu z okupovan\u00fdch Golansk\u00fdch v\u00fd\u0161in s odvol\u00e1n\u00edm na syrsk\u00fd vojensk\u00fd zdroj. P\u0159i \u00fatoku jsou hl\u00e1\u0161eni dva mrtv\u00ed civilist\u00e9 a dal\u0161\u00ed zran\u011bn\u00fd.<\/span><\/p>\n<p><span>\u00cdr\u00e1nsk\u00e1 poloofici\u00e1ln\u00ed Student News Network pozd\u011bji uvedla, \u017ee izraelsk\u00fd \u00fatok nezabil \u017e\u00e1dn\u00e9ho \u00edr\u00e1nsk\u00e9ho ob\u010dana ani vojensk\u00e9ho poradce.<\/span><\/p>\n<p><span>Izrael od vypuknut\u00ed v\u00e1lky v p\u00e1smu Gazy v\u00fdrazn\u011b eskaloval sv\u00e9 \u00fatoky na S\u00fdrii, zas\u00e1hl syrsk\u00e9 vojensk\u00e9 pozice a zam\u011b\u0159oval se na \u010dleny \u00edr\u00e1nsk\u00fdch isl\u00e1msk\u00fdch revolu\u010dn\u00edch gard a jejich p\u0159idru\u017een\u00fdch \u010dlen\u016f.<\/span><\/p>\n<p><span>V\u00e1lkou zm\u00edtan\u00e1 S\u00fdrie se do zna\u010dn\u00e9 m\u00edry zdr\u017eela reakce na opakovan\u00e9 \u00fatoky Izraele ve snaze vyhnout se nebezpe\u010dn\u00e9 konfrontaci.<\/span><\/p>\n<p><img decoding=\"async\" loading=\"lazy\" class=\"alignnone size-full wp-image-1185\" src=\"http:\/\/www.infokuryr.cz\/n\/wp-content\/uploads\/2021\/04\/kuryr-podpis.png\" alt=\"\" width=\"84\" height=\"24\" \/><\/p>\n<p>&nbsp;<\/p>\n<p>&nbsp;<\/p>\n","protected":false},"excerpt":{"rendered":"<p>Nov\u00e9 exploze byly hl\u00e1\u0161eny v Dama\u0161ku 21. \u00fanora odpoledne, n\u011bkolik hodin po \u00fadajn\u00e9m izraelsk\u00e9m \u00fatoku&#8230;<\/p>\n","protected":false},"author":2,"featured_media":47630,"comment_status":"closed","ping_status":"closed","sticky":false,"template":"","format":"standard","meta":[],"categories":[7],"tags":[3343,107,3535,349,147],"_links":{"self":[{"href":"https:\/\/www.infokuryr.cz\/n\/wp-json\/wp\/v2\/posts\/47629"}],"collection":[{"href":"https:\/\/www.infokuryr.cz\/n\/wp-json\/wp\/v2\/posts"}],"about":[{"href":"https:\/\/www.infokuryr.cz\/n\/wp-json\/wp\/v2\/types\/post"}],"author":[{"embeddable":true,"href":"https:\/\/www.infokuryr.cz\/n\/wp-json\/wp\/v2\/users\/2"}],"replies":[{"embeddable":true,"href":"https:\/\/www.infokuryr.cz\/n\/wp-json\/wp\/v2\/comments?post=47629"}],"version-history":[{"count":0,"href":"https:\/\/www.infokuryr.cz\/n\/wp-json\/wp\/v2\/posts\/47629\/revisions"}],"wp:featuredmedia":[{"embeddable":true,"href":"https:\/\/www.infokuryr.cz\/n\/wp-json\/wp\/v2\/media\/47630"}],"wp:attachment":[{"href":"https:\/\/www.infokuryr.cz\/n\/wp-json\/wp\/v2\/media?parent=47629"}],"wp:term":[{"taxonomy":"category","embeddable":true,"href":"https:\/\/www.infokuryr.cz\/n\/wp-json\/wp\/v2\/categories?post=47629"},{"taxonomy":"post_tag","embeddable":true,"href":"https:\/\/www.infokuryr.cz\/n\/wp-json\/wp\/v2\/tags?post=47629"}],"curies":[{"name":"wp","href":"https:\/\/api.w.org\/{rel}","templated":true}]}}