{"id":47558,"date":"2024-02-21T00:40:58","date_gmt":"2024-02-20T23:40:58","guid":{"rendered":"https:\/\/www.infokuryr.cz\/n\/?p=47558"},"modified":"2024-02-20T19:08:53","modified_gmt":"2024-02-20T18:08:53","slug":"vladimir-pelc-politicka-taktika-zachodoveho-okenka","status":"publish","type":"post","link":"https:\/\/www.infokuryr.cz\/n\/2024\/02\/21\/vladimir-pelc-politicka-taktika-zachodoveho-okenka\/","title":{"rendered":"Vladim\u00edr Pelc: Politick\u00e1 taktika z\u00e1chodov\u00e9ho ok\u00e9nka"},"content":{"rendered":"<div id=\"fb-root\"><\/div>\n<p><strong>Politika sou\u010dasn\u00e9 vl\u00e1dy je nekvalifikovan\u00e1 a v t\u00e9to nekvalifikovanosti konfronta\u010dn\u00ed. M\u00edsto zp\u016fsobil\u00fdch \u0159e\u0161en\u00ed probl\u00e9m\u016f na kritiky sv\u00e9 politiky vrh\u00e1 primitivn\u00ed ideologick\u00e9 floskule.<\/strong><\/p>\n<p style=\"font-weight: 400;\"><strong>Vnit\u0159n\u00ed politika sou\u010dasn\u00e9 vl\u00e1dy \u010cR m\u00e1 dv\u011b z\u00e1kladn\u00ed charakteristiky:<\/strong><\/p>\n<p style=\"font-weight: 400;\">Jednak to je celkov\u00e1 nekvalifikovanost spojen\u00e1 s\u00a0taktikou u\u017e\u00edv\u00e1n\u00ed z\u00e1chodov\u00e9ho okna, sou\u010dasn\u00e1 vl\u00e1da se sna\u017e\u00ed p\u0159ed probl\u00e9my uniknout pou\u017e\u00edv\u00e1n\u00edm metody A. Stanislava*), a d\u00e1le konfronta\u010dn\u00ed politick\u00fd kurz (projevuj\u00edc\u00ed se i politice zahrani\u010dn\u00ed \u2212 z tohoto hlediska jsou uveden\u00e9 politiky konzistentn\u00ed).<\/p>\n<p><a href=\"https:\/\/stranapro.cz\/\"><img decoding=\"async\" loading=\"lazy\" class=\"alignnone  wp-image-40285 aligncenter\" src=\"http:\/\/www.infokuryr.cz\/n\/wp-content\/uploads\/2023\/11\/11pro-300x79.png\" alt=\"\" width=\"535\" height=\"141\" srcset=\"https:\/\/www.infokuryr.cz\/n\/wp-content\/uploads\/2023\/11\/11pro-300x79.png 300w, https:\/\/www.infokuryr.cz\/n\/wp-content\/uploads\/2023\/11\/11pro.png 363w\" sizes=\"(max-width: 535px) 100vw, 535px\" \/><\/a><\/p>\n<p style=\"font-weight: 400;\"><strong>V\u00fdrazn\u00e9 probl\u00e9my vl\u00e1da nen\u00ed schopna \u0159e\u0161it. Aktu\u00e1ln\u00ed p\u0159\u00edpady:<\/strong><\/p>\n<p style=\"font-weight: 400;\">\u0160kolstv\u00ed: Na financov\u00e1n\u00ed dvou tis\u00edc nepedagogick\u00fdch zam\u011bstnanc\u016f v region\u00e1ln\u00edm \u0161kolstv\u00ed chyb\u00ed p\u0159ibli\u017en\u011b 800 milion\u016f korun. Zem\u011bd\u011blstv\u00ed: Nespokojen\u00ed zem\u011bd\u011blci po\u0159\u00e1daj\u00ed protestn\u00ed j\u00edzdu tis\u00edcovky traktor\u016f z cel\u00e9 republiky do Prahy (19. 2. 2024) \u2013 a vl\u00e1dn\u00ed mamlasov\u00e9, m\u00edsto v\u00e1\u017en\u00e9 snahy o \u0159e\u0161en\u00ed probl\u00e9m\u016f, to ozna\u010d\u00ed za akci prorusk\u00e9 p\u00e1t\u00e9 kolony, za bu\u0159i\u010dstv\u00ed, za rozvracen\u00ed republiky, za \u00fatok na demokracii, za akci dezinform\u00e1tor\u016f, dezol\u00e1t\u016f.<\/p>\n<p style=\"font-weight: 400;\">Konfronta\u010dn\u00ed kurz sou\u010dasn\u00e1 vl\u00e1da p\u0159edsedy P. Fialy u\u017e\u00edv\u00e1 v\u016f\u010di mnoh\u00fdm ob\u010dan\u016fm. Zvolila strategii \u201enejlep\u0161\u00ed obrana je \u00fatok\u201c; na kritiky sv\u00e9 politiky vrh\u00e1 primitivn\u00ed floskule. Takov\u00e9 \u00fatoky sv\u011bd\u010d\u00ed o jej\u00ed neschopnosti \u0159e\u0161it probl\u00e9my; \u00fatoky jsou hor\u0161\u00ed ne\u017e netaktick\u00e9 \u2013 jsou d\u016fsledkem oby\u010dejn\u00e9 hlouposti. Nav\u00edc se p\u0159ed probl\u00e9my sna\u017e\u00ed ut\u00e9ci z\u00e1chodov\u00fdm ok\u00e9nkem.<\/p>\n<p style=\"font-weight: 400;\">A tak se vl\u00e1da P. Fialy st\u00e1v\u00e1 st\u00e1le v\u00edce ned\u016fv\u011bryhodnou.<\/p>\n<p style=\"font-weight: 400;\"><em>* Ve st\u0159edu 20. 12. 2023 \u00fadajn\u011b m\u011bl n\u00e1m\u011bstek ministra spravedlnosti Anton\u00edn Stanislav za ODS zastupitel\u016fm ve sv\u00e9 obci Rtyn\u011b v Podkrkono\u0161\u00ed vysv\u011btlit okolnosti dvou kauz, kter\u00e9 se ho t\u00fdkaj\u00ed (podez\u0159en\u00ed z\u00a0korupce); k\u00a0tomu nedo\u0161lo a nav\u00edc se Stanislav m\u011bl p\u0159ed dotazy novin\u00e1\u0159\u016f schovat na toalet\u011b a ut\u00e9ct p\u0159ed nimi z\u00e1chodov\u00fdm ok\u00e9nkem,\u00a0<a href=\"https:\/\/tn.nova.cz\/zpravodajstvi\/clanek\/534126-ministersky-namestek-mel-utect-oknem-na-zachode-je-to-lez-brani-se\">viz<\/a>).<\/em><\/p>\n<p><a href=\"https:\/\/vasevec.info\/blogy\/politicka-taktika-zachodoveho-okenka\">Vladim\u00edr Pelc<\/a><\/p>\n<p><img decoding=\"async\" loading=\"lazy\" class=\"alignnone  wp-image-40955\" src=\"http:\/\/www.infokuryr.cz\/n\/wp-content\/uploads\/2023\/11\/vladimir-pelc.jpg\" alt=\"\" width=\"186\" height=\"279\" \/><\/p>\n","protected":false},"excerpt":{"rendered":"<p>Politika sou\u010dasn\u00e9 vl\u00e1dy je nekvalifikovan\u00e1 a v t\u00e9to nekvalifikovanosti konfronta\u010dn\u00ed. M\u00edsto zp\u016fsobil\u00fdch \u0159e\u0161en\u00ed probl\u00e9m\u016f na&#8230;<\/p>\n","protected":false},"author":2,"featured_media":1156,"comment_status":"closed","ping_status":"closed","sticky":false,"template":"","format":"standard","meta":[],"categories":[6],"tags":[29,122,99],"_links":{"self":[{"href":"https:\/\/www.infokuryr.cz\/n\/wp-json\/wp\/v2\/posts\/47558"}],"collection":[{"href":"https:\/\/www.infokuryr.cz\/n\/wp-json\/wp\/v2\/posts"}],"about":[{"href":"https:\/\/www.infokuryr.cz\/n\/wp-json\/wp\/v2\/types\/post"}],"author":[{"embeddable":true,"href":"https:\/\/www.infokuryr.cz\/n\/wp-json\/wp\/v2\/users\/2"}],"replies":[{"embeddable":true,"href":"https:\/\/www.infokuryr.cz\/n\/wp-json\/wp\/v2\/comments?post=47558"}],"version-history":[{"count":0,"href":"https:\/\/www.infokuryr.cz\/n\/wp-json\/wp\/v2\/posts\/47558\/revisions"}],"wp:featuredmedia":[{"embeddable":true,"href":"https:\/\/www.infokuryr.cz\/n\/wp-json\/wp\/v2\/media\/1156"}],"wp:attachment":[{"href":"https:\/\/www.infokuryr.cz\/n\/wp-json\/wp\/v2\/media?parent=47558"}],"wp:term":[{"taxonomy":"category","embeddable":true,"href":"https:\/\/www.infokuryr.cz\/n\/wp-json\/wp\/v2\/categories?post=47558"},{"taxonomy":"post_tag","embeddable":true,"href":"https:\/\/www.infokuryr.cz\/n\/wp-json\/wp\/v2\/tags?post=47558"}],"curies":[{"name":"wp","href":"https:\/\/api.w.org\/{rel}","templated":true}]}}