{"id":47556,"date":"2024-02-21T00:37:04","date_gmt":"2024-02-20T23:37:04","guid":{"rendered":"https:\/\/www.infokuryr.cz\/n\/?p=47556"},"modified":"2024-02-20T19:04:12","modified_gmt":"2024-02-20T18:04:12","slug":"zbynek-fiala-volby-se-vyhravaji-jinde-nez-u-kupky-hnoje","status":"publish","type":"post","link":"https:\/\/www.infokuryr.cz\/n\/2024\/02\/21\/zbynek-fiala-volby-se-vyhravaji-jinde-nez-u-kupky-hnoje\/","title":{"rendered":"Zbyn\u011bk Fiala: Volby se vyhr\u00e1vaj\u00ed jinde ne\u017e u kupky hnoje"},"content":{"rendered":"<div id=\"fb-root\"><\/div>\n<p><strong>Kdo by se staral o dvouprocentn\u00ed elektor\u00e1t zem\u011bd\u011blc\u016f, kter\u00fd \u010dasto ani nesleze z traktoru, aby \u0161el k urn\u00e1m? Komu by chyb\u011bly jejich dv\u011b procenta HDP?<\/strong><\/p>\n<p>Premi\u00e9r Petr Fiala m\u011bl pravdu, \u017ee protesty traktor\u016f jsou z\u00e1rove\u0148 politick\u00e9 a vyjad\u0159uj\u00ed z\u00e1sadn\u00ed nespokojenost s\u00a0jeho vl\u00e1dou. To ho v\u0161ak nerozpl\u00e1\u010de, ani nezbav\u00ed kamenn\u00e9ho \u00fasm\u011bvu. Rusk\u00e9ho bub\u00e1ka na n\u011b vytasil, aby bylo jasn\u00e9, \u017ee s\u00a0t\u00edm nehodl\u00e1 nic d\u011blat. C\u00edt\u00ed se siln\u00fd. Sta\u010d\u00ed se pod\u00edvat na volebn\u00ed preference. Te\u010f jsou dole, to jo, ale porostou, jak n\u00e1m (ano!) bude l\u00edp.<\/p>\n<p>Pro\u010d by m\u011bl n\u011bkdo zem\u011bd\u011blc\u016fm v\u011bnovat zvl\u00e1\u0161tn\u00ed politickou pozornost, kdy\u017e pod\u00edl zam\u011bstnanc\u016f v zem\u011bd\u011blstv\u00ed v\u010detn\u011b lesnictv\u00ed a ryb\u00e1\u0159stv\u00ed \u010din\u00ed jen 2,28 procenta a je tak\u0159\u00edkaj\u00edc pod \u00farovn\u00ed statistick\u00e9 chyby. Pod\u00edl zem\u011bd\u011blstv\u00ed na HDP je dokonce je\u0161t\u011b men\u0161\u00ed, pouh\u00e1 2,0 procenta.<\/p>\n<p>Ke v\u0161emu v\u00a0den nejv\u011bt\u0161\u00edho sv\u00e1tku demokracie vidl\u00e1ci \u010dasto ani neslezou z\u00a0traktoru a nevylezou z krav\u00edna, aby \u0161li k\u00a0urn\u00e1m. Co s\u00a0elektor\u00e1tem, kter\u00fd nem\u00e1 ani dv\u011b procenta jako lidovci? Kdo by si l\u00e1mal hlavu s\u00a0t\u00edm, \u017ee kdyby zem\u011bd\u011blci na traktory zanev\u0159eli a potraviny nevyprodukovali, um\u0159eme v\u0161ichni, 100 procent.<\/p>\n<p>K\u00a0Pra\u017ean\u016fm byl zem\u011bd\u011blsk\u00fd protest vl\u00eddn\u00fd. Traktory nakonec p\u0159ek\u00e1\u017eely\u00a0po tom v\u0161em dopravn\u00edm stra\u0161en\u00ed jen symbolicky. V\u00a0ulic\u00edch bylo dokonce voln\u011bji ne\u017e\u00a0 jindy. Charakteristick\u00fd byl mali\u010dk\u00fd \u201eviditeln\u00fd traktor\u201c z\u00a0housek, kol\u00e1\u010d\u016f a chleba, kter\u00fd se vzn\u00e1\u0161el nad jedn\u00edm vynal\u00e9zav\u00fdm demonstrantem na Malostransk\u00e9m n\u00e1m\u011bst\u00ed. Ano, obvykle vid\u00edme jen tohle. Zahl\u00e9dl jsem tam tak\u00e9 vtipn\u00fd v\u00fdk\u0159ik p\u0159iv\u00e1zan\u00fd k\u00a0dlouh\u00e9mu smet\u00e1ku<em>: Pra\u017esk\u00e1 kav\u00e1rna v\u00edt\u00e1 traktory!<\/em>\u00a0Kdy\u017e se smet\u00e1k obr\u00e1til, vykoukla i druh\u00e1 strana:\u00a0<em>J\u00e1 jsem traktor. Pravda zv\u00edt\u011bz\u00ed!<\/em><\/p>\n<p>V\u00fd\u010det d\u016fvod\u016f, kter\u00e9 p\u0159im\u011bly traktory k\u00a0d\u00e1lkov\u00fdm j\u00edzd\u00e1m, zazn\u011bl na demonstraci kousek od sn\u011bmovny, aby to poslanci, kter\u00e9 to zaj\u00edm\u00e1, nem\u011bli daleko. Nebo aby jim to aspo\u0148 za\u010dalo vrtat hlavou. To nejd\u016fle\u017eit\u011bj\u0161\u00ed tam padlo jentak na okraj:<\/p>\n<p><em>\u201eZem\u011bd\u011blci vyd\u011blali v\u00a0lo\u0148sk\u00e9m roce 9 miliard korun, to sta\u010d\u00ed nanejv\u00fd\u0161 na \u00fadr\u017ebu, bez \u0161anc\u00ed na investice. Zato \u010dty\u0159i nejv\u011bt\u0161\u00ed energetick\u00e9 spole\u010dnosti m\u011bly zisk 200 miliard korun.\u201c<\/em><\/p>\n<p>Pak u\u017e nepot\u0159ebujeme vysoko\u0161kolsk\u00fd diplom, abychom pochopili, \u017ee nejv\u011bt\u0161\u00edm probl\u00e9mem \u010desk\u00e9ho zem\u011bd\u011blstv\u00ed a potravin\u00e1\u0159stv\u00ed jsou drah\u00e9 energie. V\u00a0pozad\u00ed je v\u00e1lka na Ukrajin\u011b, odkud p\u0159ich\u00e1z\u00ed i dal\u0161\u00ed hrozba, nekontrolovan\u00fd p\u0159\u00edliv obrovsk\u00fdch objem\u016f obil\u00ed za dumpingov\u00e9 ceny. Vstupy do zem\u011bd\u011blstv\u00ed se krut\u011b zdra\u017euj\u00ed, zat\u00edmco sou\u010dasn\u011b zem\u011bd\u011blsk\u00fd trh pro \u010deskou produkci se uzav\u00edr\u00e1. To, \u010demu vl\u00e1da nete\u010dn\u011b p\u0159ihl\u00ed\u017e\u00ed, je pro zem\u011bd\u011blce naprosto bezv\u00fdchodn\u00e1 situace.<\/p>\n<p>Za\u010dalo to roku 2022, kdy kon\u010dil covid a za\u010d\u00ednala v\u00e1lka. Rok p\u0159edt\u00edm \u00dastavn\u00ed soud p\u0159id\u011blil volebn\u00ed v\u00edt\u011bzstv\u00ed p\u011btikoalici, nebo\u0165 demokracie, to je p\u0159edev\u0161\u00edm pestrost z\u00e1jm\u016f. Ceny potravin za\u010daly \u0161plhat vzh\u016fru. Ceny vstup\u016f tak\u00e9. M\u016f\u017eeme to sledovat v\u00a0ofici\u00e1ln\u00ed Zelen\u00e9 zpr\u00e1v\u011b ministerstva zem\u011bd\u011blstv\u00ed.\u00a0Roku 2022 (nov\u011bj\u0161\u00ed \u010d\u00edsla nem\u00e1me) stouply ceny zem\u011bd\u011blsk\u00fdch v\u00fdrobc\u016f meziro\u010dn\u011b o 31,5 procenta, ale ceny vstup\u016f se zvedly o 24,2 procenta, tak\u017ee ziskov\u00e1 mar\u017ee v\u00a0t\u00e9to f\u00e1zi \u010din\u00ed 7,3 procenta.<\/p>\n<p>Je\u0161t\u011b jsme v\u0161ak nedopo\u010d\u00edtali. Podpora zem\u011bd\u011blstv\u00ed naopak klesala, z\u00a0toho podpora zem\u011bd\u011blsk\u00fdm podnik\u016fm o 3,2 procenta.<\/p>\n<p><a href=\"https:\/\/eagri.cz\/public\/portal\/-a13705---oY9VUfAI\/zelena-zprava-2022\">https:\/\/eagri.cz\/public\/portal\/-a13705&#8212;oY9VUfAI\/zelena-zprava-2022<\/a><\/p>\n<p>Kdy\u017e ty p\u0159\u00edr\u016fstky a \u00fabytky postav\u00edme vedle sebe, zbude n\u00e1m z\u00a0toho zisku jen n\u011bco p\u0159es 4 procenta. Nezd\u00e1 se, \u017ee za r\u016fst cen potravin m\u016f\u017eou zem\u011bd\u011blci, ale sp\u00ed\u0161, \u017ee tu drahotu odn\u00e1\u0161ej\u00ed i se spot\u0159ebiteli.<\/p>\n<p>Hladina mezd v\u00a0\u010desk\u00e9m zem\u011bd\u011blstv\u00ed je na 80 procentech n\u00e1rodn\u00edho hospod\u00e1\u0159stv\u00ed. To taky nen\u00ed \u017e\u00e1dn\u00e9 terno. P\u0159itom ti, kdo na p\u016fd\u011b pracuj\u00ed, rychle st\u00e1rnou. Nejv\u00edc jich je ve v\u011bku 45 a\u017e 59 let, zat\u00edmco t\u011bch o generaci mlad\u0161\u00edch (30 a\u017e 44 let) je o polovinu m\u00e9n\u011b. T\u011bch nejmlad\u0161\u00edch pak nen\u00ed v\u00edc ne\u017e sta\u0159\u00edk\u016f nad 60 let. Zachr\u00e1n\u00ed to je\u0161t\u011b v\u011bt\u0161\u00ed traktory, kter\u00e9 zvl\u00e1dnou dvakr\u00e1t tolik pr\u00e1ce na osobu? A co ta p\u016fda, kter\u00e1 je pod t\u011b\u017ek\u00fdmi koly udusan\u00e1 na beton? A co ty mizern\u00e9 mzdy? Pr\u00fd to nen\u00ed tak hrozn\u00e9, t\u011bch dvacet procent pod pr\u016fm\u011br je na evropsk\u00e9 pom\u011bry docela dost. Tak\u017ee b\u00edda do zem\u011bd\u011blstv\u00ed pat\u0159\u00ed? Pak se nedivme, \u017ee rozl\u00edcen\u00e9 traktory \u0159\u00e1d\u00ed po cel\u00e9 unii.<\/p>\n<p>Potravinov\u00e1 suverenita \u010cR se st\u00e1le zhor\u0161uje, roku 2022 byly zem\u011bd\u011blsk\u00e9 dovozy o 46,4 miliardy korun vy\u0161\u0161\u00ed ne\u017e v\u00fdvozy. Jde o drobn\u00e9, kdy\u017e to p\u0159epo\u010dteme na HDP, kter\u00e9 je 7 bilion\u016f korun. D\u016fle\u017eit\u00e9 v\u0161ak je n\u00e1sleduj\u00edc\u00ed: Ve v\u00fdvozu se nad\u00e1le prosazuj\u00ed zem\u011bd\u011blsk\u00e9 suroviny na \u00fakor v\u00fdrobk\u016f s\u00a0vy\u0161\u0161\u00ed p\u0159idanou hodnotou. Obil\u00ed vyv\u00e1\u017e\u00edme, potraviny dov\u00e1\u017e\u00edme. To je jeden z\u00a0d\u016fvod\u016f n\u00edzk\u00fdch p\u0159\u00edjm\u016f v\u00a0zem\u011bd\u011blstv\u00ed. Nav\u00edc n\u00e1s na\u0161e zem\u011bd\u011blstv\u00ed neu\u017eiv\u00ed. Projd\u011bte si v\u00fd\u010det produkt\u016f, kde nen\u00ed \u010cR sob\u011bsta\u010dn\u00e1: prasata, dr\u016fbe\u017e, vejce, ovoce, zelenina, brambory\u2026<\/p>\n<p>P\u016fda u\u017e nen\u00ed d\u011bdictv\u00edm na\u0161ich p\u0159edk\u016f nesen\u00e9 d\u00e1l, abychom nepropadli peklu. Je to pouh\u00fd v\u00fdrobn\u00ed faktor. Prod\u00e1v\u00e1 se jako houska na kr\u00e1m\u011b. A kdy\u017e housek nen\u00ed dost, koup\u00ed ten, kdo d\u00e1 v\u00edc. Co s\u00a0t\u00edm ud\u011bl\u00e1, je jeho v\u011bc. Ti \u0161ikovn\u011bj\u0161\u00ed to vyvedou ze zem\u011bd\u011blsk\u00e9ho p\u016fdn\u00edho fondu a postav\u00ed tam logistickou halu pro zahrani\u010dn\u00ed z\u00e1jemce. Nebo to prodaj\u00ed jin\u00e9 tlust\u00e9 kapse, oby\u010dejn\u011b taky zahrani\u010dn\u00ed.<\/p>\n<p><a href=\"https:\/\/stranapro.cz\/\"><img decoding=\"async\" loading=\"lazy\" class=\"alignnone wp-image-40285 aligncenter\" src=\"http:\/\/www.infokuryr.cz\/n\/wp-content\/uploads\/2023\/11\/11pro-300x79.png\" alt=\"\" width=\"577\" height=\"152\" srcset=\"https:\/\/www.infokuryr.cz\/n\/wp-content\/uploads\/2023\/11\/11pro-300x79.png 300w, https:\/\/www.infokuryr.cz\/n\/wp-content\/uploads\/2023\/11\/11pro.png 363w\" sizes=\"(max-width: 577px) 100vw, 577px\" \/><\/a><\/p>\n<p>Mal\u00fdch farem je hodn\u011b, tvo\u0159\u00ed p\u0159es 90 procent subjekt\u016f, ale obhospoda\u0159uj\u00ed jen 30 procent zem\u011bd\u011blsk\u00e9 p\u016fdy. To znamen\u00e1, \u017ee 70 procent p\u016fdy je ve velk\u00fdch podnic\u00edch, z\u00a0hlediska evropsk\u00e9ho pr\u016fm\u011bru sp\u00ed\u0161e obrovsk\u00fdch. \u010cesk\u00e9 p\u016fdn\u00ed bloky jsou nejv\u011bt\u0161\u00ed v\u00a0EU. Monokultura od obzoru k\u00a0obzoru. Tam se krom\u011b hrabo\u0161\u016f nic jin\u00e9ho neuchyt\u00ed, ani naho\u0159e, ani pod br\u00e1zdou.<\/p>\n<p>Pt\u00e1ci, mot\u00fdli, v\u010dely, \u017e\u00ed\u017ealy, nejr\u016fzn\u011bj\u0161\u00ed mikroorganismy, m\u011bn\u00edc\u00ed organickou hmotu na v\u00fd\u017eivu pro rostliny, tohle v\u0161echno v\u00a0z\u00e1plav\u011b um\u011bl\u00fdch hnojiv a pesticid\u016f miz\u00ed. Opravdu chceme v\u00a0takov\u00e9m sv\u011bt\u011b \u017e\u00edt?<\/p>\n<p>Posledn\u00ed dobou se mluv\u00ed hlavn\u011b o opylova\u010d\u00edch, kte\u0159\u00ed by asi byli nahraditeln\u00ed n\u011bjak\u00fdmi ob\u0159\u00edmi smet\u00e1ky vle\u010den\u00fdmi traktory nap\u0159\u00ed\u010d polem. Ty hrabo\u0161e kdysi kontrolovali vym\u00edraj\u00edc\u00ed dravci, ale my ty dravce nahrad\u00edme jedy sypan\u00fdmi p\u0159\u00edmo do my\u0161\u00ed d\u00edry. Jed\u016f se nemus\u00edme b\u00e1t, rozpadnou se, aspo\u0148 z\u00a0v\u011bt\u0161\u00ed \u010d\u00e1sti. Nakonec skon\u010d\u00ed jako pesticidy, jejich\u017e rezidua u\u017e nejde z\u00a0pitn\u00e9 vody vy\u010distit.<\/p>\n<p>\u010ctvrtina p\u016fdy je tvrd\u011b ohro\u017eena vodn\u00ed eroz\u00ed, dv\u011b p\u011btiny v\u011btrnou eroz\u00ed. Kdy\u017e vyjedete na ji\u017en\u00ed Moravu, uvid\u00edte, \u017ee na mnoha m\u00edstech nej\u00farodn\u011bj\u0161\u00edch oblast\u00ed je ve\u0161ker\u00e1 \u010dernozem spl\u00e1chnuta pod kopec. Pokud ji \u0159eky d\u00e1vno neodnesly do mo\u0159\u00ed. Leteck\u00fd pohled ukazuje sv\u011btl\u00e1 m\u00edsta, kde pole p\u0159i na\u0161em hospoda\u0159en\u00edm bezmocn\u011b ple\u0161at\u00ed. Ale koho by to zaj\u00edmalo, kdy\u017e je ta p\u016fda ciz\u00ed? Nepat\u0159\u00ed tomu, kdo na n\u00ed pracuje. Pod\u00edl propachtovan\u00e9 p\u016fdy \u010din\u00ed 73 procent. Nejv\u00edc v\u00a0EU.<\/p>\n<p>Protesty proti gr\u00fdnd\u00fdlu, kter\u00fd by m\u011bl ni\u010den\u00ed p\u016fdy zastavit, snadno pouk\u00e1\u017eou na skute\u010dnost, \u017ee p\u016fda veden\u00e1 v\u00a0kategorii ekologick\u00e9 zem\u011bd\u011blstv\u00ed prakticky neprodukuje \u017e\u00e1dn\u00e9 potraviny. To je pravda. Rostou tam jen dotace na trval\u00e9 travn\u00ed porosty. Tak je to u n\u00e1s nastaveno. Kdy\u017e n\u011bco opravdu nechcete, sta\u010d\u00ed p\u0159ijmout z\u00e1kon na podporu a nastavit podm\u00ednky tak, aby v\u00edc \u0161kodil. Aby nedovoloval zvednou hlavu ne\u017e\u00e1douc\u00ed konkurenci. Travn\u00ed baroni nebo sol\u00e1rn\u00ed baroni, pra\u0161\u0165 jako uho\u010f.<\/p>\n<p>Je d\u016fvod protestovat proti vysok\u00fdm cen\u00e1m vstup\u016f a ni\u010den\u00ed trhu dumpingem ukrajinsk\u00fdch dovoz\u016f. Je d\u016fvod protestovat proti byrokratick\u00fdm pravidl\u016fm, kter\u00e1 v\u011bt\u0161inou jen p\u0159edst\u00edraj\u00ed ochranu p\u016fdy. Je d\u016fvod protestovat proti podcen\u011bn\u00ed oboru, jak jej vy\u010dteme z mizern\u00fdch mezd. Je d\u016fvod protestovat proti podm\u00ednk\u00e1m, kter\u00e9 ohro\u017euj\u00ed genera\u010dn\u00ed obm\u011bnu a \u017eenou situaci do bodu, kdy mlad\u00ed p\u016fdu rad\u011bji prodaj\u00ed velk\u00e9 zahrani\u010dn\u00ed kapse, ne\u017e by p\u0159evzali \u0161tafetu t\u00e9 bezv\u00fdchodn\u00e9 otro\u010diny. Je d\u016fvod protestovat proti p\u0159ez\u00edrav\u00e9mu pohledu na obor, kter\u00fd finan\u010dn\u011b p\u0159edstavuje m\u00e1lo, ale existen\u010dn\u011b v\u0161echno. Vedle podnikatelsk\u00fdch a odbor\u00e1\u0159sk\u00fdch protest\u016f se v\u0161ak mus\u00ed zapojit i ty drsn\u00e9 politick\u00e9. Jestli se jich premi\u00e9r boj\u00ed, boj\u00ed se spr\u00e1vn\u011b.<\/p>\n<p>Potravinov\u00e1 suverenita je ot\u00e1zkou p\u0159e\u017eit\u00ed. Vedle toho je nutn\u00e1 lep\u0161\u00ed p\u00e9\u010de o p\u016fdu, co\u017e je nedosa\u017eiteln\u00e9, pokud nep\u016fjde st\u00e1le \u010dast\u011bji o p\u016fdu vlastn\u00ed (t\u0159eba dru\u017estevn\u00ed, ale s\u00a0\u010dleny vlastn\u00edky). A mus\u00ed se vyplatit pr\u00e1ce na men\u0161\u00edch pol\u00edch v\u00edce ne\u017e na nekone\u010dn\u00fdch l\u00e1nech, kter\u00e9 jsou ostatn\u00edm \u017eivotem vn\u00edm\u00e1ny jako smrt\u00edc\u00ed agropou\u0161\u0165. Nesm\u00ed to b\u00fdt nastaveno tak, aby lep\u0161\u00ed p\u00e9\u010di spolehliv\u011b zablokovaly stohy kontroln\u00edch hl\u00e1\u0161en\u00ed.<\/p>\n<p>V\u00a0prvn\u00ed polovin\u011b \u00fanora prob\u011bhl v\u00a0Norimberku veletrh ekologick\u00e9ho zem\u011bd\u011blstv\u00ed Biofach. Mezi semin\u00e1\u0159i doprovodn\u00e9ho programu byla \u0159e\u010d tak\u00e9 o regenerativn\u00edm zem\u011bd\u011blstv\u00ed. Mluvili o n\u011bm dva pr\u016fkopn\u00edci Benedikt B\u00f6sel a Julius Palm.<\/p>\n<p>Tohle je ze z\u00e1znamu o jejich postupech:<\/p>\n<p><em>\u201eDv\u011b st\u011b kus\u016f dobytka se pase na pol\u00edch po cel\u00fd rok, z\u00farod\u0148uje p\u016fdu, obnovuje ji udr\u017eiteln\u011b a podporuje biologickou rozmanitost.\u00a0B\u00f6sel kombinuje agrolesnictv\u00ed s ornou p\u016fdou a chovem zv\u00ed\u0159at, aby ka\u017ed\u00fd rok sklidil v\u00edce sklizn\u00ed ze stejn\u00e9 p\u016fdy.\u00a0Pole jsou rozd\u011blena \u0159adami strom\u016f a obklopena pruhy divok\u00fdch kv\u011btin.\u00a0N\u00e1sledn\u00e9 ovocn\u00e9 plodiny a meziplodiny tak\u00e9 hraj\u00ed d\u016fle\u017eitou roli v regenerativn\u00edm zem\u011bd\u011blstv\u00ed, tak\u017ee p\u016fda z\u016fst\u00e1v\u00e1 pokryta po cel\u00fd rok a obsah \u017eivin v p\u016fd\u011b je co nejv\u00edce vyrovnan\u00fd.\u201c<\/em><\/p>\n<p>Pozor!\u00a0<em>\u201eNa rozd\u00edl od ekologick\u00e9ho zem\u011bd\u011blstv\u00ed regenerativn\u00ed zem\u011bd\u011blstv\u00ed nezakazuje chemick\u00e9, syntetick\u00e9 pesticidy a chemick\u00e1 hnojiva.\u00a0Je to tedy p\u0159\u00edstup, kter\u00fd je tak\u00e9 obecn\u011b mo\u017en\u00fd pro konven\u010dn\u00ed farmy.\u00a0Regenera\u010dn\u00ed metody v\u0161ak mohou b\u00fdt pob\u00eddkou pro konven\u010dn\u00ed farmy, aby fungovaly udr\u017eiteln\u011bji, a v nejlep\u0161\u00edm p\u0159\u00edpad\u011b je mohou dokonce v\u00e9st k p\u0159echodu na ekologick\u00e9 metody s regenera\u010dn\u00edmi c\u00edli.\u201c<\/em><\/p>\n<p><em>\u201eMysl\u00edm, \u017ee nejde ani tak o to, jakou terminologii pou\u017eijeme, jako o to, abychom pochopili z\u00e1kladn\u00ed v\u00fdzvu, na\u0161li spole\u010dn\u00fd z\u00e1klad mezi organick\u00fdm a regenerativn\u00edm p\u0159\u00edstupem a zjistili, jak ud\u011blat maximum s nejlep\u0161\u00edm vyu\u017eit\u00edm potenci\u00e1lu,\u201c<\/em>\u00a0vysv\u011btluje B\u00f6sel.<\/p>\n<p>Palm dod\u00e1v\u00e1:\u00a0<em>\u201ePro m\u011b je organick\u00e9 minim\u00e1ln\u00ed standard.\u00a0Organick\u00e9 p\u0159\u00edstupy ale \u010dasto st\u00e1le p\u0159em\u00fd\u0161lej\u00ed o stejn\u00fdch star\u00fdch struktur\u00e1ch \u2013 v\u017edy\u0165 jsme dosud nebyli schopni dostate\u010dn\u011b zabr\u00e1nit erozi p\u016fdy, zadr\u017eovat vodu na pol\u00edch a obnovovat \u00farodnost p\u016fdy.\u00a0V tom pom\u00e1h\u00e1 regenerativn\u00ed zem\u011bd\u011blstv\u00ed, kter\u00e9 se sna\u017e\u00ed napodobovat p\u0159\u00edrodn\u00ed ekosyst\u00e9my, jak jen to jde.\u201c<\/em><\/p>\n<p><em>\u201eV ka\u017ed\u00e9m p\u0159\u00edpad\u011b mus\u00ed b\u00fdt na\u0161\u00edm c\u00edlem d\u00edvat se na to jako na celek.\u00a0Nesta\u010d\u00ed n\u011bjak kompenzovat emise oxidu uhli\u010dit\u00e9ho \u2013 jin\u00fdmi slovy, pokud se spole\u010dnost naz\u00fdv\u00e1 klimaticky neutr\u00e1ln\u00ed, ale st\u00e1le po\u0161kozuje biologickou rozmanitost.\u00a0Proto\u017ee jedinou spolehlivou pojistkou do budoucna je zdrav\u00e1 p\u016fda a neporu\u0161en\u00fd ekosyst\u00e9m,\u201c<\/em>\u00a0\u0159\u00edk\u00e1 B\u00f6sel.<\/p>\n<p><a href=\"https:\/\/www.biofach.de\/en\/knowledge-inspiration\/2024\/article\/biofach-humus-rescue-the-future\">https:\/\/www.biofach.de\/en\/knowledge-inspiration\/2024\/article\/biofach-humus-rescue-the-future<\/a><\/p>\n<p>Agrolesnictv\u00ed zat\u00edm v\u00a0na\u0161em zem\u011bd\u011blsk\u00e9m syst\u00e9mu nem\u00e1me. V\u00a0pr\u016fhonick\u00e9m V\u00fdzkumn\u00e9m \u00fastavu krajiny a okrasn\u00e9ho zahradnictv\u00ed, kter\u00fd se tomuto oboru v\u011bnuje v\u00fdzkumn\u011b, u\u017e t\u0159i roky z\u00e1rove\u0148 zkou\u0161ej\u00ed jeden dopln\u011bk, kter\u00fd pom\u00e1h\u00e1 \u0159e\u0161it probl\u00e9my s\u00a0drahou energi\u00ed. Je to agrovoltaika, panely na svislo rozs\u00e1zen\u00e9 mezi stromy. Podle m\u011b\u0159en\u00ed \u010cVUT to m\u016f\u017ee fungovat i v\u00a0m\u00edrn\u00e9m zast\u00edn\u011bn\u00ed. Elekt\u0159inu lze spot\u0159ebovat v\u00a0m\u00edst\u011b, t\u0159eba na su\u0161en\u00ed. Nebo chlazen\u00ed. Nebo pro zavla\u017eovac\u00ed \u010derpadla. A pro pohon motor\u016f.<\/p>\n<p>Mohly by se vr\u00e1tit su\u0161\u00e1rny, konzerv\u00e1rny, mraz\u00edrny a dal\u0161\u00ed zpracovny prim\u00e1rn\u00ed zem\u011bd\u011blsk\u00e9 produkce, kter\u00e9 jsou p\u0159i dne\u0161n\u00edch cen\u00e1ch elekt\u0159iny nedostupn\u00e9. Pomoc\u00ed vlastn\u00ed elekt\u0159iny m\u016f\u017ee do syst\u00e9mu pronikat vy\u0161\u0161\u00ed p\u0159idan\u00e1 hodnota a s\u00a0n\u00ed lep\u0161\u00ed pen\u00edze.<\/p>\n<p>Ve V\u00fdzkumn\u00e9m \u00fastavu zem\u011bd\u011blsk\u00e9 techniky zkou\u0161ej\u00ed svisl\u00e9 panely p\u0159i\u0161roubovan\u00e9 k\u00a0d\u0159ev\u011bn\u00e9 konstrukci, k jednoduch\u00fdm hranol\u016fm zara\u017een\u00fdm do zem\u011b. Je to mnohem levn\u011bj\u0161\u00ed, ne\u017e by si kdo pomyslel. M\u016f\u017ee se to nas\u00e1zet na travnat\u00e9 p\u00e1sy s\u00a0p\u016fdou do\u010dasn\u011b v\u00a0klidu, a pak vyt\u00e1hnout a nas\u00e1zet jinam. To u\u017e nen\u00ed opruz gr\u00fdnd\u00fdlu, ale v\u00edtan\u00fd dopln\u011bk hospoda\u0159en\u00ed.<\/p>\n<p>V\u00a0zem\u011bd\u011blstv\u00ed je toho t\u0159eba hodn\u011b zm\u011bnit. M\u011bl by to d\u011blat n\u011bkdo, kdo tomu rozum\u00ed a sleduje skute\u010dn\u00e9 pot\u0159eby lid\u00ed, nejenom velk\u00e9 prachy pro velk\u00e9 kluky a pochopiteln\u011b pro volebn\u00ed fondy. Zem\u011bd\u011blsk\u00fd elektor\u00e1t nejsou jen traktory, ale i jejich sousedi nebo bli\u017e\u0161\u00ed \u010di vzd\u00e1len\u011bj\u0161\u00ed spot\u0159ebitel\u00e9. Kupky hnoje m\u016f\u017eou p\u0159ekvapit.<\/p>\n<p><a href=\"https:\/\/vasevec.info\/domaci-politika\/volby-se-vyhravaji-jinde-nez-u-kupky-hnoje\">Zbyn\u011bk Fiala<\/a><\/p>\n<p><img decoding=\"async\" loading=\"lazy\" class=\"alignnone size-medium wp-image-18520\" src=\"http:\/\/www.infokuryr.cz\/n\/wp-content\/uploads\/2022\/11\/zbynek-fiala-300x208.jpg\" alt=\"\" width=\"300\" height=\"208\" srcset=\"https:\/\/www.infokuryr.cz\/n\/wp-content\/uploads\/2022\/11\/zbynek-fiala-300x208.jpg 300w, https:\/\/www.infokuryr.cz\/n\/wp-content\/uploads\/2022\/11\/zbynek-fiala.jpg 318w\" sizes=\"(max-width: 300px) 100vw, 300px\" \/><\/p>\n<p>&nbsp;<\/p>\n","protected":false},"excerpt":{"rendered":"<p>Kdo by se staral o dvouprocentn\u00ed elektor\u00e1t zem\u011bd\u011blc\u016f, kter\u00fd \u010dasto ani nesleze z traktoru, aby&#8230;<\/p>\n","protected":false},"author":2,"featured_media":47330,"comment_status":"closed","ping_status":"closed","sticky":false,"template":"","format":"standard","meta":[],"categories":[6],"tags":[1042,59,41,122,2532],"_links":{"self":[{"href":"https:\/\/www.infokuryr.cz\/n\/wp-json\/wp\/v2\/posts\/47556"}],"collection":[{"href":"https:\/\/www.infokuryr.cz\/n\/wp-json\/wp\/v2\/posts"}],"about":[{"href":"https:\/\/www.infokuryr.cz\/n\/wp-json\/wp\/v2\/types\/post"}],"author":[{"embeddable":true,"href":"https:\/\/www.infokuryr.cz\/n\/wp-json\/wp\/v2\/users\/2"}],"replies":[{"embeddable":true,"href":"https:\/\/www.infokuryr.cz\/n\/wp-json\/wp\/v2\/comments?post=47556"}],"version-history":[{"count":0,"href":"https:\/\/www.infokuryr.cz\/n\/wp-json\/wp\/v2\/posts\/47556\/revisions"}],"wp:featuredmedia":[{"embeddable":true,"href":"https:\/\/www.infokuryr.cz\/n\/wp-json\/wp\/v2\/media\/47330"}],"wp:attachment":[{"href":"https:\/\/www.infokuryr.cz\/n\/wp-json\/wp\/v2\/media?parent=47556"}],"wp:term":[{"taxonomy":"category","embeddable":true,"href":"https:\/\/www.infokuryr.cz\/n\/wp-json\/wp\/v2\/categories?post=47556"},{"taxonomy":"post_tag","embeddable":true,"href":"https:\/\/www.infokuryr.cz\/n\/wp-json\/wp\/v2\/tags?post=47556"}],"curies":[{"name":"wp","href":"https:\/\/api.w.org\/{rel}","templated":true}]}}