{"id":47553,"date":"2024-02-21T00:33:09","date_gmt":"2024-02-20T23:33:09","guid":{"rendered":"https:\/\/www.infokuryr.cz\/n\/?p=47553"},"modified":"2024-02-20T18:55:00","modified_gmt":"2024-02-20T17:55:00","slug":"panicka-hruza-vlady-cnn-prima-news-pusti-neoverene-kompro-na-jandejska-a-policie-je-necinna","status":"publish","type":"post","link":"https:\/\/www.infokuryr.cz\/n\/2024\/02\/21\/panicka-hruza-vlady-cnn-prima-news-pusti-neoverene-kompro-na-jandejska-a-policie-je-necinna\/","title":{"rendered":"Panick\u00e1 hr\u016fza vl\u00e1dy? CNN Prima NEWS pust\u00ed neov\u011b\u0159en\u00e9 kompro na Jandejska a policie je ne\u010dinn\u00e1?"},"content":{"rendered":"<div id=\"fb-root\"><\/div>\n<div class=\"introtext\">\n<p><span style=\"font-size: 14pt;\"><strong>Nov\u00e1 taktika: &#8222;Antirajchl&#8220;! Babi\u0161 u\u017e jim utekl. A to \u010dek\u00e1 ka\u017ed\u00e9ho, kdo si s Rajchlem t\u0159eba jenom pod\u00e1 ruku. B\u00fdval\u00fd prezident Agr\u00e1rn\u00ed komory Zden\u011bk Jandejsek je prorusk\u00fd kolaborant, \u0159ekl v ned\u011bln\u00ed Partii na CNN Prima NEWS\u00a0 europoslanec Alexandr Vondra (ODS). A vyt\u00e1hl kompro.<\/strong><\/span><\/p>\n<\/div>\n<div class=\"fulltext\">\n<p>Ve studiu uk\u00e1zal dopis, v n\u011bm\u017e m\u011bl\u00a0<strong>\u00daDAJN\u011a<\/strong>\u00a0Jandejsek t\u00fdden po vypuknut\u00ed v\u00e1lky na Ukrajin\u011b nab\u00edzet Rusku sv\u00e9 slu\u017eby. Rusk\u00e9mu velvyslanci nab\u00edz\u00ed v podstat\u011b kolaboraci,\u201c dodal m\u00edstop\u0159edseda ODS<strong>\u00a0pan ProMoPro alias Vondra<\/strong>, kter\u00fd byl z\u00e1hadn\u011b ze stamilionov\u00e9 kauzy vyjmut jako beztrestn\u00fd.<\/p>\n<table>\n<tbody>\n<tr>\n<td>\u201eNev\u00edm, jestli je to fake. Nem\u00e1m mo\u017enost to ov\u011b\u0159it. M\u016f\u017eete se pana Jandejska zeptat, j\u00e1 s n\u00edm nemluv\u00edm. M\u011b ten dopis ale nijak nep\u0159ekvapil.\u201c\u0161klebil se a posm\u00edval Vondra viz foto v \u00favodu, ani\u017e by u\u017e u vchodu na n\u011bj \u010dekala policie.<\/td>\n<\/tr>\n<\/tbody>\n<\/table>\n<p>A anti\u010desk\u00fd manipul\u00e1tor\u00a0<strong>Petros Michopulos<\/strong> se t\u0159\u00edsk\u00e1 sm\u00edchy, na rozd\u00edl od voleb, kdy zu\u0159il,<strong>\u00a0jak\u00fdm pr\u00e1vem se drze Jana Zwirtek Hamplov\u00e1 dostala do Sen\u00e1tu a KDU-\u010cSL ji neum\u011bla vykopat.<\/strong><\/p>\n<p><span style=\"font-size: 18pt;\"><strong>\u010ct\u011bte pozorn\u011b: volebn\u00ed hn\u016fj v politice u\u017e jede na 200%<\/strong><\/span><\/p>\n<p><img decoding=\"async\" loading=\"lazy\" class=\"aligncenter\" src=\"https:\/\/www.skrytapravda.cz\/images\/blogy\/805\/2024\/2unor\/Sn%C3%ADmek_obrazovky_10375_0029c.webp\" alt=\"Sn\u00edmek obrazovky 10375 0029c\" width=\"544\" height=\"622\" \/><\/p>\n<p><strong>___________________________________________________<\/strong><\/p>\n<p>To ve\u0159ejn\u00e9 m\u00edn\u011bn\u00ed, a co se bude d\u00edt mezi n\u00e1mi se \u010dasto d\u011bje tam, o \u010dem v\u011bt\u0161ina n\u00e1roda ani netu\u0161\u00ed.\u00a0<strong>To oni vytv\u00e1\u0159\u00ed seznamy t\u011bch, kter\u00fdm se daj\u00ed palce nahoru, a kter\u00fdm dol\u016f.<\/strong>\u00a0A volebn\u00ed l\u00edstky u\u017e dnes jsou jenom t\u00edm, kam n\u00e1m jednotliv\u00e9 osoby nahraj\u00ed.<\/p>\n<p>Nyn\u00ed jsou volby\u00a0<strong>&#8222;Antirajchl&#8220;<\/strong>\u00a0a bude t\u0159eba zam\u00e9st s ka\u017ed\u00fdm, kdo se s Rajchlem setkal.\u00a0<strong>Je nutn\u00e9 Rajchla izolovat, mus\u00ed z\u016fstat s\u00e1m a t\u00edm se politicky znemo\u017enit.<\/strong><\/p>\n<p><strong>Nebude v pr\u016fzkumech, v masm\u00e9di\u00edch, nikde!<\/strong><\/p>\n<p>A to, co \u0161mejd Vondra ud\u011blal na Jandejska,<strong>\u00a0bude \u010dekat ka\u017ed\u00e9ho, kdo si jen pod\u00e1 ruku s Jind\u0159ichem Rajchlem.<\/strong>\u00a0A je i na n\u00e1s, zda Jind\u0159icha Rajchla budeme p\u0159ed t\u011bmi drbany markent\u00e9ry br\u00e1nit, nebo se budeme b\u00e1t k\u0159iv\u00e9ho obvin\u011bn\u00ed, a op\u011bt zvol\u00edme nejhor\u0161\u00ed z nejhor\u0161\u00edch, kte\u0159\u00ed u\u017e op\u011bt jedou kulometnou palbu podvod\u016f, hnoje a smradlav\u00e9 stoky pomluv.<\/p>\n<p><span style=\"font-size: 18pt; color: #ff0000;\"><strong>Dareb\u00e1k Vondra budi\u017e mementem, kam jejich hn\u016fj m\u016f\u017ee dot\u00e9ct.<\/strong><\/span><\/p>\n<p><a href=\"https:\/\/www.skrytapravda.cz\/z-domova\/1736-panicka-hruza-vlady-cnn-prima-news-uz-pusti-neoverene-kompro-na-jandejska-a-policie-je-necinna\">Petr Pokorn\u00fd<\/a><\/p>\n<\/div>\n<p>&nbsp;<\/p>\n<p><a href=\"https:\/\/stranapro.cz\/\"><img decoding=\"async\" loading=\"lazy\" class=\"wp-image-40286 aligncenter\" src=\"http:\/\/www.infokuryr.cz\/n\/wp-content\/uploads\/2023\/11\/12pro-300x87.png\" alt=\"\" width=\"948\" height=\"275\" srcset=\"https:\/\/www.infokuryr.cz\/n\/wp-content\/uploads\/2023\/11\/12pro-300x87.png 300w, https:\/\/www.infokuryr.cz\/n\/wp-content\/uploads\/2023\/11\/12pro.png 366w\" sizes=\"(max-width: 948px) 100vw, 948px\" \/><\/a><\/p>\n<p>&nbsp;<\/p>\n<p>&nbsp;<\/p>\n","protected":false},"excerpt":{"rendered":"<p>Nov\u00e1 taktika: &#8222;Antirajchl&#8220;! Babi\u0161 u\u017e jim utekl. A to \u010dek\u00e1 ka\u017ed\u00e9ho, kdo si s Rajchlem&#8230;<\/p>\n","protected":false},"author":2,"featured_media":47554,"comment_status":"closed","ping_status":"closed","sticky":false,"template":"","format":"standard","meta":[],"categories":[6],"tags":[542,192,122,5272],"_links":{"self":[{"href":"https:\/\/www.infokuryr.cz\/n\/wp-json\/wp\/v2\/posts\/47553"}],"collection":[{"href":"https:\/\/www.infokuryr.cz\/n\/wp-json\/wp\/v2\/posts"}],"about":[{"href":"https:\/\/www.infokuryr.cz\/n\/wp-json\/wp\/v2\/types\/post"}],"author":[{"embeddable":true,"href":"https:\/\/www.infokuryr.cz\/n\/wp-json\/wp\/v2\/users\/2"}],"replies":[{"embeddable":true,"href":"https:\/\/www.infokuryr.cz\/n\/wp-json\/wp\/v2\/comments?post=47553"}],"version-history":[{"count":1,"href":"https:\/\/www.infokuryr.cz\/n\/wp-json\/wp\/v2\/posts\/47553\/revisions"}],"predecessor-version":[{"id":47555,"href":"https:\/\/www.infokuryr.cz\/n\/wp-json\/wp\/v2\/posts\/47553\/revisions\/47555"}],"wp:featuredmedia":[{"embeddable":true,"href":"https:\/\/www.infokuryr.cz\/n\/wp-json\/wp\/v2\/media\/47554"}],"wp:attachment":[{"href":"https:\/\/www.infokuryr.cz\/n\/wp-json\/wp\/v2\/media?parent=47553"}],"wp:term":[{"taxonomy":"category","embeddable":true,"href":"https:\/\/www.infokuryr.cz\/n\/wp-json\/wp\/v2\/categories?post=47553"},{"taxonomy":"post_tag","embeddable":true,"href":"https:\/\/www.infokuryr.cz\/n\/wp-json\/wp\/v2\/tags?post=47553"}],"curies":[{"name":"wp","href":"https:\/\/api.w.org\/{rel}","templated":true}]}}