{"id":47550,"date":"2024-02-21T00:50:18","date_gmt":"2024-02-20T23:50:18","guid":{"rendered":"https:\/\/www.infokuryr.cz\/n\/?p=47550"},"modified":"2024-02-20T18:48:31","modified_gmt":"2024-02-20T17:48:31","slug":"v-parizi-stavkuji-zamestnanci-eiffelovy-veze","status":"publish","type":"post","link":"https:\/\/www.infokuryr.cz\/n\/2024\/02\/21\/v-parizi-stavkuji-zamestnanci-eiffelovy-veze\/","title":{"rendered":"V Pa\u0159\u00ed\u017ei st\u00e1vkuj\u00ed zam\u011bstnanci Eiffelovy v\u011b\u017ee"},"content":{"rendered":"<div id=\"fb-root\"><\/div>\n<p class=\"lead\"><strong>Nejzn\u00e1m\u011bj\u0161\u00ed pa\u0159\u00ed\u017esk\u00e1 turistick\u00e1 atrakce se ji\u017e druh\u00fd den po sob\u011b neotev\u0159ela.<\/strong><\/p>\n<p><span>Odbory protestuj\u00ed proti ekonomick\u00e9 spr\u00e1v\u011b budovy, zat\u00edmco magistr\u00e1t francouzsk\u00e9ho hlavn\u00edho m\u011bsta, kter\u00fd je hlavn\u00edm akcion\u00e1\u0159em provozovatele &#8222;v sou\u010dasnosti odm\u00edt\u00e1 vyjedn\u00e1vat&#8220;, uvedl svaz.<\/span><\/p>\n<p><span>Uzav\u0159en\u00ed v\u011b\u017ee p\u0159il\u00e1kalo tis\u00edce n\u00e1v\u0161t\u011bvn\u00edk\u016f p\u0159ev\u00e1\u017en\u011b ze zahrani\u010d\u00ed. Podle s\u010d\u00edt\u00e1n\u00ed lidu z roku 2023 tvo\u0159\u00ed zahrani\u010dn\u00ed turist\u00e9 80 % n\u00e1v\u0161t\u011bvn\u00edk\u016f Eiffelovy v\u011b\u017ee.<\/span><\/p>\n<p><span>P\u011bt m\u011bs\u00edc\u016f p\u0159ed olympijsk\u00fdmi hrami v Pa\u0159\u00ed\u017ei (26. \u010dervence \u2013 11. srpna) odbory po\u017eaduj\u00ed, aby magistr\u00e1t zm\u011bnil model, kter\u00fd je pro pracovn\u00edky obsluhuj\u00edc\u00ed Eiffelovu v\u011b\u017e \u201enep\u0159ijateln\u00fd\u201c. Uvedli, \u017ee kancel\u00e1\u0159 starosty bude \u201esledovat ziskovost za ka\u017edou cenu a v kr\u00e1tkodob\u00e9m horizontu\u201c a po\u017e\u00e1dali veden\u00ed, aby m\u00edsto toho \u201ezajistilo dlouhodobou budoucnost pam\u00e1tky a spole\u010dnosti, kter\u00e1 ji spravuje\u201c.<\/span><\/p>\n<p><span>Pohledy na Eiffelovu v\u011b\u017e byly naposledy pozastaveny 27. prosince, st\u00e9ho v\u00fdro\u010d\u00ed \u00famrt\u00ed design\u00e9ra\u00a0<\/span><strong><span>Gustava Eiffela<\/span><\/strong><span>\u00a0. Ekonomick\u00e1 bilance Eiffelovy v\u011b\u017ee, kter\u00e1 v roce 2023 vid\u011bla o 6,3 milionu n\u00e1v\u0161t\u011bvn\u00edk\u016f v\u00edce ne\u017e p\u0159ed pandemi\u00ed koronaviru, se je\u0161t\u011b nezotavila kv\u016fli ztr\u00e1t\u00e1m tr\u017eeb ve v\u00fd\u0161i 120 milion\u016f eur v letech 2020 a 2021 v d\u016fsledku pandemie.<\/span><\/p>\n<p><span>Aby se situace zlep\u0161ila, byla v\u011b\u017e v roce 2021 rekapitalizov\u00e1na o 60 milion\u016f \u20ac, ale krom\u011b v\u00fdpadku p\u0159\u00edjm\u016f jsou dodate\u010dn\u00e9 n\u00e1klady ve v\u00fd\u0161i 130 milion\u016f \u20ac zp\u016fsobeny pokra\u010duj\u00edc\u00edmi mal\u00ed\u0159sk\u00fdmi pracemi na Eiffelov\u011b v\u011b\u017ei.<\/span><\/p>\n<p><img decoding=\"async\" loading=\"lazy\" class=\"alignnone size-full wp-image-1185\" src=\"http:\/\/www.infokuryr.cz\/n\/wp-content\/uploads\/2021\/04\/kuryr-podpis.png\" alt=\"\" width=\"84\" height=\"24\" \/><\/p>\n<p>&nbsp;<\/p>\n<p>&nbsp;<\/p>\n","protected":false},"excerpt":{"rendered":"<p>Nejzn\u00e1m\u011bj\u0161\u00ed pa\u0159\u00ed\u017esk\u00e1 turistick\u00e1 atrakce se ji\u017e druh\u00fd den po sob\u011b neotev\u0159ela. Odbory protestuj\u00ed proti ekonomick\u00e9&#8230;<\/p>\n","protected":false},"author":2,"featured_media":47551,"comment_status":"closed","ping_status":"closed","sticky":false,"template":"","format":"standard","meta":[],"categories":[7],"tags":[6827,362,951,4287],"_links":{"self":[{"href":"https:\/\/www.infokuryr.cz\/n\/wp-json\/wp\/v2\/posts\/47550"}],"collection":[{"href":"https:\/\/www.infokuryr.cz\/n\/wp-json\/wp\/v2\/posts"}],"about":[{"href":"https:\/\/www.infokuryr.cz\/n\/wp-json\/wp\/v2\/types\/post"}],"author":[{"embeddable":true,"href":"https:\/\/www.infokuryr.cz\/n\/wp-json\/wp\/v2\/users\/2"}],"replies":[{"embeddable":true,"href":"https:\/\/www.infokuryr.cz\/n\/wp-json\/wp\/v2\/comments?post=47550"}],"version-history":[{"count":1,"href":"https:\/\/www.infokuryr.cz\/n\/wp-json\/wp\/v2\/posts\/47550\/revisions"}],"predecessor-version":[{"id":47552,"href":"https:\/\/www.infokuryr.cz\/n\/wp-json\/wp\/v2\/posts\/47550\/revisions\/47552"}],"wp:featuredmedia":[{"embeddable":true,"href":"https:\/\/www.infokuryr.cz\/n\/wp-json\/wp\/v2\/media\/47551"}],"wp:attachment":[{"href":"https:\/\/www.infokuryr.cz\/n\/wp-json\/wp\/v2\/media?parent=47550"}],"wp:term":[{"taxonomy":"category","embeddable":true,"href":"https:\/\/www.infokuryr.cz\/n\/wp-json\/wp\/v2\/categories?post=47550"},{"taxonomy":"post_tag","embeddable":true,"href":"https:\/\/www.infokuryr.cz\/n\/wp-json\/wp\/v2\/tags?post=47550"}],"curies":[{"name":"wp","href":"https:\/\/api.w.org\/{rel}","templated":true}]}}