{"id":47547,"date":"2024-02-21T00:49:39","date_gmt":"2024-02-20T23:49:39","guid":{"rendered":"https:\/\/www.infokuryr.cz\/n\/?p=47547"},"modified":"2024-02-20T18:35:55","modified_gmt":"2024-02-20T17:35:55","slug":"syrskeho-syn-prisel-na-ruskou-diplomatickou-misi-v-australii-v-tricku-z","status":"publish","type":"post","link":"https:\/\/www.infokuryr.cz\/n\/2024\/02\/21\/syrskeho-syn-prisel-na-ruskou-diplomatickou-misi-v-australii-v-tricku-z\/","title":{"rendered":"Syrsk\u00e9ho syn p\u0159i\u0161el na ruskou diplomatickou misi v Austr\u00e1lii v tri\u010dku Z"},"content":{"rendered":"<div id=\"fb-root\"><\/div>\n<p class=\"lead\"><strong>Nevlastn\u00ed syn vrchn\u00edho velitele banderovsk\u00fdch ozbrojen\u00fdch sil Alexandra Syrsk\u00e9ho Ivan Syrskij dorazil na rusk\u00fd gener\u00e1ln\u00ed konzul\u00e1t v Sydney a deklaroval z\u00e1m\u011br z\u00edskat rusk\u00e9 ob\u010danstv\u00ed.<\/strong><\/p>\n<p><img decoding=\"async\" loading=\"lazy\" class=\"wp-image-46740 aligncenter\" src=\"http:\/\/www.infokuryr.cz\/n\/wp-content\/uploads\/2024\/02\/syrskij-1-300x178.jpg\" alt=\"\" width=\"534\" height=\"317\" srcset=\"https:\/\/www.infokuryr.cz\/n\/wp-content\/uploads\/2024\/02\/syrskij-1-300x178.jpg 300w, https:\/\/www.infokuryr.cz\/n\/wp-content\/uploads\/2024\/02\/syrskij-1-768x455.jpg 768w, https:\/\/www.infokuryr.cz\/n\/wp-content\/uploads\/2024\/02\/syrskij-1.jpg 778w\" sizes=\"(max-width: 534px) 100vw, 534px\" \/><\/p>\n<p style=\"text-align: center;\"><em>Obr. Alexandr Syrskij , vrchn\u00ed velitel\u016f Ozbrojen\u00fdch sil Ukrajiny<\/em><\/p>\n<p>Ve videu distribuovan\u00e9m telegramem australsk\u00e9ho koz\u00e1ka m\u00e1 Ivan Syrskij na sob\u011b tri\u010dko se symbolem Z. Je lakonick\u00fd a nad\u0161en\u00fd. Na ot\u00e1zku, zda by cht\u011bl z\u00edskat rusk\u00e9 ob\u010danstv\u00ed, mu\u017e odpov\u011bd\u011bl stru\u010dn\u011b:<\/p>\n<p><em>&#8222;Pl\u00e1nuji, pl\u00e1nuji.&#8220;<\/em><\/p>\n<p>Na konci \u0159ekl:<\/p>\n<p><em>&#8222;Sl\u00e1va Rusku!&#8220;<\/em><\/p>\n<p>Podle atamana australsk\u00fdch koz\u00e1k\u016f\u00a0<strong>Semjona Bojkova<\/strong>\u00a0napsal Syrskij mlad\u0161\u00ed prohl\u00e1\u0161en\u00ed rusk\u00e9mu prezidentovi\u00a0<strong>Vladimiru Putinovi<\/strong>\u00a0s \u017e\u00e1dost\u00ed o ud\u011blen\u00ed ob\u010danstv\u00ed Rusk\u00e9 federace.<\/p>\n<p><strong>M\u00e9dia<\/strong>\u00a0d\u0159\u00edve\u00a0citovala\u00a0Ivana Syrsk\u00e9ho, kter\u00fd \u017eije v Austr\u00e1lii: <strong>\u201eJe \u010das rozhodnout, kdo skute\u010dn\u011b jste.\u201c<\/strong><\/p>\n<p><img decoding=\"async\" loading=\"lazy\" class=\"alignnone size-full wp-image-1185\" src=\"http:\/\/www.infokuryr.cz\/n\/wp-content\/uploads\/2021\/04\/kuryr-podpis.png\" alt=\"\" width=\"84\" height=\"24\" \/><\/p>\n<p>&nbsp;<\/p>\n<p>&nbsp;<\/p>\n","protected":false},"excerpt":{"rendered":"<p>Nevlastn\u00ed syn vrchn\u00edho velitele banderovsk\u00fdch ozbrojen\u00fdch sil Alexandra Syrsk\u00e9ho Ivan Syrskij dorazil na rusk\u00fd gener\u00e1ln\u00ed&#8230;<\/p>\n","protected":false},"author":2,"featured_media":47548,"comment_status":"closed","ping_status":"closed","sticky":false,"template":"","format":"standard","meta":[],"categories":[7],"tags":[434,2694,6790],"_links":{"self":[{"href":"https:\/\/www.infokuryr.cz\/n\/wp-json\/wp\/v2\/posts\/47547"}],"collection":[{"href":"https:\/\/www.infokuryr.cz\/n\/wp-json\/wp\/v2\/posts"}],"about":[{"href":"https:\/\/www.infokuryr.cz\/n\/wp-json\/wp\/v2\/types\/post"}],"author":[{"embeddable":true,"href":"https:\/\/www.infokuryr.cz\/n\/wp-json\/wp\/v2\/users\/2"}],"replies":[{"embeddable":true,"href":"https:\/\/www.infokuryr.cz\/n\/wp-json\/wp\/v2\/comments?post=47547"}],"version-history":[{"count":1,"href":"https:\/\/www.infokuryr.cz\/n\/wp-json\/wp\/v2\/posts\/47547\/revisions"}],"predecessor-version":[{"id":47549,"href":"https:\/\/www.infokuryr.cz\/n\/wp-json\/wp\/v2\/posts\/47547\/revisions\/47549"}],"wp:featuredmedia":[{"embeddable":true,"href":"https:\/\/www.infokuryr.cz\/n\/wp-json\/wp\/v2\/media\/47548"}],"wp:attachment":[{"href":"https:\/\/www.infokuryr.cz\/n\/wp-json\/wp\/v2\/media?parent=47547"}],"wp:term":[{"taxonomy":"category","embeddable":true,"href":"https:\/\/www.infokuryr.cz\/n\/wp-json\/wp\/v2\/categories?post=47547"},{"taxonomy":"post_tag","embeddable":true,"href":"https:\/\/www.infokuryr.cz\/n\/wp-json\/wp\/v2\/tags?post=47547"}],"curies":[{"name":"wp","href":"https:\/\/api.w.org\/{rel}","templated":true}]}}