{"id":47545,"date":"2024-02-21T00:48:03","date_gmt":"2024-02-20T23:48:03","guid":{"rendered":"https:\/\/www.infokuryr.cz\/n\/?p=47545"},"modified":"2024-02-20T18:30:07","modified_gmt":"2024-02-20T17:30:07","slug":"sef-ruske-spionaze-komentuje-smrt-ruskeho-zradce-a-prebehlika-ve-spanelsku","status":"publish","type":"post","link":"https:\/\/www.infokuryr.cz\/n\/2024\/02\/21\/sef-ruske-spionaze-komentuje-smrt-ruskeho-zradce-a-prebehlika-ve-spanelsku\/","title":{"rendered":"\u0160\u00e9f rusk\u00e9 \u0161pion\u00e1\u017ee komentuje smrt rusk\u00e9ho zr\u00e1dce a p\u0159eb\u011bhl\u00edka ve \u0160pan\u011blsku"},"content":{"rendered":"<div id=\"fb-root\"><\/div>\n<p><span style=\"font-size: 18pt;\"><strong>Z voj\u00e1ka se stala \u201emor\u00e1ln\u00ed mrtvola\u201c v okam\u017eiku, kdy zradil svou zemi, \u0159ekl \u0161\u00e9f rusk\u00e9 zahrani\u010dn\u00ed rozv\u011bdky<\/strong><\/span><\/p>\n<p><span>Rusk\u00fd vojensk\u00fd pilot vrtuln\u00edku, kter\u00fd byl \u00fadajn\u011b zabit ve \u0160pan\u011blsku minul\u00fd t\u00fdden \u0161est m\u011bs\u00edc\u016f pot\u00e9, co p\u0159eb\u011bhl na Ukrajinu, byl\u00a0<\/span><em><span>\u201ezr\u00e1dce\u201c<\/span><\/em><span>\u00a0, kter\u00fd sp\u00e1chal\u00a0<\/span><em><span>\u201eohavn\u00fd zlo\u010din\u201c,<\/span><\/em><span>\u00a0\u0159ekl v \u00fater\u00fd \u0161\u00e9f rusk\u00e9 zahrani\u010dn\u00ed zpravodajsk\u00e9 slu\u017eby Sergej Nary\u0161kin.<\/span><\/p>\n<p><span>Maksim Kuzminov loni v srpnu unesl vrtuln\u00edk Mi-8 a odlet\u011bl s n\u00edm na Ukrajinu. Po p\u0159ist\u00e1n\u00ed byli jeho dva \u010dlenov\u00e9 pos\u00e1dky za nejasn\u00fdch okolnost\u00ed zabiti \u2013 ukrajinsk\u00e1 rozv\u011bdka uvedla, \u017ee byli\u00a0<\/span><em><span>\u201ezlikvidov\u00e1ni\u201c.<\/span><\/em><\/p>\n<p><span>Kdy\u017e byl Nary\u0161kin po\u017e\u00e1d\u00e1n, aby se vyj\u00e1d\u0159il k hl\u00e1\u0161en\u00e9 smrti p\u0159eb\u011bhl\u00edka, neposkytl \u017e\u00e1dn\u00fd n\u00e1zor na incident ve \u0160pan\u011blsku, pouze odsoudil Kuzminovovy \u010diny.<\/span><\/p>\n<p><em><span>\u201eJak je v Rusku zvykem, o zesnul\u00e9m se \u0159\u00edk\u00e1 jen dobr\u00e9 v\u011bci nebo nic. Tento zr\u00e1dce a zlo\u010dinec se ji\u017e stal mor\u00e1ln\u00ed mrtvolou od chv\u00edle, kdy zosnoval sv\u016fj \u0161pinav\u00fd a ohavn\u00fd zlo\u010din,\u201c<\/span><\/em><span> \u0159ekl Nary\u0161kin novin\u00e1\u0159\u016fm.<\/span><\/p>\n<p><span>O Kuzminovov\u011b smrti informovala v pond\u011bl\u00ed v\u00edce m\u00e9di\u00ed a rychle ji potvrdila ukrajinsk\u00e1 vojensk\u00e1 rozv\u011bdka. Pilot byl minul\u00fd t\u00fdden smrteln\u011b zast\u0159elen ve \u0161pan\u011blsk\u00e9m pob\u0159e\u017en\u00edm m\u011bst\u011b Villajoyosa, uvedla \u0161pan\u011blsk\u00e1 tiskov\u00e1 agentura EFE s odvol\u00e1n\u00edm na osoby bl\u00edzk\u00e9 vy\u0161et\u0159ov\u00e1n\u00ed.<\/span><\/p>\n<p><span>St\u0159elba ve Villajoyose byla \u0161iroce pokryta \u0161pan\u011blsk\u00fdmi m\u00e9dii, p\u0159i\u010dem\u017e ob\u011b\u0165 byla p\u016fvodn\u011b identifikov\u00e1na jako 33let\u00fd ukrajinsk\u00fd st\u00e1tn\u00ed p\u0159\u00edslu\u0161n\u00edk. \u00dadajn\u011b utrp\u011bl n\u011bkolik st\u0159eln\u00fdch zran\u011bn\u00ed a p\u0159ejelo ho auto. Vozidlo, o kter\u00e9m se p\u0159edpokl\u00e1d\u00e1, \u017ee bylo pou\u017eito p\u0159i z\u00e1sahu, bylo pozd\u011bji nalezeno zap\u00e1len\u00e9 v ur\u010dit\u00e9 vzd\u00e1lenosti od m\u00edsta \u010dinu.<\/span><\/p>\n<p><span>\u0158\u00edk\u00e1 se, \u017ee 28let\u00fd mlad\u00edk dostal ukrajinsk\u00e9 ob\u010danstv\u00ed a nen\u00ed jasn\u00e9, zda \u017eil ve \u0160pan\u011blsku pod fale\u0161n\u00fdm jm\u00e9nem. \u0160pan\u011blsk\u00e9 \u00fa\u0159ady zat\u00edm ofici\u00e1ln\u011b nepotvrdily toto\u017enost jedince zabit\u00e9ho ve Villajoyose.<\/span><\/p>\n<p><img decoding=\"async\" loading=\"lazy\" class=\"alignnone size-full wp-image-1185\" src=\"http:\/\/www.infokuryr.cz\/n\/wp-content\/uploads\/2021\/04\/kuryr-podpis.png\" alt=\"\" width=\"84\" height=\"24\" \/><\/p>\n<p>&nbsp;<\/p>\n<p>&nbsp;<\/p>\n","protected":false},"excerpt":{"rendered":"<p>Z voj\u00e1ka se stala \u201emor\u00e1ln\u00ed mrtvola\u201c v okam\u017eiku, kdy zradil svou zemi, \u0159ekl \u0161\u00e9f rusk\u00e9&#8230;<\/p>\n","protected":false},"author":2,"featured_media":47546,"comment_status":"closed","ping_status":"closed","sticky":false,"template":"","format":"standard","meta":[],"categories":[7],"tags":[1503,5311,1314,22,3213],"_links":{"self":[{"href":"https:\/\/www.infokuryr.cz\/n\/wp-json\/wp\/v2\/posts\/47545"}],"collection":[{"href":"https:\/\/www.infokuryr.cz\/n\/wp-json\/wp\/v2\/posts"}],"about":[{"href":"https:\/\/www.infokuryr.cz\/n\/wp-json\/wp\/v2\/types\/post"}],"author":[{"embeddable":true,"href":"https:\/\/www.infokuryr.cz\/n\/wp-json\/wp\/v2\/users\/2"}],"replies":[{"embeddable":true,"href":"https:\/\/www.infokuryr.cz\/n\/wp-json\/wp\/v2\/comments?post=47545"}],"version-history":[{"count":0,"href":"https:\/\/www.infokuryr.cz\/n\/wp-json\/wp\/v2\/posts\/47545\/revisions"}],"wp:featuredmedia":[{"embeddable":true,"href":"https:\/\/www.infokuryr.cz\/n\/wp-json\/wp\/v2\/media\/47546"}],"wp:attachment":[{"href":"https:\/\/www.infokuryr.cz\/n\/wp-json\/wp\/v2\/media?parent=47545"}],"wp:term":[{"taxonomy":"category","embeddable":true,"href":"https:\/\/www.infokuryr.cz\/n\/wp-json\/wp\/v2\/categories?post=47545"},{"taxonomy":"post_tag","embeddable":true,"href":"https:\/\/www.infokuryr.cz\/n\/wp-json\/wp\/v2\/tags?post=47545"}],"curies":[{"name":"wp","href":"https:\/\/api.w.org\/{rel}","templated":true}]}}