{"id":47538,"date":"2024-02-21T00:44:03","date_gmt":"2024-02-20T23:44:03","guid":{"rendered":"https:\/\/www.infokuryr.cz\/n\/?p=47538"},"modified":"2024-02-20T18:15:51","modified_gmt":"2024-02-20T17:15:51","slug":"kyjev-ukryl-pilota-defektoru-s-padelanymi-dokumenty-ve-spanelsku","status":"publish","type":"post","link":"https:\/\/www.infokuryr.cz\/n\/2024\/02\/21\/kyjev-ukryl-pilota-defektoru-s-padelanymi-dokumenty-ve-spanelsku\/","title":{"rendered":"Kyjev ukryl pilota defektoru s pad\u011blan\u00fdmi dokumenty ve \u0160pan\u011blsku"},"content":{"rendered":"<div id=\"fb-root\"><\/div>\n<p><strong><span>P\u0159edn\u00ed \u0161pan\u011blsk\u00e1 agentura EFE potvrdila, \u017ee p\u0159eb\u011bhlick\u00fd pilot Maxim\u00a0<\/span><a href=\"https:\/\/southfront.press\/suspicious-media-campaign-kiev-claimed-murder-of-russian-defector-pilot-in-spain\/\"><span>Kuzminov byl skute\u010dn\u011b zabit<\/span><\/a><span>\u00a0ve \u0160pan\u011blsku. S odvol\u00e1n\u00edm na n\u011bkter\u00e9 zdroje bl\u00edzk\u00e9 vy\u0161et\u0159ov\u00e1n\u00ed, p\u0159esto\u017ee dokumenty zesnul\u00e9ho pat\u0159ily jist\u00e9mu 33let\u00e9mu Ukrajinci, zesnul\u00fdm byl st\u00e1le stejn\u00fd Kuzminov. Zd\u00e1 se, \u017ee \u017eil ve \u0160pan\u011blsku pomoc\u00ed fale\u0161n\u00fdch dokument\u016f, kter\u00e9 pro n\u011bj byly vyrobeny na Ukrajin\u011b.<\/span><\/strong><\/p>\n<p><span>P\u0159eb\u011bhl\u00edk \u00fadajn\u011b \u017eil ve \u0160pan\u011blsku podle fale\u0161n\u00fdch dokument\u016f, kter\u00e9 vytvo\u0159ily speci\u00e1ln\u00ed slu\u017eby Ukrajiny. Kuzminov byl \u00fadajn\u011b zabit 6 (nebo 12) kulkami a pot\u00e9 po jeho t\u011ble p\u0159ejelo auto, ve kter\u00e9m st\u0159elci byli.<\/span><\/p>\n<p><span>\u0160pan\u011blsk\u00e9 org\u00e1ny \u010dinn\u00e9 v trestn\u00edm \u0159\u00edzen\u00ed zat\u00edm ofici\u00e1ln\u011b nepotvrdily zpr\u00e1vy o toto\u017enosti zesnul\u00e9ho.<\/span><\/p>\n<p><span>Hlavn\u00ed zpravodajsk\u00e9 \u0159editelstv\u00ed (GUR) d\u0159\u00edve potvrdilo, \u017ee Kuzminov zem\u0159el; ale nyn\u00ed ukrajinsk\u00e9 \u00fa\u0159ady nad\u00e1le komentuj\u00ed situaci a po\u010dkaj\u00ed na ofici\u00e1ln\u00ed prohl\u00e1\u0161en\u00ed \u0160pan\u011blska. \u0160pan\u011blsk\u00e9 \u00fa\u0159ady \u00fadajn\u011b tvrdily, \u017ee to bude Kyjev, kdo odhal\u00ed v\u00fdsledky vy\u0161et\u0159ov\u00e1n\u00ed.<\/span><\/p>\n<p><span>O nahl\u00e1\u0161en\u00e9m atent\u00e1tu na Kuzminova je st\u00e1le mnoho pochybnost\u00ed. Sp\u00ed\u0161e byl zabit nebo Kyjev pokra\u010duje v medi\u00e1ln\u00ed kampani zam\u011b\u0159en\u00e9 na ukryt\u00ed p\u0159eb\u011bhl\u00edka, kter\u00e9mu bylo sl\u00edbeno zaplatit 500 tis\u00edc eur za vyd\u00e1n\u00ed rusk\u00e9ho vrtuln\u00edku a zabit\u00ed pos\u00e1dky. Skute\u010dnost, \u017ee se mu\u017e p\u0159est\u011bhoval do \u0160pan\u011blska s fale\u0161n\u00fdmi doklady, v\u0161ak Madrid a \u0161pan\u011blskou ve\u0159ejnost pravd\u011bpodobn\u011b nepot\u011b\u0161\u00ed. T\u00fddenn\u00ed ticho po atent\u00e1tu je nyn\u00ed jasn\u00e9.<\/span><\/p>\n<p><span>V\u011bd\u011bl Madrid, \u017ee tam ten mu\u017e \u017eije s fale\u0161n\u00fdm pasem? Jak\u00fd z\u00e1kon tedy upravuje vstup a pobyt s pad\u011blan\u00fdmi doklady v zem\u00edch EU? Souhlas\u00ed \u0161pan\u011bl\u0161t\u00ed ob\u010dan\u00e9 s rizikem jejich \u017eivot\u016f, kdy\u017e jejich \u00fa\u0159ady skr\u00fdvaj\u00ed ukrajinsk\u00e9 zlo\u010dince za sv\u00e9 sousedy?<\/span><\/p>\n<p><img decoding=\"async\" loading=\"lazy\" class=\"alignnone size-full wp-image-1185\" src=\"http:\/\/www.infokuryr.cz\/n\/wp-content\/uploads\/2021\/04\/kuryr-podpis.png\" alt=\"\" width=\"84\" height=\"24\" \/><\/p>\n<p>&nbsp;<\/p>\n<p>&nbsp;<\/p>\n","protected":false},"excerpt":{"rendered":"<p>P\u0159edn\u00ed \u0161pan\u011blsk\u00e1 agentura EFE potvrdila, \u017ee p\u0159eb\u011bhlick\u00fd pilot Maxim\u00a0Kuzminov byl skute\u010dn\u011b zabit\u00a0ve \u0160pan\u011blsku. S odvol\u00e1n\u00edm&#8230;<\/p>\n","protected":false},"author":2,"featured_media":47539,"comment_status":"closed","ping_status":"closed","sticky":false,"template":"","format":"standard","meta":[],"categories":[7],"tags":[1314,440,6826,184,3213],"_links":{"self":[{"href":"https:\/\/www.infokuryr.cz\/n\/wp-json\/wp\/v2\/posts\/47538"}],"collection":[{"href":"https:\/\/www.infokuryr.cz\/n\/wp-json\/wp\/v2\/posts"}],"about":[{"href":"https:\/\/www.infokuryr.cz\/n\/wp-json\/wp\/v2\/types\/post"}],"author":[{"embeddable":true,"href":"https:\/\/www.infokuryr.cz\/n\/wp-json\/wp\/v2\/users\/2"}],"replies":[{"embeddable":true,"href":"https:\/\/www.infokuryr.cz\/n\/wp-json\/wp\/v2\/comments?post=47538"}],"version-history":[{"count":0,"href":"https:\/\/www.infokuryr.cz\/n\/wp-json\/wp\/v2\/posts\/47538\/revisions"}],"wp:featuredmedia":[{"embeddable":true,"href":"https:\/\/www.infokuryr.cz\/n\/wp-json\/wp\/v2\/media\/47539"}],"wp:attachment":[{"href":"https:\/\/www.infokuryr.cz\/n\/wp-json\/wp\/v2\/media?parent=47538"}],"wp:term":[{"taxonomy":"category","embeddable":true,"href":"https:\/\/www.infokuryr.cz\/n\/wp-json\/wp\/v2\/categories?post=47538"},{"taxonomy":"post_tag","embeddable":true,"href":"https:\/\/www.infokuryr.cz\/n\/wp-json\/wp\/v2\/tags?post=47538"}],"curies":[{"name":"wp","href":"https:\/\/api.w.org\/{rel}","templated":true}]}}