{"id":47508,"date":"2024-02-21T00:38:13","date_gmt":"2024-02-20T23:38:13","guid":{"rendered":"https:\/\/www.infokuryr.cz\/n\/?p=47508"},"modified":"2024-02-20T17:01:44","modified_gmt":"2024-02-20T16:01:44","slug":"rozbil-ji-lebku-o-zed-migrant-odsouzen-k-15-letum-vezeni-za-znasilneni-starsi-zeny-a-rozbiti-lebky-dalsi-86lete-zeny-ve-spanku","status":"publish","type":"post","link":"https:\/\/www.infokuryr.cz\/n\/2024\/02\/21\/rozbil-ji-lebku-o-zed-migrant-odsouzen-k-15-letum-vezeni-za-znasilneni-starsi-zeny-a-rozbiti-lebky-dalsi-86lete-zeny-ve-spanku\/","title":{"rendered":"\u201eRozbil j\u00ed lebku o ze\u010f\u201c \u2013 Migrant odsouzen k 15 let\u016fm v\u011bzen\u00ed za zn\u00e1siln\u011bn\u00ed star\u0161\u00ed \u017eeny a rozbit\u00ed lebky dal\u0161\u00ed 86let\u00e9 \u017eeny ve sp\u00e1nku"},"content":{"rendered":"<div id=\"fb-root\"><\/div>\n<p><span style=\"font-size: 14pt;\"><strong>Negramotn\u00fd ileg\u00e1ln\u00ed migrant je obvin\u011bn ze zn\u00e1siln\u011bn\u00ed 86let\u00e9 \u017eeny p\u0159i druh\u00e9m \u00fatoku, ale person\u00e1l nemocnice ozn\u00e1mil, \u017ee ob\u011b\u0165 je p\u0159\u00edli\u0161 star\u00e1 na to, aby ji provedli vy\u0161et\u0159en\u00ed<\/strong><\/span><\/p>\n<p><span>Marock\u00fd migrant byl odsouzen k 15 let\u016fm v\u011bzen\u00ed za dva p\u0159\u00edpady z roku 2020, kdy vtrhl do pokoje 62let\u00e9 \u017eeny a zn\u00e1silnil ji, a pot\u00e9 o m\u011bs\u00edce pozd\u011bji \u00fadajn\u011b zbil dal\u0161\u00ed \u017eenu, 86 let. brut\u00e1ln\u00ed \u00fatok.<\/span><\/p>\n<p><span>Podez\u0159el\u00fd Ramzan R. je negramotn\u00fd marock\u00fd migrant, kter\u00fd neleg\u00e1ln\u011b dorazil do Francie v prosinci 2019 pot\u00e9, co se toulal Tureckem, Slovenskem a Polskem. Soud ur\u010dil, \u017ee dne 13. dubna 2020 se ve 2 hodiny r\u00e1no ve m\u011bst\u011b Bondy vloupal do domu 62let\u00e9 \u017eeny a n\u00e1sledn\u011b ji spolu s komplicem napadl. T\u011b\u017ek\u00e1 zkou\u0161ka v\u0161ak neskon\u010dila. Ramzan R. se pot\u00e9 vr\u00e1til v 7:00 a \u017eenu zn\u00e1silnil.<\/span><\/p>\n<p><span>Pot\u00e9, o osm m\u011bs\u00edc\u016f pozd\u011bji, mu\u017e vnikl do domu 86let\u00e9 \u017eeny a ve stejn\u00e9m m\u011bst\u011b ji brut\u00e1ln\u011b napadl.<\/span><\/p>\n<p><span>\u017denu, kter\u00e1 mezit\u00edm zem\u0159ela, zastupoval u soudu pr\u00e1vni\u010dka Anne Rossi, kter\u00e1 \u0159ekla: &#8222;Rozbil j\u00ed lebku o ze\u010f,&#8220; a dodala, \u017ee \u017eena &#8222;m\u011bla mod\u0159iny po cel\u00e9m t\u011ble.&#8220;<\/span><\/p>\n<p><span>Zas\u00e1hl soused, kter\u00fd sly\u0161el k\u0159ik, a kdy\u017e ve\u0161el do domu, vid\u011bl, jak si Ramzan R. rychle nahuje kalhoty a vst\u00e1v\u00e1 z ob\u011bti.<\/span><\/p>\n<p><span>Vy\u0161et\u0159ovatel\u00e9 se domn\u00edvaj\u00ed, \u017ee 86let\u00e1 ob\u011b\u0165 byla zn\u00e1siln\u011bna, ale person\u00e1l nemocnice neprovedl vy\u0161et\u0159en\u00ed ke shrom\u00e1\u017ed\u011bn\u00ed d\u016fkaz\u016f s t\u00edm, \u017ee \u017eena je p\u0159\u00edli\u0161 star\u00e1. \u017dena zem\u0159ela o t\u0159i roky pozd\u011bji, v roce 2023.<\/span><\/p>\n<p><span>&#8222;V\u0161ichni jsou p\u0159esv\u011bd\u010deni, \u017ee byla zn\u00e1siln\u011bna,&#8220; \u0159ekla Anne Rossi b\u011bhem soudu s mu\u017eem. Rossi \u0159ekla, \u017ee smrt o t\u0159i roky pozd\u011bji byla \u010d\u00e1ste\u010dn\u011b zp\u016fsobena zn\u00e1siln\u011bn\u00edm, kter\u00e9 za\u017eila tu noc.<\/span><\/p>\n<p><span>&#8222;\u010c\u00e1st z n\u00ed t\u00e9 noci zem\u0159ela.&#8220; Zn\u00e1siln\u011bn\u00ed je jako mal\u00e1 smrt,\u201c \u0159ekla pr\u00e1vni\u010dka \u017eeny.<\/span><\/p>\n<p><span>Mu\u017e, kter\u00fd na konci sv\u00e9ho t\u0159\u00eddenn\u00edho procesu v Seine-Saint-Denis plakal, vypadal podle francouzsk\u00e9ho listu\u00a0<\/span><a class=\"ek-link\" href=\"https:\/\/www.leparisien.fr\/seine-saint-denis-93\/bondy-15-ans-de-reclusion-pour-lhomme-qui-a-viole-et-agresse-deux-femmes-de-62-et-86-ans-16-02-2024-WKMBQZRMVVCTRE7G3M2KXPSYBA.php\"><span>Le Parisien<\/span><\/a><span> b\u011bhem \u0159\u00edzen\u00ed \u00fadajn\u011b jako \u201enep\u0159\u00edtomn\u00fd\u201c .<\/span><\/p>\n<p><span>Ramzan R. b\u011bhem procesu promluvil a \u0159ekl, \u017ee \u201enev\u00ed, zda ji napadl\u201c.<\/span><\/p>\n<p><span>&#8222;Jsem s\u00e1m sebou znechucen, cht\u011bl bych si u\u0159\u00edznout hlavu,&#8220; dodal.<\/span><\/p>\n<p><img decoding=\"async\" loading=\"lazy\" class=\"alignnone size-full wp-image-1185\" src=\"http:\/\/www.infokuryr.cz\/n\/wp-content\/uploads\/2021\/04\/kuryr-podpis.png\" alt=\"\" width=\"84\" height=\"24\" \/><\/p>\n<p>&nbsp;<\/p>\n<p>&nbsp;<\/p>\n","protected":false},"excerpt":{"rendered":"<p>Negramotn\u00fd ileg\u00e1ln\u00ed migrant je obvin\u011bn ze zn\u00e1siln\u011bn\u00ed 86let\u00e9 \u017eeny p\u0159i druh\u00e9m \u00fatoku, ale person\u00e1l nemocnice&#8230;<\/p>\n","protected":false},"author":2,"featured_media":47509,"comment_status":"closed","ping_status":"closed","sticky":false,"template":"","format":"standard","meta":[],"categories":[7],"tags":[3684,31,520,324],"_links":{"self":[{"href":"https:\/\/www.infokuryr.cz\/n\/wp-json\/wp\/v2\/posts\/47508"}],"collection":[{"href":"https:\/\/www.infokuryr.cz\/n\/wp-json\/wp\/v2\/posts"}],"about":[{"href":"https:\/\/www.infokuryr.cz\/n\/wp-json\/wp\/v2\/types\/post"}],"author":[{"embeddable":true,"href":"https:\/\/www.infokuryr.cz\/n\/wp-json\/wp\/v2\/users\/2"}],"replies":[{"embeddable":true,"href":"https:\/\/www.infokuryr.cz\/n\/wp-json\/wp\/v2\/comments?post=47508"}],"version-history":[{"count":0,"href":"https:\/\/www.infokuryr.cz\/n\/wp-json\/wp\/v2\/posts\/47508\/revisions"}],"wp:featuredmedia":[{"embeddable":true,"href":"https:\/\/www.infokuryr.cz\/n\/wp-json\/wp\/v2\/media\/47509"}],"wp:attachment":[{"href":"https:\/\/www.infokuryr.cz\/n\/wp-json\/wp\/v2\/media?parent=47508"}],"wp:term":[{"taxonomy":"category","embeddable":true,"href":"https:\/\/www.infokuryr.cz\/n\/wp-json\/wp\/v2\/categories?post=47508"},{"taxonomy":"post_tag","embeddable":true,"href":"https:\/\/www.infokuryr.cz\/n\/wp-json\/wp\/v2\/tags?post=47508"}],"curies":[{"name":"wp","href":"https:\/\/api.w.org\/{rel}","templated":true}]}}