{"id":47503,"date":"2024-02-21T00:34:59","date_gmt":"2024-02-20T23:34:59","guid":{"rendered":"https:\/\/www.infokuryr.cz\/n\/?p=47503"},"modified":"2024-02-20T16:37:08","modified_gmt":"2024-02-20T15:37:08","slug":"slovensky-premier-spojuje-vakciny-covid-s-kardiovaskularnimi-umrtimi","status":"publish","type":"post","link":"https:\/\/www.infokuryr.cz\/n\/2024\/02\/21\/slovensky-premier-spojuje-vakciny-covid-s-kardiovaskularnimi-umrtimi\/","title":{"rendered":"Slovensk\u00fd premi\u00e9r spojuje vakc\u00edny Covid s kardiovaskul\u00e1rn\u00edmi \u00famrt\u00edmi"},"content":{"rendered":"<div id=\"fb-root\"><\/div>\n<p><span>Slovensk\u00fd premi\u00e9r Robert Fico ned\u00e1vno v\u00a0<\/span><a href=\"https:\/\/www.dr-rath-foundation.org\/2024\/02\/slowakischer-ministerpraesident-bringt-covid-19-impfstoff-mit-herz-kreislauf-todesfaellen-in-verbindung\/?lang=de\" target=\"_blank\" rel=\"noreferrer noopener\" data-type=\"link\" data-id=\"https:\/\/www.dr-rath-foundation.org\/2024\/02\/slowakischer-ministerpraesident-bringt-covid-19-impfstoff-mit-herz-kreislauf-todesfaellen-in-verbindung\/?lang=de\"><span>projevu v parlamentu<\/span><\/a><span>\u00a0uznal , \u017ee kv\u016fli o\u010dkov\u00e1n\u00ed p\u0159ibylo \u00famrt\u00ed na kardiovaskul\u00e1rn\u00ed choroby.\u00a0Vakc\u00edny COVID-19 ozna\u010dil za \u201eexperiment\u00e1ln\u00ed\u201c a \u201ezbyte\u010dn\u00e9\u00a0\u201c\u00a0<\/span><a href=\"https:\/\/www.youtube.com\/watch?v=Nryq2Ny2ZUg\" target=\"_blank\" rel=\"noreferrer noopener\" data-type=\"link\" data-id=\"https:\/\/www.youtube.com\/watch?v=Nryq2Ny2ZUg\"><span>.<\/span><\/a><\/p>\n<p><span>N\u011bkolik t\u00fddn\u016f p\u0159ed sv\u00fdm projevem\u00a0<\/span><a href=\"https:\/\/www.facebook.com\/robertficosk\/videos\/3812547159075991\/\" target=\"_blank\" rel=\"noreferrer noopener\" data-type=\"link\" data-id=\"https:\/\/www.facebook.com\/robertficosk\/videos\/3812547159075991\/\"><span>tak\u00e9 ozn\u00e1mil<\/span><\/a><span>\u00a0, \u017ee je proti roz\u0161i\u0159ov\u00e1n\u00ed pravomoc\u00ed WHO. Zd\u016fraznil, \u017ee poslanci jeho strany nepodpo\u0159\u00ed mezin\u00e1rodn\u00ed dohody s WHO.<\/span><\/p>\n<p><span>\u201eTakov\u00fd nesmysl mohou vymyslet jen bezohledn\u00e9 farmaceutick\u00e9 spole\u010dnosti, kter\u00e9 si pomalu uv\u011bdomuj\u00ed, \u017ee n\u011bkter\u00e9 vl\u00e1dy jsou proti povinn\u00e9mu o\u010dkov\u00e1n\u00ed,\u201c\u00a0citoval slovensk\u00e9ho premi\u00e9ra list\u00a0<\/span><a href=\"https:\/\/www.epochtimes.cz\/2023\/11\/28\/nova-vlada-noveho-zelandu-slibila-ze-uprednostni-sve-obcany-pred-zajmy-who-obdobne-to-vidi-i-staronovy-slovensky-premier-fico\/\" target=\"_blank\" rel=\"noreferrer noopener\" data-type=\"link\" data-id=\"https:\/\/www.epochtimes.cz\/2023\/11\/28\/nova-vlada-noveho-zelandu-slibila-ze-uprednostni-sve-obcany-pred-zajmy-who-obdobne-to-vidi-i-staronovy-slovensky-premier-fico\/\"><span>The Epoch Times .<\/span><\/a><\/p>\n<p><span>V sou\u010dasn\u00e9 dob\u011b prob\u00edhaj\u00ed jedn\u00e1n\u00ed o komplexn\u00ed revizi mezin\u00e1rodn\u00edch zdravotnick\u00fdch sm\u011brnic a uzav\u0159en\u00ed zcela nov\u00e9 glob\u00e1ln\u00ed smlouvy o pandemii.<\/span><\/p>\n<p><span>V sou\u010dasn\u00e9 dob\u011b se na Slovensku ustavuje komise, kter\u00e1 m\u00e1 vyhodnotit p\u0159\u00edstup Corona. V\u00fdbor by m\u011bl prov\u011b\u0159it, zda opat\u0159en\u00ed p\u0159ijat\u00e1 b\u011bhem pandemie koronaviru byla z\u00e1konn\u00e1, \u00fa\u010dinn\u00e1 a \u00fa\u010dinn\u00e1. P\u0159\u00edstup se podle Fica vyzna\u010doval neschopnost\u00ed chr\u00e1nit z\u00e1kladn\u00ed pr\u00e1va a svobody.<\/span><\/p>\n<p>&nbsp;<\/p>\n<div class='videoWrapper'>\r\n\t            <iframe src='https:\/\/rumble.com\/embed\/pj.v47le1l\/' frameborder='0' allowfullscreen><\/iframe>\r\n\t        <\/div>\n<p>&nbsp;<\/p>\n<p><span>Kritizoval feder\u00e1ln\u00ed ministryni zdravotnictv\u00ed Ursulu von der Leyenovou za to, \u017ee zadr\u017eela textovou zpr\u00e1vu se \u0161\u00e9fem Pfizer Bourlou o n\u00e1kupu vakc\u00edny proti koronaviru. &#8222;Lid\u00e9 maj\u00ed pr\u00e1vo v\u011bd\u011bt, pro\u010d byli o\u010dkov\u00e1ni experiment\u00e1ln\u00edmi, netestovan\u00fdmi vakc\u00ednami, pro\u010d byly testy prov\u00e1d\u011bny po cel\u00e9 zemi a kolik pen\u011bz to v\u0161echno st\u00e1lo.&#8220;<\/span><\/p>\n<p><span>Fico obvi\u0148uje p\u0159edchoz\u00ed vl\u00e1du, \u017ee od roku 2020 zv\u00fd\u0161ila po\u010det mrtv\u00fdch o 21 000.<\/span><\/p>\n<p><img decoding=\"async\" loading=\"lazy\" class=\"alignnone size-full wp-image-1185\" src=\"http:\/\/www.infokuryr.cz\/n\/wp-content\/uploads\/2021\/04\/kuryr-podpis.png\" alt=\"\" width=\"84\" height=\"24\" \/><\/p>\n<p>&nbsp;<\/p>\n<p>&nbsp;<\/p>\n","protected":false},"excerpt":{"rendered":"<p>Slovensk\u00fd premi\u00e9r Robert Fico ned\u00e1vno v\u00a0projevu v parlamentu\u00a0uznal , \u017ee kv\u016fli o\u010dkov\u00e1n\u00ed p\u0159ibylo \u00famrt\u00ed na&#8230;<\/p>\n","protected":false},"author":2,"featured_media":37387,"comment_status":"closed","ping_status":"closed","sticky":false,"template":"","format":"standard","meta":[],"categories":[7],"tags":[23,636,203,523,651],"_links":{"self":[{"href":"https:\/\/www.infokuryr.cz\/n\/wp-json\/wp\/v2\/posts\/47503"}],"collection":[{"href":"https:\/\/www.infokuryr.cz\/n\/wp-json\/wp\/v2\/posts"}],"about":[{"href":"https:\/\/www.infokuryr.cz\/n\/wp-json\/wp\/v2\/types\/post"}],"author":[{"embeddable":true,"href":"https:\/\/www.infokuryr.cz\/n\/wp-json\/wp\/v2\/users\/2"}],"replies":[{"embeddable":true,"href":"https:\/\/www.infokuryr.cz\/n\/wp-json\/wp\/v2\/comments?post=47503"}],"version-history":[{"count":0,"href":"https:\/\/www.infokuryr.cz\/n\/wp-json\/wp\/v2\/posts\/47503\/revisions"}],"wp:featuredmedia":[{"embeddable":true,"href":"https:\/\/www.infokuryr.cz\/n\/wp-json\/wp\/v2\/media\/37387"}],"wp:attachment":[{"href":"https:\/\/www.infokuryr.cz\/n\/wp-json\/wp\/v2\/media?parent=47503"}],"wp:term":[{"taxonomy":"category","embeddable":true,"href":"https:\/\/www.infokuryr.cz\/n\/wp-json\/wp\/v2\/categories?post=47503"},{"taxonomy":"post_tag","embeddable":true,"href":"https:\/\/www.infokuryr.cz\/n\/wp-json\/wp\/v2\/tags?post=47503"}],"curies":[{"name":"wp","href":"https:\/\/api.w.org\/{rel}","templated":true}]}}