{"id":47501,"date":"2024-02-21T00:33:08","date_gmt":"2024-02-20T23:33:08","guid":{"rendered":"https:\/\/www.infokuryr.cz\/n\/?p=47501"},"modified":"2024-02-20T16:32:20","modified_gmt":"2024-02-20T15:32:20","slug":"timto-orwellovskym-zpusobem-se-evropska-komise-snazi-zabit-x","status":"publish","type":"post","link":"https:\/\/www.infokuryr.cz\/n\/2024\/02\/21\/timto-orwellovskym-zpusobem-se-evropska-komise-snazi-zabit-x\/","title":{"rendered":"T\u00edmto orwellovsk\u00fdm zp\u016fsobem se Evropsk\u00e1 komise sna\u017e\u00ed zab\u00edt X"},"content":{"rendered":"<div id=\"fb-root\"><\/div>\n<p><span>\u201eDezinformace\u201c je nov\u00fd slogan levicov\u011b-liber\u00e1ln\u00edho establishmentu. Nejprve \u0161lo o \u00fadajn\u00e9 zahrani\u010dn\u00ed vm\u011b\u0161ov\u00e1n\u00ed, nyn\u00ed \u0161lo o boj proti nep\u0159\u00edjemn\u00fdm n\u00e1zor\u016fm na\u0161ich vlastn\u00edch ob\u010dan\u016f, \u0159ekl Rob Roos v Evropsk\u00e9m parlamentu.<\/span><\/p>\n<p><span>Pokud zjist\u00edte, \u017ee se slo\u017een\u00ed obyvatelstva v Evrop\u011b v\u00fdrazn\u011b zm\u011bnilo, pak je to dezinformace. Pokud zjist\u00edte, \u017ee miliardy vynalo\u017een\u00e9 na klimatickou politiku nemaj\u00ed \u017e\u00e1dn\u00fd m\u011b\u0159iteln\u00fd \u00fa\u010dinek, pak je to dezinformace.<\/span><\/p>\n<p><em><span>Svoboda projevu nen\u00ed jen pr\u00e1vo \u2013 je tak\u00e9 nezbytn\u00e1 pro zdravou demokracii. Evropsk\u00e1 komise chce zab\u00edt Platformu X Elona Muska. Tak\u017ee cenzura. Pokud se tak stane, na\u0161e demokracie bude nejv\u011bt\u0161\u00ed ob\u011bt\u00ed:<\/span><\/em><\/p>\n<div class=\"twitter-tweet twitter-tweet-rendered\"><iframe id=\"twitter-widget-0\" class=\"\" title=\"X p\u0159\u00edsp\u011bvek\" src=\"https:\/\/platform.twitter.com\/embed\/Tweet.html?creatorScreenName=uncutnewsCH&amp;dnt=false&amp;embedId=twitter-widget-0&amp;features=eyJ0ZndfdGltZWxpbmVfbGlzdCI6eyJidWNrZXQiOltdLCJ2ZXJzaW9uIjpudWxsfSwidGZ3X2ZvbGxvd2VyX2NvdW50X3N1bnNldCI6eyJidWNrZXQiOnRydWUsInZlcnNpb24iOm51bGx9LCJ0ZndfdHdlZXRfZWRpdF9iYWNrZW5kIjp7ImJ1Y2tldCI6Im9uIiwidmVyc2lvbiI6bnVsbH0sInRmd19yZWZzcmNfc2Vzc2lvbiI6eyJidWNrZXQiOiJvbiIsInZlcnNpb24iOm51bGx9LCJ0ZndfZm9zbnJfc29mdF9pbnRlcnZlbnRpb25zX2VuYWJsZWQiOnsiYnVja2V0Ijoib24iLCJ2ZXJzaW9uIjpudWxsfSwidGZ3X21peGVkX21lZGlhXzE1ODk3Ijp7ImJ1Y2tldCI6InRyZWF0bWVudCIsInZlcnNpb24iOm51bGx9LCJ0ZndfZXhwZXJpbWVudHNfY29va2llX2V4cGlyYXRpb24iOnsiYnVja2V0IjoxMjA5NjAwLCJ2ZXJzaW9uIjpudWxsfSwidGZ3X3Nob3dfYmlyZHdhdGNoX3Bpdm90c19lbmFibGVkIjp7ImJ1Y2tldCI6Im9uIiwidmVyc2lvbiI6bnVsbH0sInRmd19kdXBsaWNhdGVfc2NyaWJlc190b19zZXR0aW5ncyI6eyJidWNrZXQiOiJvbiIsInZlcnNpb24iOm51bGx9LCJ0ZndfdXNlX3Byb2ZpbGVfaW1hZ2Vfc2hhcGVfZW5hYmxlZCI6eyJidWNrZXQiOiJvbiIsInZlcnNpb24iOm51bGx9LCJ0ZndfdmlkZW9faGxzX2R5bmFtaWNfbWFuaWZlc3RzXzE1MDgyIjp7ImJ1Y2tldCI6InRydWVfYml0cmF0ZSIsInZlcnNpb24iOm51bGx9LCJ0ZndfbGVnYWN5X3RpbWVsaW5lX3N1bnNldCI6eyJidWNrZXQiOnRydWUsInZlcnNpb24iOm51bGx9LCJ0ZndfdHdlZXRfZWRpdF9mcm9udGVuZCI6eyJidWNrZXQiOiJvbiIsInZlcnNpb24iOm51bGx9fQ%3D%3D&amp;frame=false&amp;hideCard=false&amp;hideThread=false&amp;id=1756054472701128864&amp;lang=de&amp;origin=https%3A%2F%2Funcutnews.ch%2Fauf-diese-orwellsche-art-und-weise-versucht-die-europaeische-kommission-x-zu-toeten%2F&amp;sessionId=e8c0249bc5711c645d660e5fc3bee7eba33a0443&amp;theme=light&amp;widgetsVersion=2615f7e52b7e0%3A1702314776716&amp;width=550px\" frameborder=\"0\" scrolling=\"no\" allowfullscreen=\"allowfullscreen\" data-tweet-id=\"1756054472701128864\" data-mce-fragment=\"1\"><\/iframe><\/div>\n<p><span>Nejde jim o skute\u010dn\u00e9 dezinformace, zd\u016fraznil Roos, ale o boj se v\u0161\u00edm, co je v rozporu s jejich vlastn\u00edm pohledem na sv\u011bt. &#8222;Tak\u017ee cenzura.&#8220;<\/span><\/p>\n<p><span>A nyn\u00ed Evropsk\u00e1 komise hroz\u00ed, \u017ee pou\u017eije Orwellovsk\u00fd z\u00e1kon o digit\u00e1ln\u00edch slu\u017eb\u00e1ch ke zni\u010den\u00ed platformy X Elona Muska. &#8222;Pokud se to stane, na\u0161e demokracie bude nejv\u011bt\u0161\u00ed ob\u011bt\u00ed,&#8220; \u0159ekl europoslanec.<\/span><\/p>\n<p><span>\u201eSvoboda projevu nen\u00ed jen pr\u00e1vo, je to povinnost a nutnost pro na\u0161i zdravou demokracii. Ka\u017ed\u00fd, kdo tvrd\u00ed, \u017ee chr\u00e1n\u00ed demokracii, si ji bere s sebou do hrobu.\u201c<\/span><\/p>\n<p><img decoding=\"async\" loading=\"lazy\" class=\"alignnone size-full wp-image-1185\" src=\"http:\/\/www.infokuryr.cz\/n\/wp-content\/uploads\/2021\/04\/kuryr-podpis.png\" alt=\"\" width=\"84\" height=\"24\" \/><\/p>\n<p>&nbsp;<\/p>\n<p>&nbsp;<\/p>\n","protected":false},"excerpt":{"rendered":"<p>\u201eDezinformace\u201c je nov\u00fd slogan levicov\u011b-liber\u00e1ln\u00edho establishmentu. Nejprve \u0161lo o \u00fadajn\u00e9 zahrani\u010dn\u00ed vm\u011b\u0161ov\u00e1n\u00ed, nyn\u00ed \u0161lo o&#8230;<\/p>\n","protected":false},"author":2,"featured_media":47502,"comment_status":"closed","ping_status":"closed","sticky":false,"template":"","format":"standard","meta":[],"categories":[7],"tags":[63,28,41,1045,5795],"_links":{"self":[{"href":"https:\/\/www.infokuryr.cz\/n\/wp-json\/wp\/v2\/posts\/47501"}],"collection":[{"href":"https:\/\/www.infokuryr.cz\/n\/wp-json\/wp\/v2\/posts"}],"about":[{"href":"https:\/\/www.infokuryr.cz\/n\/wp-json\/wp\/v2\/types\/post"}],"author":[{"embeddable":true,"href":"https:\/\/www.infokuryr.cz\/n\/wp-json\/wp\/v2\/users\/2"}],"replies":[{"embeddable":true,"href":"https:\/\/www.infokuryr.cz\/n\/wp-json\/wp\/v2\/comments?post=47501"}],"version-history":[{"count":0,"href":"https:\/\/www.infokuryr.cz\/n\/wp-json\/wp\/v2\/posts\/47501\/revisions"}],"wp:featuredmedia":[{"embeddable":true,"href":"https:\/\/www.infokuryr.cz\/n\/wp-json\/wp\/v2\/media\/47502"}],"wp:attachment":[{"href":"https:\/\/www.infokuryr.cz\/n\/wp-json\/wp\/v2\/media?parent=47501"}],"wp:term":[{"taxonomy":"category","embeddable":true,"href":"https:\/\/www.infokuryr.cz\/n\/wp-json\/wp\/v2\/categories?post=47501"},{"taxonomy":"post_tag","embeddable":true,"href":"https:\/\/www.infokuryr.cz\/n\/wp-json\/wp\/v2\/tags?post=47501"}],"curies":[{"name":"wp","href":"https:\/\/api.w.org\/{rel}","templated":true}]}}