{"id":47498,"date":"2024-02-21T00:31:00","date_gmt":"2024-02-20T23:31:00","guid":{"rendered":"https:\/\/www.infokuryr.cz\/n\/?p=47498"},"modified":"2024-02-20T16:24:00","modified_gmt":"2024-02-20T15:24:00","slug":"thomas-roper-prolhany-medialni-humbuk-kolem-navalneho","status":"publish","type":"post","link":"https:\/\/www.infokuryr.cz\/n\/2024\/02\/21\/thomas-roper-prolhany-medialni-humbuk-kolem-navalneho\/","title":{"rendered":"Thomas R\u00f6per: Prolhan\u00fd medi\u00e1ln\u00ed humbuk kolem Navaln\u00e9ho"},"content":{"rendered":"<div id=\"fb-root\"><\/div>\n<p><span style=\"font-size: 18pt;\"><strong>Bylo jasn\u00e9, \u017ee z\u00e1padn\u00ed m\u00e9dia vytvo\u0159\u00ed kolem Navaln\u00e9ho smrti obrovsk\u00fd humbuk, ale to, co se nyn\u00ed d\u011bje, p\u0159esahuje jak\u00fdkoli p\u0159edchoz\u00ed r\u00e1mec, jak ukazuje anal\u00fdza \u201ezpr\u00e1v\u201c z n\u011bmeck\u00e9ho\u00a0 Spiegelu.<\/strong><\/span><\/p>\n<p><span>Nikdy jsem nevid\u011bl, co moment\u00e1ln\u011b d\u011bl\u00e1 Der Spiegel. Kdy\u017e Spiegel propagoval n\u011bjak\u00e9 t\u00e9ma, publikoval o n\u011bm a\u017e osm, ale z\u0159\u00eddka v\u00edce \u010dl\u00e1nk\u016f za den. Ve\u010der 19. \u00fanora jsem spo\u010d\u00edtal, kolik \u010dl\u00e1nk\u016f vydal Der Spiegel od Navaln\u00e9ho smrti \u010dty\u0159i dny p\u0159edt\u00edm. Celkem bylo neuv\u011b\u0159iteln\u00fdch 47 \u010dl\u00e1nk\u016f: 16 \u010dl\u00e1nk\u016f v den Navaln\u00e9ho smrti, 12 \u010dl\u00e1nk\u016f 17. \u00fanora, 7 \u010dl\u00e1nk\u016f 18. \u00fanora a pot\u00e9, co si redakto\u0159i Spiegelu u\u017eili v\u00edkend, m\u011bli v pond\u011bl\u00ed 19. \u00fanora op\u011bt 12 \u010dl\u00e1nk\u016f Navalnyj. vyd\u00e1n\u00ed zve\u0159ejn\u011bno.<\/span><\/p>\n<p><span>Opakuji se, ale pokud v\u00edm, tak masivn\u00ed kampa\u0148 ve Spiegelu nikdy nebyla. To je tak\u00e9 d\u016fvod, pro\u010d se nepou\u0161t\u00edm do jednotliv\u00fdch \u010dl\u00e1nk\u016f \u2013 je jich zkr\u00e1tka a\u017e moc.<\/span><\/p>\n<p><span>M\u00edsto toho se pod\u00edvejme na p\u00e1r z\u00e1kladn\u00edch informac\u00ed a p\u0159edpokl\u00e1d\u00e1m, \u017ee se v m\u00e9m dlouh\u00e9m \u010dl\u00e1nku dozv\u00edte spoustu nov\u00fdch v\u011bc\u00ed.<\/span><\/p>\n<h3><span style=\"font-size: 18pt;\">&#8222;Mesi\u00e1\u0161&#8220;<\/span><\/h3>\n<p><span>Co m\u011b zvl\u00e1\u0161t\u011b p\u0159ekvapuje, je primitivn\u00ed propaganda, kterou Spiegel pou\u017e\u00edv\u00e1, i kdy\u017e se v tomto ohledu nijak neli\u0161\u00ed od ostatn\u00edch z\u00e1padn\u00edch m\u00e9di\u00ed. Titulky \u010dl\u00e1nk\u016f Spiegelu se pohybovaly od \u201e\u00a0<\/span><a href=\"https:\/\/www.spiegel.de\/politik\/deutschland\/news-des-tages-alexej-nawalny-das-vermaechtnis-eines-mutbuergers-debatte-um-deutsche-atombombe-juergen-klinsmann-a-e63513a0-2ea4-47d0-878c-04e94cdd0ba7\" target=\"_blank\" rel=\"noreferrer noopener\"><span>Odkaz state\u010dn\u00e9ho mu\u017ee<\/span><\/a><span>\u00a0\u201c p\u0159es \u201e\u00a0<\/span><a href=\"https:\/\/www.spiegel.de\/ausland\/alexej-nawalny-eine-wuerdigung-russlands-einziger-echter-politiker-a-fa6504d8-7164-4b9d-83d7-fcb13fcb4d33\" target=\"_blank\" rel=\"noreferrer noopener\"><span>Jedin\u00fd skute\u010dn\u00fd rusk\u00fd politik<\/span><\/a><span>\u00a0\u201c a\u017e po\u00a0<\/span><a href=\"https:\/\/www.spiegel.de\/ausland\/nawalny-wird-der-messias-des-neuen-russland-sein-kolumne-von-mikhail-zygar-a-90a9ed0e-7945-4699-a6d5-38d306389114\" target=\"_blank\" rel=\"noreferrer noopener\"><span>\u201eNawalny bude mesi\u00e1\u0161em nov\u00e9ho Ruska\u201c<\/span><\/a><span>\u00a0.<\/span><\/p>\n<p><span>Nechci vlastn\u011b ps\u00e1t o Navaln\u00e9m, proto\u017ee se o mrtv\u00fdch nemluv\u00ed \u0161patn\u011b, ale bohu\u017eel se mus\u00edm kr\u00e1tce dotknout t\u00e9matu: Navalnyj byl radik\u00e1ln\u00ed a nenapraviteln\u00fd rasista a nacionalista, kter\u00fd byl podle n\u011bmeck\u00fdch z\u00e1kon\u016f odpov\u011bdn\u00fd za to, co opakovan\u011b \u0159ekl na ve\u0159ejnosti, by skon\u010dil na roky ve v\u011bzen\u00ed za pobu\u0159ov\u00e1n\u00ed. AfD \u2013 a dokonce i po\u017eadavek na \u201eremigraci\u201c na\u00a0<\/span><a href=\"https:\/\/www.anti-spiegel.ru\/2024\/warum-die-kampagne-gegen-rechts-erstens-orchestriert-und-zweitens-verlogen-ist\/\" target=\"_blank\" rel=\"noreferrer noopener\"><span>\u00fadajn\u011b skand\u00e1ln\u00ed sch\u016fzce<\/span><\/a><span>\u00a0v Postupimi \u2013 nebylo nic proti po\u017eadavk\u016fm Navaln\u00e9ho, \u200b\u200baby s ji\u017eansky vyhl\u00ed\u017eej\u00edc\u00edmi cizinci\u00a0<\/span><a href=\"https:\/\/www.anti-spiegel.ru\/2021\/der-grosse-liberale-wofuer-navalny-wirklich-steht\/\" target=\"_blank\" rel=\"noreferrer noopener\"><span>bylo zach\u00e1zeno \u201ejako se \u0161v\u00e1by\u201c a zast\u0159eleni<\/span><\/a><span>\u00a0.\u00a0<\/span><a href=\"https:\/\/www.theguardian.com\/world\/2017\/apr\/29\/alexei-navalny-on-putins-russia-all-autocratic-regimes-come-to-an-end\" target=\"_blank\" rel=\"noreferrer noopener\"><span>Nikdy se od toho nedistancoval<\/span><\/a><span>\u00a0\u2013\u00a0a to byl jen jeden p\u0159\u00edklad po\u017eadavk\u016f, kter\u00e9 ve\u0159ejn\u011b zastupoval \u00fadajn\u00fd vzorov\u00fd opozi\u010dn\u00edk Navalnyj. Nechci zde citovat, jak mluvil o \u017didech.<\/span><\/p>\n<p><span>Na protipravicov\u00fdch demonstrac\u00edch, kter\u00e9 v sou\u010dasn\u00e9 dob\u011b v N\u011bmecku organizuje vl\u00e1da a m\u00e9dia, by lid\u00e9 m\u011bli b\u00fdt politikou a m\u00e9dii skute\u010dn\u011b pobou\u0159eni, proto\u017ee v t\u011bchto dnech vytv\u00e1\u0159ej\u00ed takov\u00fd humbuk o rasistick\u00e9m a antisemitsk\u00e9m nacionalistovi. To se ale ned\u011bje z jednoho prost\u00e9ho d\u016fvodu: n\u011bmeck\u00e1 m\u00e9dia sv\u00fdm \u010dten\u00e1\u0159\u016fm nikdy ne\u0159ekla, kdo Navalnyj skute\u010dn\u011b byl a co zast\u00e1val. V N\u011bmecku to skoro nikdo nev\u00ed.<\/span><\/p>\n<p><span>Z\u00e1padn\u00ed politici a m\u00e9dia nyn\u00ed na opl\u00e1tku op\u011bt vypr\u00e1v\u011bj\u00ed poh\u00e1dky o p\u0159\u00edkladn\u00e9m liber\u00e1lovi, kter\u00fdm Navalnyj \u00fadajn\u011b byl.<\/span><\/p>\n<h3><span style=\"font-size: 18pt;\">&#8222;Trp\u00edc\u00ed&#8220; man\u017eelka<\/span><\/h3>\n<p><span>Ani bych se nezmi\u0148oval o Navaln\u00e9ho man\u017eelce Julii, kdyby se sama nedostala na ve\u0159ejnost. Ale ud\u011blala to a jen ozn\u00e1mila, \u017ee bude pokra\u010dovat v boji proti Navaln\u00e9mu. Z\u0159ejm\u011b pot\u0159ebuje pen\u00edze, proto\u017ee pan\u00ed Navalnaja byla opakovan\u011b vid\u011bna v drah\u00fdch pr\u00e1zdninov\u00fdch letovisc\u00edch, kdy\u017e byl jej\u00ed man\u017eel ve v\u011bzen\u00ed.<\/span><\/p>\n<p><span>Navalnyj byl v Rusku ji\u017e z velk\u00e9 \u010d\u00e1sti zapomenut a jeho \u017eena nikdy nem\u011bla v Rusku \u017e\u00e1dn\u00e9 p\u0159\u00edznivce. Ale Navaln\u00e9ho organizace byla v\u00fdborn\u011b placen\u00e1 ze Z\u00e1padu, proto\u017ee m\u00e1 v Lond\u00fdn\u011b cel\u00fd t\u00fdm, kter\u00fd pot\u0159ebuje zaplatit, a pan\u00ed Navalnaja tak\u00e9 rozhodn\u011b nechce sn\u00ed\u017eit sv\u016fj \u017eivotn\u00ed styl.<\/span><\/p>\n<p><span>Samoz\u0159ejm\u011b nev\u00edm, co se v rodin\u011b Navaln\u00e9ho d\u011bje, ale od t\u00e9 doby, co je ve v\u011bzen\u00ed, m\u011bla minim\u00e1ln\u011b dva milence, se kter\u00fdmi ji bylo vid\u011bt na ve\u0159ejnosti. Pro jejich pov\u011bst na Z\u00e1pad\u011b to nen\u00ed probl\u00e9m, koneckonc\u016f z\u00e1padn\u00ed m\u00e9dia to milosrdn\u011b p\u0159ehl\u00ed\u017eej\u00ed. Pokud by se to na Z\u00e1pad\u011b v\u011bd\u011blo, z\u00e1padn\u00ed m\u00e9dia by nedok\u00e1zala vykreslit d\u00e1mu jako \u201etruchl\u00edc\u00ed\u201c vdovu.<\/span><\/p>\n<p><span>Vd\u011b\u010d\u00edme za to, \u017ee se to stalo zn\u00e1m\u00e9 Ann\u011b Gon\u010darov\u00e9, kter\u00e1 kdysi vstoupila do organizace Navalnyj jako idealistka a pot\u00e9 se stala n\u011b\u010d\u00edm jako sekret\u00e1\u0159kou Julije Navalnajov\u00e9. Gontschar od t\u00e9 doby ve frustraci opustila organizaci a zve\u0159ejnila online\u00a0<\/span><a href=\"https:\/\/t.me\/A000MP97\/242\" target=\"_blank\" rel=\"noreferrer noopener\"><span>video<\/span><\/a><span>\u00a0, ve kter\u00e9m o tom v\u0161em mluvila. Yulia Navalnaya m\u011bla zpo\u010d\u00e1tku rom\u00e1nek s Jevgenijem \u010ci\u010dvarkinem, jedn\u00edm z nejv\u00fdznamn\u011bj\u0161\u00edch Navaln\u00e9ho sponzor\u016f, kter\u00fd o tom tak\u00e9 ve\u0159ejn\u011b mluvil ve vide\u00edch a obhajoval Julii Navalnaju a jej\u00ed \u201ez\u00e1bavn\u00fd \u017eivotn\u00ed styl\u201c. Mimo jin\u00e9 \u0159ekl, \u017ee \u201eAlexej byl bohu\u017eel zat\u010den\u201c, ale Julia ne a \u017ee jej\u00ed \u017eivot \u0161el d\u00e1l.<\/span><\/p>\n<p><span>Julia Navalnaya je nyn\u00ed ve vztahu s\u00a0<\/span><a href=\"https:\/\/www.anti-spiegel.ru\/2019\/was-haben-angebliche-russische-spionage-in-serbien-und-ein-mordversuch-in-bulgarien-gemeinsam\/\" target=\"_blank\" rel=\"noreferrer noopener\"><span>Christo Grozevem , vedouc\u00edm zam\u011bstnancem\u00a0<\/span><\/a><a href=\"https:\/\/www.anti-spiegel.ru\/2022\/bellingcat-ein-weiteres-mal-als-instrument-westlicher-geheimdienste-enttarnt\/\" target=\"_blank\" rel=\"noreferrer noopener\"><span>platformy Bellingcat, kterou financuj\u00ed a kontroluj\u00ed<\/span><\/a><span>\u00a0z\u00e1padn\u00ed tajn\u00e9 slu\u017eby\u00a0a kter\u00fd n\u011bkdy prov\u00e1d\u00ed spole\u010dn\u00fd \u201ev\u00fdzkum\u201c s Der Spiegel. Gon\u010dar musel mimo jin\u00e9 rezervovat z\u00e1jezdy na dovolenou pro Navalnaju a jej\u00ed milence. Nap\u0159\u00edklad podle dokument\u016f zve\u0159ejn\u011bn\u00fdch Gontscharem byla ona a Grozev p\u0159ed necel\u00fdmi dv\u011bma m\u011bs\u00edci od 21. do 26. prosince 2023 v luxusn\u00edm hotelu na Mont Blancu, kde byl \u00fa\u010det za sd\u00edlen\u00fd hotelov\u00fd pokoj t\u00e9m\u011b\u0159 3 900 dolar\u016f.<\/span><\/p>\n<figure class=\"wp-block-image size-large\"><img decoding=\"async\" loading=\"lazy\" class=\"wp-image-40671 aligncenter\" src=\"https:\/\/www.anti-spiegel.ru\/wp-content\/uploads\/2024\/02\/urlaub-nawalnaja.jpg\" sizes=\"(max-width: 1280px) 100vw, 1280px\" srcset=\"https:\/\/www.anti-spiegel.ru\/wp-content\/uploads\/2024\/02\/urlaub-nawalnaja.jpg 1280w, https:\/\/www.anti-spiegel.ru\/wp-content\/uploads\/2024\/02\/urlaub-nawalnaja-768x507.jpg 768w\" alt=\"\" width=\"1039\" height=\"686\" \/><\/figure>\n<p><span>Zd\u00e1 se, \u017ee stoj\u00ed za to nechat si Z\u00e1padem zaplatit za boj proti Rusku.<\/span><\/p>\n<h3><span style=\"font-size: 18pt;\">&#8222;Truchl\u00edc\u00ed vdova&#8220;<\/span><\/h3>\n<p><span>Nep\u0159eh\u00e1n\u011bl bych skute\u010dnost, \u017ee Julia Navalnaya byla pozv\u00e1na na mnichovskou bezpe\u010dnostn\u00ed konferenci. Je b\u011b\u017en\u00e9, \u017ee \u201edamy propagandy\u201c jako Navalnaja nebo samozvan\u00e1 b\u011blorusk\u00e1 prezidentka Tichanovskaja jsou na takov\u00e9 akce zv\u00e1ny jako doprovodn\u00fd program, aby tak vypustily sv\u00e9 emocion\u00e1ln\u00ed bubliny pro m\u00e9dia.<\/span><\/p>\n<p><span>Jen \u010dten\u00e1\u0159i Spiegelu a div\u00e1ci Tagesschau se pravd\u011bpodobn\u011b domn\u00edvaj\u00ed, \u017ee rusk\u00e1 vl\u00e1da zabila Navaln\u00e9ho, \u200b\u200bkter\u00fd je nyn\u00ed v Rusku zcela ned\u016fle\u017eit\u00fd, pouh\u00fd m\u011bs\u00edc p\u0159ed prezidentsk\u00fdmi volbami, aby zah\u00e1jila novou protiruskou medi\u00e1ln\u00ed kampa\u0148 pr\u00e1v\u011b v\u010das pro f\u00e1zi hork\u00e9 volebn\u00ed kampan\u011b. .<\/span><\/p>\n<p><span>Ale Julia Navalnaja se okam\u017eit\u011b ujala role \u201etruchl\u00edc\u00ed vdovy\u201c a na mnichovsk\u00e9 bezpe\u010dnostn\u00ed konferenci pronesla zcela podle p\u0159\u00e1n\u00ed sv\u00fdch sponzor\u016f, i kdy\u017e nepochybuji, \u017ee sv\u00e9 nen\u00e1vistn\u00e9 projevy proti rusk\u00e9 vl\u00e1d\u011b pron\u00e1\u0161\u00ed z p\u0159esv\u011bd\u010den\u00ed. .<\/span><\/p>\n<p><span>Julia Navalnaja nehraje v Rusku \u017e\u00e1dnou roli. Alexej Navalnyj m\u011bl jist\u011b r\u00e9torick\u00fd talent a dok\u00e1zal se lidem zd\u00e1t bl\u00edzko. Yulia Navalnaya vyza\u0159uje od prst\u016f na nohou a\u017e po linii vlas\u016f, \u017ee si u\u017e\u00edv\u00e1 pen\u00edze, kter\u00e9 Navalny dostal od sv\u00fdch z\u00e1padn\u00edch sponzor\u016f a kter\u00e9 nyn\u00ed dost\u00e1v\u00e1. P\u016fsob\u00ed jako arogantn\u00ed a mimo kontakt a jej\u00ed prohl\u00e1\u0161en\u00ed, \u017ee bude pokra\u010dovat v Navaln\u00e9ho boji, je sp\u00ed\u0161e ur\u010deno pro z\u00e1padn\u00ed publikum, aby je\u0161t\u011b v\u00edce rozdm\u00fdchalo protirusk\u00e9 n\u00e1lady, ne\u017e pro Rusko, kde jich m\u011bla nebo pravd\u011bpodobn\u011b nebude m\u00edt p\u0159\u00edli\u0161 mnoho. p\u0159\u00edznivc\u016f.<\/span><\/p>\n<h3><span style=\"font-size: 18pt;\">&#8222;Zat\u010den\u00ed&#8220; v Rusku<\/span><\/h3>\n<p><span>Co\u017e n\u00e1s p\u0159iv\u00e1d\u00ed do Ruska, kde z\u00e1padn\u00ed m\u00e9dia hl\u00e1s\u00ed velkou smute\u010dn\u00ed n\u00e1ladu a stovky zat\u010den\u00fdch. Podpora Navaln\u00e9ho nebyla v Rusku nikdy velk\u00e1 a nach\u00e1zela se p\u0159edev\u0161\u00edm mezi ml\u00e1de\u017e\u00ed m\u011bst Moskvy a Petrohradu. Mimo tato m\u011bsta m\u011bl Navalnyj jen m\u00e1lo p\u0159\u00edznivc\u016f.<\/span><\/p>\n<p><span>Co bylo v posledn\u00edch dvou letech pozoruhodn\u00e9, byla zm\u011bna n\u00e1lady v Rusku. Kdy\u017e ud\u00e1losti na Ukrajin\u011b a z\u00e1padn\u00ed sankce Rus\u016fm uk\u00e1zaly, \u017ee Z\u00e1pad chce zas\u00e1hnout ka\u017ed\u00e9ho jednoho Rusa a ka\u017ed\u00e9mu Rusovi ubl\u00ed\u017eit, do\u0161lo tak\u00e9 ke zm\u011bn\u011b n\u00e1lady mezi (nyn\u00ed ji\u017e b\u00fdval\u00fdmi) p\u0159\u00edznivci Navaln\u00e9ho. Alespo\u0148 jsem si toho v\u0161iml u t\u011bch, kter\u00e9 zn\u00e1m.<\/span><\/p>\n<p><span>V Rusku jsem nezaznamenal \u017e\u00e1dnou zlobu ohledn\u011b jeho smrti, ale nezaznamenal jsem ani v\u00fdrazn\u00fd smutek. Kdyby z\u00e1padn\u00ed m\u00e9dia uvedla, \u017ee kolem 200 nebo 300 p\u0159\u00edznivc\u016f Navaln\u00e9ho polo\u017eilo kv\u011btiny ve m\u011bst\u011b s 12 miliony obyvatel, Moskv\u011b, pak by to bylo, jako by se v Berl\u00edn\u011b shrom\u00e1\u017edilo 70 a\u017e 100 lid\u00ed, aby n\u011bkoho oplakali. Z\u00e1padn\u00ed m\u00e9dia v\u0161ak p\u0159edst\u00edraj\u00ed, \u017ee cel\u00e9 Rusko je v \u0161oku a smutku, co\u017e je prost\u011b le\u017e.<\/span><\/p>\n<p><span>Skute\u010dnost, \u017ee do\u0161lo ke \u201estovk\u00e1m zat\u010den\u00ed\u201c, tak\u00e9 nen\u00ed pravda. \u00da\u010dast na nepovolen\u00e9 demonstraci je v Rusku pouze p\u0159estupkem. Ka\u017ed\u00fd, koho odvedou, se dostav\u00ed na policejn\u00ed slu\u017eebnu, zaznamenaj\u00ed se jeho osobn\u00ed \u00fadaje a s pokutou v ruce pak m\u016f\u017ee j\u00edt dom\u016f. V tom smyslu, jak nazna\u010duj\u00ed z\u00e1padn\u00ed m\u00e9dia, nebyl nikdo zat\u010den, pokud nekladl odpor st\u00e1tn\u00ed moci, co\u017e je v N\u011bmecku tak\u00e9 p\u0159\u00edsn\u011b trest\u00e1no.<\/span><\/p>\n<h3><span style=\"font-size: 18pt;\">P\u0159edvol\u00e1n rusk\u00fd velvyslanec<\/span><\/h3>\n<p><span>Mnoho z\u00e1padn\u00edch zem\u00ed za\u010dalo v pond\u011bl\u00ed svol\u00e1vat rusk\u00e9 velvyslance, aby jim p\u0159edali protestn\u00ed pozn\u00e1mky proti Navaln\u00e9ho smrti. Okam\u017eit\u011b se nab\u00edz\u00ed ot\u00e1zka, jak\u00fdm pr\u00e1vem to maj\u00ed d\u011blat, proto\u017ee si to p\u0159edstavte opa\u010dn\u011b: P\u0159edpokl\u00e1dejme, \u017ee vl\u00e1dn\u00ed kritik je zat\u010den v N\u011bmecku, proto\u017ee nap\u0159\u00edklad agitoval prorusk\u00fdm zp\u016fsobem (co\u017e je nyn\u00ed d\u011bje v N\u011bmecku po&#8230; zm\u011bn\u011b paragraf\u016f 130 a 140 trestn\u00edho z\u00e1kon\u00edku), a zem\u0159e v n\u011bmeck\u00e9 vazb\u011b.<\/span><\/p>\n<p><span>Jak by reagovala feder\u00e1ln\u00ed vl\u00e1da, kdyby ji Rusko obvinilo z vra\u017edy a p\u0159edvolalo si kv\u016fli tomu n\u011bmeck\u00e9ho velvyslance v Moskv\u011b? Je to tak, lid\u00e9 v Berl\u00edn\u011b by toto zasahov\u00e1n\u00ed do vnit\u0159n\u00edch z\u00e1le\u017eitost\u00ed zak\u00e1zali.<\/span><\/p>\n<p><span>Plat\u00ed to i obr\u00e1cen\u011b, a proto je z\u0159ejm\u00e9, \u017ee tato p\u0159edvol\u00e1n\u00ed rusk\u00fdch velvyslanc\u016f maj\u00ed m\u00edt pouze medi\u00e1ln\u00ed, nikoli v\u0161ak skute\u010dn\u00fd efekt, aby je\u0161t\u011b v\u00edce p\u0159i\u017eivili protirusk\u00e9 n\u00e1lady na Z\u00e1pad\u011b.<\/span><\/p>\n<h3><span style=\"font-size: 18pt;\">Jak lid\u00e9 reaguj\u00ed mimo z\u00e1padn\u00ed bublinu<\/span><\/h3>\n<p><span>V\u0161echny tyto akce Z\u00e1padu a jeho m\u00e9di\u00ed c\u00edl\u00ed p\u0159edev\u0161\u00edm na publikum na Z\u00e1pad\u011b, mimo Z\u00e1pad (a tak\u00e9 v Rusku) nemaj\u00ed prakticky \u017e\u00e1dn\u00fd efekt.<\/span><\/p>\n<p><span>Mluv\u010d\u00ed \u010d\u00ednsk\u00e9ho ministerstva zahrani\u010d\u00ed Mao Ning byl dot\u00e1z\u00e1n na smrt Alexeje Navaln\u00e9ho a\u00a0<\/span><a href=\"https:\/\/tass.ru\/mezhdunarodnaya-panorama\/20022575\" target=\"_blank\" rel=\"noreferrer noopener\"><span>ozna\u010dil<\/span><\/a><span>\u00a0ji za vnit\u0159n\u00ed z\u00e1le\u017eitost Ruska :<\/span><\/p>\n<p><em>\u201eOt\u00e1zka, kterou jste polo\u017eil, se t\u00fdk\u00e1 rusk\u00e9 vnit\u0159n\u00ed politiky. Nekomentuji je.&#8220;<\/em><\/p>\n<p><span>Na pozad\u00ed ostr\u00e9 reakce z\u00e1padn\u00edch zem\u00ed na smrt Alexeje Navaln\u00e9ho na okraj mnichovsk\u00e9 bezpe\u010dnostn\u00ed konference \u0159ekl mluv\u010d\u00ed indick\u00e9 vl\u00e1dnouc\u00ed strany novin\u00e1\u0159\u016fm, \u017ee Moskva je a z\u016fstane bl\u00edzk\u00fdm p\u0159\u00edtelem a spojencem Nov\u00e9ho Dill\u00ed. Na ot\u00e1zku, jak Indie ud\u011bl\u00e1 \u201eobchod\u201c s Moskvou po zpr\u00e1v\u011b o Navaln\u00e9ho smrti,\u00a0<\/span><a href=\"https:\/\/tass.ru\/mezhdunarodnaya-panorama\/20021637\" target=\"_blank\" rel=\"noreferrer noopener\"><span>odpov\u011bd\u011bl<\/span><\/a><span>\u00a0:<\/span><\/p>\n<p><em>\u201eRusko, opakuji postoj Indie, bylo, je a z\u016fst\u00e1v\u00e1 bl\u00edzk\u00fdm p\u0159\u00edtelem a spojencem Indie. Rusko jako st\u00e1t podporovalo Indii a Indie zase podporovala Rusko.\u201c<\/em><\/p>\n<h3><span style=\"font-size: 18pt;\">Dvoj\u00ed metr Z\u00e1padu<\/span><\/h3>\n<p><span>Zat\u00edmco Z\u00e1pad vytv\u00e1\u0159\u00ed tento humbuk kolem Navaln\u00e9ho smrti, jin\u00e9 p\u0159\u00edpady jsou z\u00e1m\u011brn\u011b p\u0159ehl\u00ed\u017eeny. Na Ukrajin\u011b byl americk\u00fd novin\u00e1\u0159 Gonzalo Lira zat\u010den a mu\u010den tajnou slu\u017ebou SBU za kritiku kyjevsk\u00e9 vl\u00e1dy a jej\u00ed politiky, ale z\u00e1padn\u00ed m\u00e9dia ani vl\u00e1da USA se o jeho osud nezaj\u00edmaly. Kdy\u017e v ukrajinsk\u00e9 vazb\u011b dostal z\u00e1pal plic, bylo mu odep\u0159eno l\u00e9ka\u0159sk\u00e9 o\u0161et\u0159en\u00ed a v polovin\u011b ledna\u00a0<\/span><a href=\"https:\/\/www.anti-spiegel.ru\/2024\/die-usa-haben-den-us-amerikanischen-journalisten-gonzalo-lira-in-der-ukraine-verrecken-lassen\/\" target=\"_blank\" rel=\"noreferrer noopener\"><span>ve v\u011bzen\u00ed zem\u0159el<\/span><\/a><span>\u00a0. To v\u0161ak pro z\u00e1padn\u00ed m\u00e9dia nest\u00e1lo za jedin\u00fd \u010dl\u00e1nek.<\/span><\/p>\n<p><span>Julian Assange, kter\u00fd je l\u00e9ta dr\u017een v britsk\u00e9 vazb\u011b za podm\u00ednek, kter\u00e9 OSN ozna\u010duje jako mu\u010den\u00ed, je zm\u00edn\u011bn jen pro \u00faplnost. Kdyby \u2013 nedej bo\u017ee \u2013 nep\u0159e\u017eil v\u011bze\u0148sk\u00e9 podm\u00ednky ve Velk\u00e9 Brit\u00e1nii, pak by o tom Der Spiegel nenapsal t\u00e9m\u011b\u0159 50 \u010dl\u00e1nk\u016f za \u010dty\u0159i dny.<\/span><\/p>\n<h3><span style=\"font-size: 18pt;\">Podm\u00ednky v rusk\u00fdch v\u011bznic\u00edch<\/span><\/h3>\n<p><span>Proto\u017ee Rusko nem\u011blo \u017e\u00e1dn\u00fd motiv zab\u00edt Navaln\u00e9ho (a rozhodn\u011b ne v tuto chv\u00edli), zb\u00fdvaj\u00ed pouze dv\u011b mo\u017enosti: Navalnyj zem\u0159el p\u0159irozenou smrt\u00ed nebo byl zavra\u017ed\u011bn.<\/span><\/p>\n<p><span>Bohu\u017eel v Rusku nen\u00ed probl\u00e9m propa\u0161ovat do v\u011bznic v podstat\u011b cokoliv. Toto je realita v Rusku, jak jsem\u00a0informoval ve sv\u00e9m prvn\u00edm\u00a0<\/span><a href=\"https:\/\/www.anti-spiegel.ru\/2024\/nawalnys-gesundheit-und-russische-wahlen\/\" target=\"_blank\" rel=\"noreferrer noopener\"><span>\u010dl\u00e1nku po Navaln\u00e9ho smrti.<\/span><\/a><\/p>\n<p><span>V \u010dl\u00e1nku jsem tak\u00e9 napsal, \u017ee jsem od informovan\u00e9ho zdroje sly\u0161el, \u017ee v\u011bznice, kde byl Navalnyj dr\u017een, z\u0159ejm\u011b vy\u0161et\u0159uje, zda tam nebyla propa\u0161ov\u00e1na l\u00e1tka, kterou by bylo mo\u017en\u00e9 Navaln\u00e9ho otr\u00e1vit. Zd\u00e1 se, \u017ee to potvrzuje \u010dl\u00e1nek opozi\u010dn\u00ed Novaya Gazeta Europa, o kter\u00e9m informoval i Der Spiegel. Bylo tam hl\u00e1\u0161eno, \u017ee ve v\u011bznici byly n\u00e1hle velk\u00e9 nepokoje, \u017ee v\u0161ichni v\u011bzni byli zav\u0159eni a jejich cely byly prohled\u00e1ny. \u010cl\u00e1nek hovo\u0159il o p\u0159ekvapiv\u00e9 n\u00e1v\u0161t\u011bv\u011b komise.<\/span><\/p>\n<p><span>A\u010dkoli Novaya Gazeta Europa tvrd\u00ed, \u017ee to za\u010dalo ve\u010der p\u0159edt\u00edm, z \u010deho\u017e vyvozuje, \u017ee Navalnyj mohl zem\u0159\u00edt o den d\u0159\u00edve, ne\u017e bylo ofici\u00e1ln\u011b ozn\u00e1meno, zaj\u00edmav\u00e9 je, \u017ee zpr\u00e1va potvrzuje, co mi bylo \u0159e\u010deno.<\/span><\/p>\n<p><span>Mimochodem, na \u010dl\u00e1nku je je\u0161t\u011b n\u011bco zaj\u00edmav\u00e9ho, proto\u017ee ukazuje to, co jsem \u0159ekl ve sv\u00e9m prvn\u00edm \u010dl\u00e1nku, toti\u017e \u017ee v rusk\u00fdch v\u011bznic\u00edch m\u016f\u017eete m\u00edt v\u0161e, po \u010dem va\u0161e srdce tou\u017e\u00ed.\u00a0<\/span><a href=\"https:\/\/www.spiegel.de\/ausland\/alexej-nawalny-wie-und-wann-starb-der-kremlkritiker-a-7ff53e5b-d73b-4769-830e-e3ab69772bf3\" target=\"_blank\" rel=\"noreferrer noopener\"><span>Der Spiegel cituje<\/span><\/a><span>\u00a0z \u010dl\u00e1nku:<\/span><\/p>\n<p><em>\u201eR\u00e1no 16. \u00fanora vzru\u0161en\u00ed \u00fadajn\u011b pokra\u010dovalo. Zam\u011bstnanci trestaneck\u00e9 kolonie zabavili \u201emobiln\u00ed telefony, mapy a dokonce i kotle\u201c.<\/em><\/p>\n<p><span>Sta\u010d\u00ed se zeptat n\u011bmeck\u00fdch v\u011bz\u0148\u016f, zda mohou m\u00edt v cel\u00e1ch mobiln\u00ed telefony. To je v Rusku tak\u00e9 form\u00e1ln\u011b zak\u00e1z\u00e1no, ale \u00fadajn\u011b nelidsk\u00e9 podm\u00ednky v rusk\u00fdch v\u011bznic\u00edch jsou v praxi mnohem voln\u011bj\u0161\u00ed ne\u017e na pap\u00ed\u0159e.Nechci t\u00edm \u0159\u00edct, \u017ee rusk\u00e9 v\u011bznice jsou domovy d\u016fchodc\u016f, ale jsou jin\u00e9, ne\u017e jak se uv\u00e1d\u00ed.<\/span><\/p>\n<h3><span style=\"font-size: 18pt;\">Medi\u00e1ln\u00ed kampa\u0148 bude pokra\u010dovat<\/span><\/h3>\n<p><span>V\u0161ichni v Rusku si u\u017e l\u00e9ta uv\u011bdomuj\u00ed, \u017ee se Z\u00e1pad pokus\u00ed naru\u0161it prezidentsk\u00e9 volby v roce 2024. To je t\u00e9ma, o kter\u00e9m analytici ve\u0159ejn\u011b diskutovali a p\u0159em\u00fd\u0161leli u\u017e l\u00e9ta a na kter\u00e9 se rusk\u00e1 vl\u00e1da jist\u011b p\u0159ipravovala.<\/span><\/p>\n<p><span>Nez\u00e1le\u017e\u00ed na tom, zda Navalnyj zem\u0159el p\u0159irozenou smrt\u00ed, nebo byl zavra\u017ed\u011bn z\u00e1padn\u00edmi \u010di ukrajinsk\u00fdmi tajn\u00fdmi slu\u017ebami, kter\u00e9 k tomu popudily jednoho z Navaln\u00e9ho v\u011bzn\u011b a poskytly mu odpov\u00eddaj\u00edc\u00ed l\u00e1tku. N\u00e1siln\u00e9 reakce Z\u00e1padu a p\u0159edev\u0161\u00edm neb\u00fdval\u00e9 mno\u017estv\u00ed \u010dl\u00e1nk\u016f o Navaln\u00e9m dokazuj\u00ed, \u017ee Z\u00e1pad jeho smrti s chut\u00ed vyu\u017e\u00edv\u00e1.<\/span><\/p>\n<p><span>Z\u00e1pad pravd\u011bpodobn\u011b p\u0159i\u0161el s je\u0161t\u011b v\u00edce n\u00e1pady, jak naru\u0161it nadch\u00e1zej\u00edc\u00ed rusk\u00e9 prezidentsk\u00e9 volby. Konaj\u00ed se v polovin\u011b b\u0159ezna, tak\u017ee se nem\u016f\u017eeme do\u010dkat, co se bude d\u00edt v n\u00e1sleduj\u00edc\u00edch t\u00fddnech.<\/span><\/p>\n<p><a href=\"https:\/\/www.anti-spiegel.ru\/2024\/der-verlogene-medienhype-um-nawalny\/\">Thomas R\u00f6per<\/a><\/p>\n<p><img decoding=\"async\" loading=\"lazy\" class=\"alignnone  wp-image-22016\" src=\"http:\/\/www.infokuryr.cz\/n\/wp-content\/uploads\/2023\/01\/Thomas-Roper-298x300.jpg\" alt=\"\" width=\"172\" height=\"173\" srcset=\"https:\/\/www.infokuryr.cz\/n\/wp-content\/uploads\/2023\/01\/Thomas-Roper-298x300.jpg 298w, https:\/\/www.infokuryr.cz\/n\/wp-content\/uploads\/2023\/01\/Thomas-Roper-150x150.jpg 150w, https:\/\/www.infokuryr.cz\/n\/wp-content\/uploads\/2023\/01\/Thomas-Roper.jpg 596w\" sizes=\"(max-width: 172px) 100vw, 172px\" \/><\/p>\n<p>&nbsp;<\/p>\n","protected":false},"excerpt":{"rendered":"<p>Bylo jasn\u00e9, \u017ee z\u00e1padn\u00ed m\u00e9dia vytvo\u0159\u00ed kolem Navaln\u00e9ho smrti obrovsk\u00fd humbuk, ale to, co se&#8230;<\/p>\n","protected":false},"author":2,"featured_media":47395,"comment_status":"closed","ping_status":"closed","sticky":false,"template":"","format":"standard","meta":[],"categories":[7],"tags":[2253,301,1051,365],"_links":{"self":[{"href":"https:\/\/www.infokuryr.cz\/n\/wp-json\/wp\/v2\/posts\/47498"}],"collection":[{"href":"https:\/\/www.infokuryr.cz\/n\/wp-json\/wp\/v2\/posts"}],"about":[{"href":"https:\/\/www.infokuryr.cz\/n\/wp-json\/wp\/v2\/types\/post"}],"author":[{"embeddable":true,"href":"https:\/\/www.infokuryr.cz\/n\/wp-json\/wp\/v2\/users\/2"}],"replies":[{"embeddable":true,"href":"https:\/\/www.infokuryr.cz\/n\/wp-json\/wp\/v2\/comments?post=47498"}],"version-history":[{"count":0,"href":"https:\/\/www.infokuryr.cz\/n\/wp-json\/wp\/v2\/posts\/47498\/revisions"}],"wp:featuredmedia":[{"embeddable":true,"href":"https:\/\/www.infokuryr.cz\/n\/wp-json\/wp\/v2\/media\/47395"}],"wp:attachment":[{"href":"https:\/\/www.infokuryr.cz\/n\/wp-json\/wp\/v2\/media?parent=47498"}],"wp:term":[{"taxonomy":"category","embeddable":true,"href":"https:\/\/www.infokuryr.cz\/n\/wp-json\/wp\/v2\/categories?post=47498"},{"taxonomy":"post_tag","embeddable":true,"href":"https:\/\/www.infokuryr.cz\/n\/wp-json\/wp\/v2\/tags?post=47498"}],"curies":[{"name":"wp","href":"https:\/\/api.w.org\/{rel}","templated":true}]}}