{"id":47497,"date":"2024-02-20T06:06:40","date_gmt":"2024-02-20T05:06:40","guid":{"rendered":"https:\/\/www.infokuryr.cz\/n\/?p=47497"},"modified":"2024-02-20T06:06:40","modified_gmt":"2024-02-20T05:06:40","slug":"michael-svatos-v-kyjeve-vypukla-panika-rusko-v-noci-zahajilo-ofenzivu-smerem-na-zaporozi","status":"publish","type":"post","link":"https:\/\/www.infokuryr.cz\/n\/2024\/02\/20\/michael-svatos-v-kyjeve-vypukla-panika-rusko-v-noci-zahajilo-ofenzivu-smerem-na-zaporozi\/","title":{"rendered":"Michael Svato\u0161: V Kyjev\u011b vypukla panika! Rusko v noci zah\u00e1jilo ofenz\u00edvu sm\u011brem na Z\u00e1poro\u017e\u00ed!"},"content":{"rendered":"<div id=\"fb-root\"><\/div>\n<p><span style=\"font-size: 14pt; color: #993366;\"><strong>V Kyjev\u011b vypukla panika! Rusko v noci zah\u00e1jilo ofenz\u00edvu sm\u011brem na Z\u00e1poro\u017e\u00ed! Na boji\u0161ti se ne\u010dekan\u011b zjevila nov\u00e1 rusk\u00e1 obrn\u011bn\u00e1 arm\u00e1da v s\u00edle 50 000 mu\u017e\u016f a v\u010dera pozd\u011b odpoledne smetla ukrajinskou obranu u slavn\u00e9 vesnice Rabotino!<\/strong><\/span><\/p>\n<p><a href=\"https:\/\/rutube.ru\/video\/15af375e42e1594a9bace294d9670552\/\">Dnes r\u00e1no v 04.00 ozn\u00e1mil rusk\u00fd kan\u00e1l Rybar<\/a>\u00a0provozovan\u00fd b\u00fdval\u00fdmi \u010dleny rusk\u00fdch tajn\u00fdch slu\u017eeb SVR a GRU, kte\u0159\u00ed byli za svou analytickou \u010dinnost o v\u00e1lce na Ukrajin\u011b Putinem loni vyznamen\u00e1ni, za\u010d\u00e1tek rusk\u00e9 ofenz\u00edvy sm\u011brem na Z\u00e1poro\u017e\u00ed na Dn\u011bpru, (700 tis\u00edc obyvatel).\u00a0<a href=\"https:\/\/www.michalapetr.com\/map-1894-kyjev-vydal-prikazy-k-zahajeni-vyuky-polstiny-jako-druheho-jazyka-na-ukrajine-kozacky-ataman-zidkov-na-putinuv-rozkaz-vyhlasil-obnoveni-zaporozske-sice-a-zacal-shromazdovat-ukrajinske-a-rusk\/?preview_id=8934&amp;preview_nonce=f59b628419&amp;post_format=standard&amp;_thumbnail_id=-1&amp;preview=true\">Na\u0161e anal\u00fdza 1894 z konce ledna o sm\u011bru dal\u0161\u00edho rusk\u00e9ho \u00fatoku se tak potvrdila<\/a>! Putin z\u0159ejm\u011b vydal p\u0159\u00edkazy k \u00fatoku na \u0161irok\u00e9 front\u011b!<\/p>\n<p>Na v\u00fdchodn\u00ed Ukrajin\u011b<a href=\"https:\/\/meteofor.com.ua\/weather-donetsk-5080\/3-day\/\">\u00a0maj\u00ed v n\u00e1sleduj\u00edc\u00edch n\u011bkolika dnech ude\u0159it no\u010dn\u00ed mrazy<\/a>\u00a0a je p\u0159edpoklad, \u017ee relativn\u011b n\u00edzk\u00e9 denn\u00ed teploty je\u0161t\u011b neprom\u011bn\u00ed bitevn\u00ed pole v hlubok\u00e9 bahno. P\u0159ed n\u00e1stupem<a href=\"https:\/\/cs.wikipedia.org\/wiki\/Rasputica\">\u00a0Rasputici\u00a0<\/a>\u00a0se tak Rus\u016fm objevila ne\u010dekan\u00e1 mo\u017enost, vyu\u017e\u00edt po\u010das\u00ed a pron\u00e1sledovat zdemoralizovan\u00e9 a vy\u010derpan\u00e9 ukrajinsk\u00e9 jednotky, a u\u0161t\u011bd\u0159it jim dal\u0161\u00ed por\u00e1\u017eku!<\/p>\n<p><img decoding=\"async\" loading=\"lazy\" class=\"wp-image-9321 aligncenter\" src=\"https:\/\/www.michalapetr.com\/wp-content\/uploads\/2024\/02\/photo_2024-02-19_21-35-09.jpg\" sizes=\"(max-width: 1280px) 100vw, 1280px\" srcset=\"https:\/\/www.michalapetr.com\/wp-content\/uploads\/2024\/02\/photo_2024-02-19_21-35-09.jpg 1280w, https:\/\/www.michalapetr.com\/wp-content\/uploads\/2024\/02\/photo_2024-02-19_21-35-09-300x169.jpg 300w, https:\/\/www.michalapetr.com\/wp-content\/uploads\/2024\/02\/photo_2024-02-19_21-35-09-1030x579.jpg 1030w, https:\/\/www.michalapetr.com\/wp-content\/uploads\/2024\/02\/photo_2024-02-19_21-35-09-768x431.jpg 768w, https:\/\/www.michalapetr.com\/wp-content\/uploads\/2024\/02\/photo_2024-02-19_21-35-09-705x396.jpg 705w, https:\/\/www.michalapetr.com\/wp-content\/uploads\/2024\/02\/photo_2024-02-19_21-35-09-450x253.jpg 450w\" alt=\"\" width=\"1027\" height=\"577\" \/><\/p>\n<p>Severn\u011b od Avdijivky, u Bachmutu, rusk\u00e9 jednotky pokra\u010dovaly v \u00fatoc\u00edch a \u00fasp\u011b\u0161n\u011b postupovaly sm\u011brem na Z\u00e1pad. Vytrval\u00fd rusk\u00fd tlak v oblasti Bachmut se pomalu ale jist\u011b stup\u0148uje, a fronta se zde vytrvale p\u0159esunuje z\u00e1padn\u00edm sm\u011brem. Jakmile bude dobyt \u010casov Jar, otev\u0159e se cesta severoz\u00e1padn\u011b na Slavjansk, a jihoz\u00e1padn\u011b na Konstantinovku. Rusk\u00e9 \u00fatoky v t\u00e9to oblasti ohro\u017euj\u00ed severn\u011bji rozlo\u017eenou obranu m\u011bsta Seversk, kter\u00e9 po p\u00e1du \u010casov Jar bude muset b\u00fdt vyklizeno, jinak padne do opera\u010dn\u00edho obkl\u00ed\u010den\u00ed.<\/p>\n<div id=\"attachment_9320\" class=\"wp-caption aligncenter\" style=\"width: 1052px;\"><img decoding=\"async\" loading=\"lazy\" class=\" wp-image-9320\" src=\"https:\/\/www.michalapetr.com\/wp-content\/uploads\/2024\/02\/photo_2024-02-19_21-35-08.jpg\" sizes=\"(max-width: 1280px) 100vw, 1280px\" srcset=\"https:\/\/www.michalapetr.com\/wp-content\/uploads\/2024\/02\/photo_2024-02-19_21-35-08.jpg 1280w, https:\/\/www.michalapetr.com\/wp-content\/uploads\/2024\/02\/photo_2024-02-19_21-35-08-300x169.jpg 300w, https:\/\/www.michalapetr.com\/wp-content\/uploads\/2024\/02\/photo_2024-02-19_21-35-08-1030x579.jpg 1030w, https:\/\/www.michalapetr.com\/wp-content\/uploads\/2024\/02\/photo_2024-02-19_21-35-08-768x431.jpg 768w, https:\/\/www.michalapetr.com\/wp-content\/uploads\/2024\/02\/photo_2024-02-19_21-35-08-705x396.jpg 705w, https:\/\/www.michalapetr.com\/wp-content\/uploads\/2024\/02\/photo_2024-02-19_21-35-08-450x253.jpg 450w\" alt=\"\" width=\"1052\" height=\"591\" aria-describedby=\"caption-attachment-9320\" \/><\/p>\n<p id=\"caption-attachment-9320\" class=\"wp-caption-text\">Rusov\u00e9 v\u010dera zah\u00e1jili postup z Avdijivky na Z\u00e1pad. Prchaj\u00edc\u00ed AZOV 3 ihned vyklidil vesnici Lasto\u010dkino 2 km z\u00e1padn\u011b od Avdijivky.<\/p>\n<\/div>\n<p>Severn\u011b od Don\u011bcka v\u010dera Rusov\u00e9, po obsazen\u00ed Avdijivky, ihned pokra\u010dovali v postupu, a vpodve\u010der u\u017e hl\u00e1sili, \u017ee jejich p\u0159edn\u00ed\u00a0<a href=\"https:\/\/topwar.ru\/236562-na-plechah-otstupajuschego-protivnika-soobschaetsja-ob-osvobozhdenii-sela-lastochkino-rossijskimi-vojskami.html\">odd\u00edly u\u017e vy\u010distily od prchaj\u00edc\u00edch veter\u00e1n\u016f 3. \u00fadern\u00e9 brig\u00e1dy AZOV<\/a>\u00a0nejm\u00e9n\u011b polovinu obce\u00a0<a href=\"https:\/\/ru.wikipedia.org\/wiki\/%D0%9B%D0%B0%D1%81%D1%82%D0%BE%D1%87%D0%BA%D0%B8%D0%BD%D0%BE_(%D0%94%D0%BE%D0%BD%D0%B5%D1%86%D0%BA%D0%B0%D1%8F_%D0%BE%D0%B1%D0%BB%D0%B0%D1%81%D1%82%D1%8C)\">\u041b\u0430\u0441\u0442\u043e\u0447\u043a\u0438\u043d\u043e<\/a>, (600 obyvatel), kter\u00e1 se nach\u00e1z\u00ed 2.5 km z\u00e1padn\u011b od Avdijivky, na jedin\u00e9 klasick\u00e9 asfaltov\u00e9 cest\u011b, kter\u00e1 vede z Don\u011bcka p\u0159es Avdijivku d\u00e1le na z\u00e1pad.<\/p>\n<div id=\"attachment_9318\" class=\"wp-caption aligncenter\" style=\"width: 796px;\"><img decoding=\"async\" loading=\"lazy\" class=\" wp-image-9318\" src=\"https:\/\/www.michalapetr.com\/wp-content\/uploads\/2024\/02\/photo_2024-02-20_01-45-01.jpg\" sizes=\"(max-width: 800px) 100vw, 800px\" srcset=\"https:\/\/www.michalapetr.com\/wp-content\/uploads\/2024\/02\/photo_2024-02-20_01-45-01.jpg 800w, https:\/\/www.michalapetr.com\/wp-content\/uploads\/2024\/02\/photo_2024-02-20_01-45-01-300x150.jpg 300w, https:\/\/www.michalapetr.com\/wp-content\/uploads\/2024\/02\/photo_2024-02-20_01-45-01-768x384.jpg 768w, https:\/\/www.michalapetr.com\/wp-content\/uploads\/2024\/02\/photo_2024-02-20_01-45-01-705x353.jpg 705w, https:\/\/www.michalapetr.com\/wp-content\/uploads\/2024\/02\/photo_2024-02-20_01-45-01-450x225.jpg 450w\" alt=\"\" width=\"796\" height=\"398\" aria-describedby=\"caption-attachment-9318\" \/><\/p>\n<p id=\"caption-attachment-9318\" class=\"wp-caption-text\">Zajatc\u016f z Avdijivky je tolik, \u017ee je u\u017e nen\u00ed \u201cani kam nacpat\u201d, chlubili se v\u010dera Rusov\u00e9, a ozn\u00e1mili, \u017ee prokur\u00e1to\u0159i se u\u017e na Banderovce a Azovce chystaj\u00ed, aby je za zlo\u010diny proti civiln\u00ed obyvatel\u016fm, po \u0159\u00e1dn\u00e9m rusk\u00e9m soudu, uvrhli do v\u011bzen\u00ed!<\/p>\n<\/div>\n<p>V samotn\u00e9 Avdijivce pokra\u010duje klasick\u00e1 rusk\u00e1 \u201cza\u010distka\u201d poskr\u00fdvan\u00fdch Ukrajinc\u016f.\u00a0<a href=\"https:\/\/t.me\/swodki\/350960\">Podle rusk\u00fdch hl\u00e1\u0161en\u00ed<\/a>\u00a0je cel\u00e9 m\u011bsto doslova poseto tis\u00edcovkami trup\u016f padl\u00fdch ukrajinsk\u00fdch voj\u00e1k\u016f, a stovkami t\u011bl polsk\u00fdch a americk\u00fdch \u017eold\u00e1k\u016f, kter\u00e9 nikdo ani nesb\u00edr\u00e1, kolik jich je. (<a href=\"https:\/\/t.me\/swodki\/350981\">Video).<\/a>\u00a0V\u00e1le\u010dnou ko\u0159ist p\u0159edstavuj\u00ed des\u00edtky d\u011bl a obrn\u011bn\u00fdch vozidel i cel\u00e9 sklady munice. Po\u010dty zajatc\u016f jsou pr\u00fd zna\u010dn\u00e9, (<a href=\"https:\/\/t.me\/swodki\/351032\">Video<\/a>), a veden\u00ed don\u011bck\u00fdch rebel\u016f proto dostalo za \u00fakol nal\u00e9hav\u011b vy\u0159e\u0161it, kam je v\u0161echny, v\u010detn\u011b des\u00edtek d\u016fstojn\u00edk\u016f, \u201cnacpat\u201d, ne\u017e p\u0159ijde \u0159ada je vyslechnout a postavit p\u0159ed soudy. Podle rusk\u00fdch vy\u0161et\u0159ovatel\u016f, kte\u0159\u00ed ve m\u011bst\u011b u\u017e za\u010dali pracovat, se ukrajinsk\u00e1 soldateska zejm\u00e9na v posledn\u00edch m\u011bs\u00edc\u00edch dopou\u0161t\u011bla obzvl\u00e1\u0161t\u011b odporn\u00fdch trestn\u00fdch \u010din\u016f proti m\u00edstn\u00edm obyvatel\u016fm.<\/p>\n<p>Z dal\u0161\u00edch z\u00e1padn\u00edch hl\u00e1\u0161en\u00ed vypl\u00fdv\u00e1,<a href=\"https:\/\/militarywatchmagazine.com\/article\/ukrainian-army-disordered-retreat\">\u00a0\u017ee Ukrajinci p\u0159i z\u00e1v\u011bre\u010dn\u00fdch boj\u00edch o m\u011bsto utrp\u011bly pr\u016fm\u011brn\u00e9 denn\u00ed ztr\u00e1ty 1500 mu\u017e\u016f<\/a>, a zbytky jejich vojsk za\u010daly m\u011bsto samovoln\u011b opou\u0161t\u011bt je\u0161t\u011b p\u0159ed vyd\u00e1n\u00edm rozkaz\u016f k \u00fastupu, p\u0159i\u010dem\u017e ponech\u00e1vali sv\u00e9 zran\u011bn\u00e9 na pospas osudu.\u00a0<a href=\"https:\/\/www.unian.net\/war\/avdeevka-v-tretey-shturmovoy-brigade-rasskazali-est-li-sredi-ih-boycov-plennye-12548685.html\">Velen\u00ed veter\u00e1n\u016f AZOV 3. \u00fadern\u00e9 brig\u00e1dy v\u010dera ve\u010der p\u0159iznalo<\/a>, \u017ee ani nev\u00ed kolik mu\u017e\u016f ve m\u011bst\u011b padlo, bylo zran\u011bno, a nebo se vzdalo, proto\u017ee hrozn\u00e9 rusk\u00e9 bomby FAB 1500, kter\u00fdmi je gener\u00e1l Mordvi\u010dev dva dny zasyp\u00e1val, spoustu mu\u017e\u016f roztrhaly na kusy, a nebo poh\u0159bily pod zhroucen\u00fdmi troskami rozmetan\u00fdch budov.<\/p>\n<p><a href=\"https:\/\/t.me\/swodki\/351068\">Video z obrovsk\u00e9 betonov\u00e9 pevnosti \u201cZenit\u201d<\/a>, vybudovan\u00e9 z b\u00fdval\u00e9 sov\u011btsk\u00e9 raketov\u00e9 z\u00e1kladny, na jihu Avdijivky, ze kter\u00e9 110. ukrajinsk\u00e1 brig\u00e1da rad\u011bji bez boje prchla, aby nebyla obkl\u00ed\u010dena. Velen\u00ed ukrajinsk\u00e9 110. brig\u00e1dy, kter\u00e1 byla podle v\u0161eho v boj\u00edch o Avdijivku \u00fapln\u011b zdecimov\u00e1na,\u00a0<a href=\"https:\/\/suspilne.media\/687836-rosiani-300-h-ne-lisaut-sered-jmovirno-rozstrilanih-zahisnikiv-avdiivki-vpiznali-bijciv-z-kirovogradsini-ta-dnipra\/\">v\u010dera obvinilo rusk\u00e9 voj\u00e1ky z dob\u00edjen\u00ed ukrajinsk\u00fdch voj\u00e1k\u016f<\/a>. Naopak veden\u00ed Don\u011bck\u00e9 republiky, (Rebelov\u00e9), vydalo svodku o po\u010dtu trestn\u00fdch \u010din\u016f proti civilist\u016f, kter\u00e9 voj\u00e1ci Ukrajiny sp\u00e1chali od zah\u00e1jen\u00ed Putinovi speci\u00e1ln\u00ed operace \u2013 viz tabulky n\u00ed\u017ee:<\/p>\n<div id=\"attachment_9334\" class=\"wp-caption aligncenter\" style=\"width: 949px;\"><img decoding=\"async\" loading=\"lazy\" class=\" wp-image-9334\" src=\"https:\/\/www.michalapetr.com\/wp-content\/uploads\/2024\/02\/photo_2024-02-19_18-57-50.jpg\" sizes=\"(max-width: 1280px) 100vw, 1280px\" srcset=\"https:\/\/www.michalapetr.com\/wp-content\/uploads\/2024\/02\/photo_2024-02-19_18-57-50.jpg 1280w, https:\/\/www.michalapetr.com\/wp-content\/uploads\/2024\/02\/photo_2024-02-19_18-57-50-300x199.jpg 300w, https:\/\/www.michalapetr.com\/wp-content\/uploads\/2024\/02\/photo_2024-02-19_18-57-50-1030x685.jpg 1030w, https:\/\/www.michalapetr.com\/wp-content\/uploads\/2024\/02\/photo_2024-02-19_18-57-50-768x511.jpg 768w, https:\/\/www.michalapetr.com\/wp-content\/uploads\/2024\/02\/photo_2024-02-19_18-57-50-705x469.jpg 705w, https:\/\/www.michalapetr.com\/wp-content\/uploads\/2024\/02\/photo_2024-02-19_18-57-50-450x299.jpg 450w\" alt=\"\" width=\"949\" height=\"631\" aria-describedby=\"caption-attachment-9334\" \/><\/p>\n<p id=\"caption-attachment-9334\" class=\"wp-caption-text\">Po\u010dty raket, gran\u00e1t\u016f a st\u0159el, v\u010detn\u011b kazetov\u00fdch, kter\u00e9 Ukrajinci vyp\u00e1lili za dva roky proti civiln\u00edm c\u00edl\u016fm v Don\u011bck\u00e9 republice.<\/p>\n<\/div>\n<p>&nbsp;<\/p>\n<div id=\"attachment_9335\" class=\"wp-caption aligncenter\" style=\"width: 1024px;\"><img decoding=\"async\" loading=\"lazy\" class=\" wp-image-9335\" src=\"https:\/\/www.michalapetr.com\/wp-content\/uploads\/2024\/02\/photo_2024-02-19_18-57-48.jpg\" sizes=\"(max-width: 1280px) 100vw, 1280px\" srcset=\"https:\/\/www.michalapetr.com\/wp-content\/uploads\/2024\/02\/photo_2024-02-19_18-57-48.jpg 1280w, https:\/\/www.michalapetr.com\/wp-content\/uploads\/2024\/02\/photo_2024-02-19_18-57-48-300x199.jpg 300w, https:\/\/www.michalapetr.com\/wp-content\/uploads\/2024\/02\/photo_2024-02-19_18-57-48-1030x685.jpg 1030w, https:\/\/www.michalapetr.com\/wp-content\/uploads\/2024\/02\/photo_2024-02-19_18-57-48-768x511.jpg 768w, https:\/\/www.michalapetr.com\/wp-content\/uploads\/2024\/02\/photo_2024-02-19_18-57-48-705x469.jpg 705w, https:\/\/www.michalapetr.com\/wp-content\/uploads\/2024\/02\/photo_2024-02-19_18-57-48-450x299.jpg 450w\" alt=\"\" width=\"1024\" height=\"681\" aria-describedby=\"caption-attachment-9335\" \/><\/p>\n<p id=\"caption-attachment-9335\" class=\"wp-caption-text\">Po\u010dty Ukrajinci zavra\u017ed\u011bn\u00fdch a zran\u011bn\u00fdch d\u011bt\u00ed a civilist\u016f v DNR za dva roky v\u00e1lky, v\u010detn\u011b ob\u011bt\u00ed teroristick\u00fdch \u00fatok\u016f.<\/p>\n<\/div>\n<div id=\"attachment_9336\" class=\"wp-caption aligncenter\" style=\"width: 1045px;\"><img decoding=\"async\" loading=\"lazy\" class=\" wp-image-9336\" src=\"https:\/\/www.michalapetr.com\/wp-content\/uploads\/2024\/02\/photo_2024-02-19_18-57-49.jpg\" sizes=\"(max-width: 1280px) 100vw, 1280px\" srcset=\"https:\/\/www.michalapetr.com\/wp-content\/uploads\/2024\/02\/photo_2024-02-19_18-57-49.jpg 1280w, https:\/\/www.michalapetr.com\/wp-content\/uploads\/2024\/02\/photo_2024-02-19_18-57-49-300x199.jpg 300w, https:\/\/www.michalapetr.com\/wp-content\/uploads\/2024\/02\/photo_2024-02-19_18-57-49-1030x685.jpg 1030w, https:\/\/www.michalapetr.com\/wp-content\/uploads\/2024\/02\/photo_2024-02-19_18-57-49-768x511.jpg 768w, https:\/\/www.michalapetr.com\/wp-content\/uploads\/2024\/02\/photo_2024-02-19_18-57-49-705x469.jpg 705w, https:\/\/www.michalapetr.com\/wp-content\/uploads\/2024\/02\/photo_2024-02-19_18-57-49-450x299.jpg 450w\" alt=\"\" width=\"1045\" height=\"695\" aria-describedby=\"caption-attachment-9336\" \/><\/p>\n<p id=\"caption-attachment-9336\" class=\"wp-caption-text\">Po\u010dty zni\u010den\u00fdch dopravn\u00edch prost\u0159edk\u016f, objekt\u016f ve\u0159ejn\u00e9 infrastruktury a nemovitost\u00ed za dva roky v\u00e1lky v DNR.<\/p>\n<\/div>\n<p>&nbsp;<\/p>\n<div id=\"attachment_9319\" class=\"wp-caption aligncenter\" style=\"width: 666px;\"><img decoding=\"async\" loading=\"lazy\" class=\" wp-image-9319\" src=\"https:\/\/www.michalapetr.com\/wp-content\/uploads\/2024\/02\/photo_2024-02-20_02-10-22.jpg\" sizes=\"(max-width: 706px) 100vw, 706px\" srcset=\"https:\/\/www.michalapetr.com\/wp-content\/uploads\/2024\/02\/photo_2024-02-20_02-10-22.jpg 706w, https:\/\/www.michalapetr.com\/wp-content\/uploads\/2024\/02\/photo_2024-02-20_02-10-22-300x286.jpg 300w, https:\/\/www.michalapetr.com\/wp-content\/uploads\/2024\/02\/photo_2024-02-20_02-10-22-450x428.jpg 450w\" alt=\"\" width=\"666\" height=\"634\" aria-describedby=\"caption-attachment-9319\" \/><\/p>\n<p id=\"caption-attachment-9319\" class=\"wp-caption-text\">Postup ji\u017en\u011b od Don\u011bcka na Vuhledar ze z\u00e1padu.<\/p>\n<\/div>\n<p>Ji\u017en\u011b od Don\u011bcka, pod v prosinci dobyt\u00fdm p\u0159edm\u011bst\u00edm\u00a0<a href=\"https:\/\/cs.wikipedia.org\/wiki\/Marjinka\">Marjinka<\/a>, Rusov\u00e9 v\u010dera po kr\u00e1tk\u00e9m urputn\u00e9m boji vstoupili do vesnic \u041f\u043e\u0431\u0435\u0434a a \u041d\u043e\u0432\u043e\u043c\u0438\u0445\u0430\u0439\u043b\u043e\u0432\u043aa, a zah\u00e1jili p\u0159es n\u011b postup do t\u00fdlu ukrajinsk\u00e9 pevnosti Vuhledar ze z\u00e1padu. (Mapa naho\u0159e.) Na map\u011b v lev\u00e9m horn\u00edm rohu vid\u00edte op\u011bt, jako u\u00a0<a href=\"https:\/\/ru.wikipedia.org\/wiki\/%D0%9B%D0%B0%D1%81%D1%82%D0%BE%D1%87%D0%BA%D0%B8%D0%BD%D0%BE_(%D0%94%D0%BE%D0%BD%D0%B5%D1%86%D0%BA%D0%B0%D1%8F_%D0%BE%D0%B1%D0%BB%D0%B0%D1%81%D1%82%D1%8C)\">\u041b\u0430\u0441\u0442\u043e\u0447\u043a\u0438\u043d\u043e<\/a>,\u00a0 vyzna\u010denou klasickou asfaltovou cestu \u041e0532. Rusov\u00e9 tedy vzhledem k po\u010das\u00ed postupuj\u00ed pod\u00e9l zpevn\u011bn\u00fdch cest. Ukrajinci p\u0159itom nejsou schopni tyto \u00fazk\u00e9 koridory, kter\u00fdmi Rusov\u00e9 postupuj\u00ed, ani \u00fa\u010dinn\u011b minovat, ani je br\u00e1nit, a ani je pusto\u0161it d\u011blost\u0159elbou. Tak vypad\u00e1 typick\u00e1 situace demoralizovan\u00e9ho obr\u00e1nce, kter\u00e9mu do\u0161la munice i z\u00e1lohy, a jeho\u017e velen\u00ed ztratilo schopnost \u0159\u00eddit sv\u00e1 vojska na opera\u010dn\u00ed \u00farovni.<\/p>\n<p><img decoding=\"async\" loading=\"lazy\" class=\"wp-image-9322 aligncenter\" src=\"https:\/\/www.michalapetr.com\/wp-content\/uploads\/2024\/02\/photo_2024-02-19_11-58-54.jpg\" sizes=\"(max-width: 1280px) 100vw, 1280px\" srcset=\"https:\/\/www.michalapetr.com\/wp-content\/uploads\/2024\/02\/photo_2024-02-19_11-58-54.jpg 1280w, https:\/\/www.michalapetr.com\/wp-content\/uploads\/2024\/02\/photo_2024-02-19_11-58-54-300x169.jpg 300w, https:\/\/www.michalapetr.com\/wp-content\/uploads\/2024\/02\/photo_2024-02-19_11-58-54-1030x579.jpg 1030w, https:\/\/www.michalapetr.com\/wp-content\/uploads\/2024\/02\/photo_2024-02-19_11-58-54-768x432.jpg 768w, https:\/\/www.michalapetr.com\/wp-content\/uploads\/2024\/02\/photo_2024-02-19_11-58-54-705x397.jpg 705w, https:\/\/www.michalapetr.com\/wp-content\/uploads\/2024\/02\/photo_2024-02-19_11-58-54-450x253.jpg 450w\" alt=\"\" width=\"1076\" height=\"605\" \/><\/p>\n<p>Hlavn\u00ed rusk\u00e1 vojensk\u00e1 s\u00edla p\u0159ipraven\u00e1 k \u00fatoku se v\u0161ak v\u010dera soust\u0159edila na Z\u00e1poro\u017esk\u00e9m sm\u011bru, v\u00fdchodn\u011b od toku Dn\u011bpru.\u00a0<a href=\"https:\/\/www.unian.net\/war\/voyna-v-ukraine-rossiyane-styagivayut-voyska-na-zaporozhe-12548664.html\">Podle americk\u00fdch hl\u00e1\u0161en\u00ed sem Putin nakomandoval 50 000 voj\u00e1k\u016f po zuby vyzbrojen\u00fdch tanky, obrn\u011bn\u00fdmi vozidly a d\u011bly<\/a>. \u010celn\u00ed rusk\u00e9 jednotky<a href=\"https:\/\/www.kyivpost.com\/post\/28292\">\u00a0v\u010dera vyrazili proti vesnici Rabotino<\/a>, kter\u00e1 u\u017e existuje jen na map\u00e1ch, proto\u017ee byla zni\u010dena p\u0159i urputn\u00e9 letn\u00ed ukrajinsk\u00e9 ofenz\u00edv\u011b. Obsazen\u00ed vesnice Rabotino trvalo v l\u00e9t\u011b Ukrajinc\u016fm 3 m\u011bs\u00edce a okol\u00ed vesnice se stalo h\u0159bitovem z\u00e1padn\u00edch tank\u016f a obrn\u011bn\u00fdch vozidel. Celkem 7 brig\u00e1d vykrv\u00e1celo v \u00fatoc\u00edch, ne\u017e Rusov\u00e9 zni\u010denou vesnici opustili, do p\u0159ipraven\u00e9 linie za n\u00ed, kterou u\u017e Ukrajinci neprolomili.\u00a0<a href=\"https:\/\/www.kyivpost.com\/post\/28292\">Rusk\u00e9 tanky a p\u011bchota v\u010dera do Rabotina vpadly z n\u011bkolika sm\u011br\u016f a vesnici ovl\u00e1dli<\/a>. Co trvalo Ukrajinc\u016fm m\u011bs\u00edce, Rusov\u00e9 dok\u00e1zali za jedin\u00fd den! Nyn\u00ed se o\u010dek\u00e1v\u00e1, \u017ee hlavn\u00ed rusk\u00e9 s\u00edly budou z Rabotina postupovat proti m\u011bstu Orichiv, (15 000 obyvatel), kter\u00e9 br\u00e1n\u00ed p\u0159\u00edmou cestu na Z\u00e1poro\u017e\u00ed ( 700 000 obyvatel, 40 km severoz\u00e1padn\u011b od Orichiv).<\/p>\n<p><a href=\"https:\/\/stranapro.cz\/\"><img decoding=\"async\" loading=\"lazy\" class=\"alignnone  wp-image-40285 aligncenter\" src=\"http:\/\/www.infokuryr.cz\/n\/wp-content\/uploads\/2023\/11\/11pro-300x79.png\" alt=\"\" width=\"638\" height=\"168\" srcset=\"https:\/\/www.infokuryr.cz\/n\/wp-content\/uploads\/2023\/11\/11pro-300x79.png 300w, https:\/\/www.infokuryr.cz\/n\/wp-content\/uploads\/2023\/11\/11pro.png 363w\" sizes=\"(max-width: 638px) 100vw, 638px\" \/><\/a><\/p>\n<p>Ovl\u00e1dnut\u00edm Orichiv bude cel\u00e1 v\u00fdchodn\u00ed ukrajinsk\u00e1 skupina stoj\u00edc\u00ed proti m\u011bstu Don\u011bck v nebezpe\u010d\u00ed p\u0159e\u0159ez\u00e1n\u00ed z\u00e1sobovac\u00edch a \u00fastupov\u00fdch tras.<a href=\"https:\/\/cs.topwar.ru\/234494-oficery-vsu-v-rajone-rabotino-zajavili-francuzskim-reporteram-o-tom-chto-ukrainskij-genshtab-dopustil-sereznuju-oshibku.html\">\u00a0Ukrajinci od krachu letn\u00ed ofenz\u00edvy Orichiv d\u016fkladn\u011b opev\u0148ovali<\/a>\u00a0a do jeho p\u0159edpol\u00ed vyslali \u0159adu brig\u00e1d. Snadnost s jakou v\u010dera Rusov\u00e9 vytla\u010dili Ukrajince z Rabotino m\u016f\u017ee znamenat, \u017ee Ukrajinci cht\u011bj\u00ed sv\u00e9st obranou bitvu rad\u011bji v p\u0159edem p\u0159ipraven\u00e9 obran\u011b kolem Orichiv, podobn\u011b jako ji Rusov\u00e9 v l\u00e9t\u011b svedli u Rabotino. Panika,<a href=\"https:\/\/www.unian.net\/war\/situaciya-na-fronte-zelenskiy-zayavil-o-tyazheloy-situacii-12548670.html\">\u00a0kter\u00e1 v\u010dera v Kyjev\u011b v souvislosti s objeven\u00edm se 50ti tis\u00edcov\u00e9 rusk\u00e9 arm\u00e1dy pod Orichiv vznikla,<\/a>\u00a0m\u016f\u017ee souviset s celkov\u00fdm vy\u010derp\u00e1n\u00edm ukrajinsk\u00e9 arm\u00e1dy, kter\u00e1 u\u017e nen\u00ed schopn\u00e1 br\u00e1nit celou linii fronty. Rusov\u00e9 kte\u0159\u00ed nyn\u00ed sou\u010dasn\u011b \u00fato\u010d\u00ed na Charkovsk\u00e9 front\u011b proti Kupjansk i Liman, na Don\u011bck\u00e9 front\u011b proti \u010casov Jar, z Avdijivky na z\u00e1pad, z Marjinky za z\u00e1pad, a na Vuhledar,\u00a0 a je\u0161t\u011b k tomu na Z\u00e1poro\u017esk\u00e9 front\u011b proti Orichiv, tak maj\u00ed vysokou pravd\u011bpodobnost, \u017ee Ukrajinci rozpt\u00fdl\u00ed sv\u00e9 s\u00edly na \u0161irok\u00e9 front\u011b, a nejm\u00e9n\u011b na jednom \u00faseku dojde k pr\u016flomu. Podle velikosti rusk\u00fdch \u00fato\u010dn\u00fdch sil to vypad\u00e1, \u017ee hlavn\u00ed \u00fatok m\u00e1 sm\u011b\u0159ovat z Rabotino na Orichiv,\u00a0 a potom na Z\u00e1poro\u017e\u00ed. Vzhledem k tomu, \u017ee Putin m\u00e1 v Rusku st\u00e1le siln\u00e9 z\u00e1lohy slo\u017een\u00e9 z dobrovoln\u00edk\u016f, je mo\u017en\u00e9 \u017ee se do\u010dk\u00e1me je\u0161t\u011b dal\u0161\u00ed nov\u00e9 stotis\u00edcov\u00e9 arm\u00e1dy na boji\u0161ti. Posledn\u00ed p\u0159esuny rusk\u00fdch z\u00e1loh na boji\u0161t\u011b ukazuj\u00ed, \u017ee Putin zkus\u00ed v\u00e1lku rozhodnout do podzimu leto\u0161n\u00edho roku.<\/p>\n<p><a href=\"https:\/\/www.michalapetr.com\/map-1916-v-kyjeve-vypukla-panika-rusko-v-noci-zahajilo-ofenzivu-smerem-na-zaporozi-na-bojisti-se-necekane-zjevila-nova-ruska-obrnena-armada-v-sile-50-000-muzu-a-vcera-pozde-odpoledne-smetla-ukrajins\/\">Michael Svato\u0161<\/a><\/p>\n<p><img decoding=\"async\" loading=\"lazy\" class=\"alignnone size-full wp-image-27204\" src=\"http:\/\/www.infokuryr.cz\/n\/wp-content\/uploads\/2023\/05\/Michael_Svatos.png\" alt=\"\" width=\"180\" height=\"180\" srcset=\"https:\/\/www.infokuryr.cz\/n\/wp-content\/uploads\/2023\/05\/Michael_Svatos.png 180w, https:\/\/www.infokuryr.cz\/n\/wp-content\/uploads\/2023\/05\/Michael_Svatos-150x150.png 150w\" sizes=\"(max-width: 180px) 100vw, 180px\" \/><\/p>\n<p>&nbsp;<\/p>\n<p>&nbsp;<\/p>\n","protected":false},"excerpt":{"rendered":"<p>V Kyjev\u011b vypukla panika! Rusko v noci zah\u00e1jilo ofenz\u00edvu sm\u011brem na Z\u00e1poro\u017e\u00ed! Na boji\u0161ti se&#8230;<\/p>\n","protected":false},"author":2,"featured_media":24728,"comment_status":"closed","ping_status":"closed","sticky":false,"template":"","format":"standard","meta":[],"categories":[6],"tags":[1042,221,22,26,40],"_links":{"self":[{"href":"https:\/\/www.infokuryr.cz\/n\/wp-json\/wp\/v2\/posts\/47497"}],"collection":[{"href":"https:\/\/www.infokuryr.cz\/n\/wp-json\/wp\/v2\/posts"}],"about":[{"href":"https:\/\/www.infokuryr.cz\/n\/wp-json\/wp\/v2\/types\/post"}],"author":[{"embeddable":true,"href":"https:\/\/www.infokuryr.cz\/n\/wp-json\/wp\/v2\/users\/2"}],"replies":[{"embeddable":true,"href":"https:\/\/www.infokuryr.cz\/n\/wp-json\/wp\/v2\/comments?post=47497"}],"version-history":[{"count":0,"href":"https:\/\/www.infokuryr.cz\/n\/wp-json\/wp\/v2\/posts\/47497\/revisions"}],"wp:featuredmedia":[{"embeddable":true,"href":"https:\/\/www.infokuryr.cz\/n\/wp-json\/wp\/v2\/media\/24728"}],"wp:attachment":[{"href":"https:\/\/www.infokuryr.cz\/n\/wp-json\/wp\/v2\/media?parent=47497"}],"wp:term":[{"taxonomy":"category","embeddable":true,"href":"https:\/\/www.infokuryr.cz\/n\/wp-json\/wp\/v2\/categories?post=47497"},{"taxonomy":"post_tag","embeddable":true,"href":"https:\/\/www.infokuryr.cz\/n\/wp-json\/wp\/v2\/tags?post=47497"}],"curies":[{"name":"wp","href":"https:\/\/api.w.org\/{rel}","templated":true}]}}