{"id":47487,"date":"2024-02-20T05:42:18","date_gmt":"2024-02-20T04:42:18","guid":{"rendered":"https:\/\/www.infokuryr.cz\/n\/?p=47487"},"modified":"2024-02-20T05:42:18","modified_gmt":"2024-02-20T04:42:18","slug":"jindrich-kulhavy-svejk-ma-plno-nastupcu","status":"publish","type":"post","link":"https:\/\/www.infokuryr.cz\/n\/2024\/02\/20\/jindrich-kulhavy-svejk-ma-plno-nastupcu\/","title":{"rendered":"Jind\u0159ich Kulhav\u00fd: \u0160vejk m\u00e1 plno n\u00e1stupc\u016f"},"content":{"rendered":"<div id=\"fb-root\"><\/div>\n<p><span class=\"anotation\">Pond\u011bln\u00ed protestn\u00ed akce farm\u00e1\u0159\u016f zdaleka nebyla t\u00edm, \u010d\u00edm mohla b\u00fdt. Pokud jste od n\u00ed o\u010dek\u00e1vali pr\u016fb\u011bh podobn\u00fd tomu, kter\u00fd si p\u00e1trav\u011bj\u0161\u00ed z\u00a0v\u00e1s dok\u00e1zali naj\u00edt na internetu (mainstream o protestech v zahrani\u010d\u00ed v\u00edcem\u00e9n\u011b ml\u010d\u00ed), mus\u00edte b\u00fdt zklam\u00e1ni. Jestli\u017ee v\u00a0N\u011bmecku, Francii, Belgii \u010di Francii se zem\u011bd\u011blci s\u00a0politiky moc nemazali a st\u00e1tn\u00ed budovy byly ozdobeny hnojem a mo\u010d\u016fvkou, pak ti na\u0161i se byli slu\u0161n\u011b zeptat, co mohou a co nikoliv. Poslechnuli policisty, kte\u0159\u00ed jim zak\u00e1zali pou\u017e\u00edvat d\u00e1lnici, disciplinovan\u011b se \u0159adili na kraj magistr\u00e1ly a nyn\u00ed je\u0161t\u011b o\u010dek\u00e1vaj\u00ed pokuty za nevhodn\u00e9 parkov\u00e1n\u00ed. Tak\u00e9 politizace akce je prost\u011b v\u00fdsledkem oboustrann\u00e9 nen\u00e1visti mezi P\u011btikoalic\u00ed a opozic\u00ed. To, co p\u0159edvedla P\u011btikolka, tedy tvrzen\u00ed o prorusk\u00e9 orientaci \u00fa\u010dastn\u00edk\u016f, je prost\u011b zlo\u010din. \u0158ekneme li to drsn\u011b, ka\u017ed\u00fd kdo to vypustil z\u00a0\u00fast, z\u00edskal status hovada. Opozice zase neud\u011blala nic, jen se jej\u00ed n\u011bkte\u0159\u00ed p\u0159edstavitel\u00e9 prost\u011b sklouznuli s\u00a0\u010d\u00e1st\u00ed demonstrant\u016f, zat\u00edmco zbytek \u00fa\u010dastn\u00edk\u016f z toho radost nem\u011bl.<\/span><\/p>\n<div id=\"pagetext\">\n<p>\u00a0 Jist\u00e9 pochyby o \u00fasp\u011b\u0161nosti protestu jsme m\u011bli od chv\u00edle, kdy vy\u0161lo najevo, \u017ee se organiz\u00e1to\u0159i sh\u00e1n\u00ed po povolen\u00edch k\u00a0vjezd\u016fm, posunovali term\u00edn akce a nebyli se schopni dohodnout ani mezi sebou. \u010c\u00edm\u017e se oslabili. Protest takov\u00e9ho rozsahu m\u016f\u017ee b\u00fdt dvoj\u00ed. Bu\u010f jde \u00fapln\u011b zezdola a nad\u0161en\u00ed masy strhne v\u0161echny ostatn\u00ed, nebo mus\u00ed b\u00fdt profesion\u00e1ln\u011b \u0159\u00edzen\u00fd za \u00fa\u010dasti organizac\u00ed sdru\u017euj\u00edc\u00edch profesn\u00ed skupinu. Tady neplatilo ani jedno. Agr\u00e1rn\u00ed komora je parta prosp\u011bch\u00e1\u0159\u016f spolupracuj\u00edc\u00edch s\u00a0ministerstvem, odbory jsou u n\u00e1s tragickou uk\u00e1zkou toho, jak nemaj\u00ed fungovat, co\u017e je zp\u016fsobeno lidmi v\u00a0jejich veden\u00ed. Od nich nelze o\u010dek\u00e1vat nic, maj\u00ed tepl\u00e1 a dob\u0159e placen\u00e1 m\u00edsta. Mlaskaj\u00edc\u00ed riskovat hlad nebudou. A protest jdouc\u00ed zezdola je u n\u00e1s chim\u00e9rou. Lid\u00e9 se snadno rozpom\u00ednaj\u00ed na praktiky v\u00a0dob\u00e1ch STB a socialismu. A to v\u00edce se boj\u00ed i nyn\u00ed, kdy sou\u010dasn\u00e1 vl\u00e1da liber\u00e1l\u016f p\u0159eb\u00edr\u00e1 st\u00e1le \u010dast\u011bji zp\u016fsoby tehdej\u0161\u00edch p\u0159ed\u00e1k\u016f a politruk\u016f. Policist\u00e9 zapisuj\u00edc\u00ed si SPZ zem\u011bd\u011blsk\u00fdch stroj\u016f doraziv\u0161\u00edch do metropole jsou toho jen dal\u0161\u00edm d\u016fkazem.<\/p>\n<p><a href=\"https:\/\/stranapro.cz\/\"><img decoding=\"async\" loading=\"lazy\" class=\"alignnone  wp-image-40285 aligncenter\" src=\"http:\/\/www.infokuryr.cz\/n\/wp-content\/uploads\/2023\/11\/11pro-300x79.png\" alt=\"\" width=\"604\" height=\"159\" srcset=\"https:\/\/www.infokuryr.cz\/n\/wp-content\/uploads\/2023\/11\/11pro-300x79.png 300w, https:\/\/www.infokuryr.cz\/n\/wp-content\/uploads\/2023\/11\/11pro.png 363w\" sizes=\"(max-width: 604px) 100vw, 604px\" \/><\/a><\/p>\n<p>Pond\u011bln\u00ed akci nelze vn\u00edmat nijak moc pozitivn\u011b, tedy pokud si farm\u00e1\u0159i neuv\u011bdom\u00ed, \u017ee jejich technika tu policejn\u00ed p\u0159ev\u00e1lcuje a je t\u0159eba si sebou p\u0159iv\u00e9zt trochu kvalitn\u00edho materi\u00e1lu, kter\u00fd se d\u00e1 vykydat p\u0159ed hn\u00edzda politik\u016f, co\u017e by mohlo p\u0159\u00ed\u0161t\u00ed potencion\u00e1ln\u00ed akci posunout tam, kde m\u011bla b\u00fdt ta posledn\u00ed. Takto v\u0161e vy\u0161um\u00ed stejn\u011b, jako pln\u00e9 V\u00e1clav\u00e1ky. Fiala s\u00a0V\u00fdborn\u00fdm a Pekarovou Adamovou se mus\u00ed popadat za b\u0159icho, jak se s\u00a0t\u00edm vyrovnali a sp\u00ed\u0161e pos\u00edlili. Stejn\u011b tak veden\u00ed Prahy, jmenovit\u011b H\u0159ib, m\u016f\u017ee m\u00edt klidn\u00fd sp\u00e1nek. A samoz\u0159ejm\u011b za v\u0161e mohou pod\u011bkovat m\u00e9di\u00edm, kter\u00e1 odvedla hodn\u011b \u0161pinavou pr\u00e1ci. \u010ce\u0161i jsou nav\u00edc sp\u00ed\u0161e \u0160vejkov\u00e9 ne\u017e radik\u00e1ln\u00ed, tak\u017ee p\u0159\u00e1n\u00ed, aby se v\u00a0nich probudily husitsk\u00e9 v\u00e1\u0161n\u011b, byla lich\u00e1. Nav\u00edc naprosto rozvr\u00e1cen\u00e1 spole\u010dnost vyhovuje z\u00e1m\u011br\u016fm liber\u00e1l\u016f, kte\u0159\u00ed po dal\u0161\u00edm testu jej\u00ed nesoudr\u017enosti budou je\u0161t\u011b v\u00edce d\u011blat to, co si zamanou. Perli\u010dkou nakonec bylo prohl\u00e1\u0161en\u00ed absolventa Aspen Institutu a majitele Rohl\u00edk Group \u010cupra o ukon\u010den\u00ed spolupr\u00e1ce s\u00a0dosavadn\u00edm dodavatelem a majitelem spole\u010dnosti Rabbit CZ a organiz\u00e1torem protestu Jandejskem. Co asi \u010cupr za to od vl\u00e1dy dostane?<\/p>\n<div style=\"width: 576px;\" class=\"wp-video\"><!--[if lt IE 9]><script>document.createElement('video');<\/script><![endif]-->\n<video class=\"wp-video-shortcode\" id=\"video-47487-1\" width=\"576\" height=\"1024\" preload=\"metadata\" controls=\"controls\"><source type=\"video\/mp4\" src=\"http:\/\/www.infokuryr.cz\/n\/wp-content\/uploads\/2024\/02\/vid-fiala.mp4?_=1\" \/><a href=\"http:\/\/www.infokuryr.cz\/n\/wp-content\/uploads\/2024\/02\/vid-fiala.mp4\">http:\/\/www.infokuryr.cz\/n\/wp-content\/uploads\/2024\/02\/vid-fiala.mp4<\/a><\/video><\/div>\n<p>D\u016fle\u017eit\u00e1 je je\u0161t\u011b jedna v\u011bc. \u010cekat od Pra\u017e\u00e1k\u016f mohutnou spolu\u00fa\u010dast na podobn\u00e9 demonstraci je naivn\u00ed. V\u00a0hlavn\u00edm m\u011bst\u011b je toti\u017e mnoho dom\u00e1c\u00edch i n\u00e1plav \u017eij\u00edc\u00edch z\u00a0kapit\u00e1lu zahrani\u010dn\u00edch z\u00e1padn\u00edch firem, a to jak v\u00a0kancel\u00e1\u0159\u00edch, tak i v obchodn\u00edch \u0159et\u011bzc\u00edch, bank\u00e1ch. Nezapome\u0148te ani na st\u00e1tn\u00ed zam\u011bstnance. Tito lid\u00e9 rozhodn\u011b riskovat ztr\u00e1tu blahobytu nebudou. D\u00e1le je metropole centrem student\u016f. Ti jsou dlouhodob\u011b manipulov\u00e1ni ze strany liber\u00e1l\u016f, neziskovek a k\u00a0jejich p\u0159ehledu a chytrosti nepom\u00e1h\u00e1 ani zoh\u00fdban\u00e1 v\u00fduka a zpolitizovan\u00e9 \u0161kolstv\u00ed. Od ml\u00e1de\u017ee neo\u010dek\u00e1vejme tedy nic u\u017eite\u010dn\u011bj\u0161\u00edho, ne\u017e p\u0159ilepov\u00e1n\u00ed se k\u00a0magistr\u00e1le, kter\u00e9 nav\u00edc ani nekon\u010d\u00ed postihem. Nakonec sv\u016fj podpis pod chov\u00e1n\u00ed Pra\u017ean\u016f p\u0159id\u00e1vaj\u00ed i politicky a ekonomicky zkorumpovan\u00ed um\u011blci. Oproti tomu u\u017e v\u00a0Praze nenajdete moc manu\u00e1ln\u011b hodnoty vytv\u00e1\u0159ej\u00edc\u00edch pracovn\u00edk\u016f. Praha je prost\u011b \u00fapln\u011b specifick\u00e1 oblast, st\u00e1t ve st\u00e1tu. Lecos v\u00a0n\u00ed nem\u00e1 logiku.<\/p>\n<p>Pond\u011bl\u00ed bylo v\u016fbec zvl\u00e1\u0161tn\u00ed. Vynech\u00e1me li d\u011bn\u00ed kolem demonstrace, aktivn\u00ed byli lid\u00e9 i na soci\u00e1ln\u00edch s\u00edt\u00edch. Tak\u017ee, pokud to nev\u00edte, mno\u017e\u00ed se n\u00e1m p\u0159\u00edznivci ploch\u00e9 Zem\u011b nech\u00e1paj\u00edc\u00edch z\u00e1kony fyziky. D\u00e1le se se ztr\u00e1tou dal\u0161\u00edho \u00fazem\u00ed a zjevn\u00e9mu \u00fastupu ukrajinsk\u00e9 arm\u00e1dy op\u011bt zvy\u0161uje popularizace a podpora kyjevsk\u00e9ho re\u017eimu, kter\u00fd sice nedok\u00e1\u017ee vzdorovat protivn\u00edkovi, ale je fakt dobr\u00fd v\u00a0\u00fatoc\u00edch na civilisty. Ostatn\u011b to od roku 2014 kvalitn\u011b tr\u00e9noval. P\u0159ehl\u00e9dnout nelze ani jistotu, se kterou eurohuje\u0159i a cel\u00fd Z\u00e1pad p\u0159esn\u011b v\u011bd\u00ed, jak zem\u0159el Navalnyj. Rychlost, se kterou byla vdova po n\u011bm vyst\u0159elena mezi evropskou pseudoelitu, je obdivuhodn\u00e1. Dehonestace Ruska je po rozhovoru Tuckera Carlsona s\u00a0Vladim\u00edrem Putinem op\u011bt v\u00a0pln\u00e9m proudu a jako by smrt Navaln\u00e9ho byla reakc\u00ed Z\u00e1padu na tento velmi sledovan\u00fd po\u010din americk\u00e9ho novin\u00e1\u0159e. Fiala &amp; spol. pojedou d\u00e1le na stejn\u00e9 vln\u011b. Je evidentn\u00ed, \u017ee se moment\u00e1ln\u011b nemaj\u00ed \u010deho b\u00e1t. \u010ce\u0161i si doma po\u0159\u00e1dek ud\u011blat nedok\u00e1\u017eou. Cel\u00e9 se n\u00e1m to tak n\u011bjak sune n\u011bkam, kde to nen\u00ed dobr\u00e9.<\/p>\n<p><a href=\"https:\/\/www.inadhled.live\/zajimavosti\/svejk-ma-plno-nastupcu\/\">Jind\u0159ich Kulhav\u00fd<\/a><\/p>\n<p><img decoding=\"async\" loading=\"lazy\" class=\"alignnone size-medium wp-image-22653\" src=\"http:\/\/www.infokuryr.cz\/n\/wp-content\/uploads\/2023\/02\/jindra-kulhavy-221x300.jpg\" alt=\"\" width=\"221\" height=\"300\" srcset=\"https:\/\/www.infokuryr.cz\/n\/wp-content\/uploads\/2023\/02\/jindra-kulhavy-221x300.jpg 221w, https:\/\/www.infokuryr.cz\/n\/wp-content\/uploads\/2023\/02\/jindra-kulhavy.jpg 311w\" sizes=\"(max-width: 221px) 100vw, 221px\" \/><\/p>\n<p>&nbsp;<\/p>\n<\/div>\n","protected":false},"excerpt":{"rendered":"<p>Pond\u011bln\u00ed protestn\u00ed akce farm\u00e1\u0159\u016f zdaleka nebyla t\u00edm, \u010d\u00edm mohla b\u00fdt. Pokud jste od n\u00ed o\u010dek\u00e1vali&#8230;<\/p>\n","protected":false},"author":2,"featured_media":47489,"comment_status":"closed","ping_status":"closed","sticky":false,"template":"","format":"standard","meta":[],"categories":[6],"tags":[29,234,815,889,2532],"_links":{"self":[{"href":"https:\/\/www.infokuryr.cz\/n\/wp-json\/wp\/v2\/posts\/47487"}],"collection":[{"href":"https:\/\/www.infokuryr.cz\/n\/wp-json\/wp\/v2\/posts"}],"about":[{"href":"https:\/\/www.infokuryr.cz\/n\/wp-json\/wp\/v2\/types\/post"}],"author":[{"embeddable":true,"href":"https:\/\/www.infokuryr.cz\/n\/wp-json\/wp\/v2\/users\/2"}],"replies":[{"embeddable":true,"href":"https:\/\/www.infokuryr.cz\/n\/wp-json\/wp\/v2\/comments?post=47487"}],"version-history":[{"count":0,"href":"https:\/\/www.infokuryr.cz\/n\/wp-json\/wp\/v2\/posts\/47487\/revisions"}],"wp:featuredmedia":[{"embeddable":true,"href":"https:\/\/www.infokuryr.cz\/n\/wp-json\/wp\/v2\/media\/47489"}],"wp:attachment":[{"href":"https:\/\/www.infokuryr.cz\/n\/wp-json\/wp\/v2\/media?parent=47487"}],"wp:term":[{"taxonomy":"category","embeddable":true,"href":"https:\/\/www.infokuryr.cz\/n\/wp-json\/wp\/v2\/categories?post=47487"},{"taxonomy":"post_tag","embeddable":true,"href":"https:\/\/www.infokuryr.cz\/n\/wp-json\/wp\/v2\/tags?post=47487"}],"curies":[{"name":"wp","href":"https:\/\/api.w.org\/{rel}","templated":true}]}}