{"id":47473,"date":"2024-02-20T04:22:10","date_gmt":"2024-02-20T03:22:10","guid":{"rendered":"https:\/\/www.infokuryr.cz\/n\/?p=47473"},"modified":"2024-02-20T04:22:10","modified_gmt":"2024-02-20T03:22:10","slug":"cesi-v-cizine-schvalne-tankuji-u-ruskych-benzinovych-stanic-ukrajinske-politiky-v-ceske-vlade-z-toho-klepne","status":"publish","type":"post","link":"https:\/\/www.infokuryr.cz\/n\/2024\/02\/20\/cesi-v-cizine-schvalne-tankuji-u-ruskych-benzinovych-stanic-ukrajinske-politiky-v-ceske-vlade-z-toho-klepne\/","title":{"rendered":"\u010ce\u0161i v cizin\u011b schv\u00e1ln\u011b tankuj\u00ed u rusk\u00fdch benz\u00ednov\u00fdch stanic. Ukrajinsk\u00e9 politiky v \u201e\u010desk\u00e9 vl\u00e1d\u011b\u201c z toho klepne"},"content":{"rendered":"<div id=\"fb-root\"><\/div>\n<p>V\u00fdlet autem do na\u0161eho dome\u010dku u Jadranu za lep\u0161\u00ed po\u010das\u00edm. Cesta z Jihlavy sem trv\u00e1 asi 7 hodin autem a v zim\u011b dokonce m\u00e9n\u011b. V\u011bt\u0161inou proto tankujeme a\u017e v Chorvatsku, ale letos u\u017e za EURa. Naposledy n\u00e1m\u00a0<strong>to vy\u0161lo na \u010derpac\u00ed stanici Lukoil, kter\u00e1 pat\u0159\u00ed rusk\u00e9mu koncernu stejn\u00e9ho jm\u00e9na. U \u010derpac\u00ed stanice st\u00e1ly 2 auta, ob\u011b s \u010deskou zna\u010dkou.<\/strong><\/p>\n<p>Oba<strong> \u0159idi\u010d\u00ed n\u00e1m potvrdili, \u017ee tam tankuj\u00ed schv\u00e1ln\u011b, aby pr\u00fd dali najevo, co si mysl\u00ed o \u010desk\u00e9m \u201evl\u00e1dn\u00edm anga\u017em\u00e1\u201c ve v\u00e1lce na Ukrajin\u011b. \u010ce\u0161i zkr\u00e1tka hlasuj\u00ed v t\u00e9hle v\u00e1lce pen\u011b\u017eenkou a nic na to nezm\u011bn\u00ed vl\u00e1dn\u00ed propaganda a v\u00fdhr\u016f\u017eky.<\/strong><\/p>\n<p>A\u017e se tohle dozv\u00ed \u201eUkrajinci v \u010desk\u00e9 vl\u00e1d\u011b, sen\u00e1tu a parlamentu\u201c tak je nejsp\u00ed\u0161 klepne!<\/p>\n<p><em>\u0160. K. Jihlava<\/em><\/p>\n<p>&nbsp;<\/p>\n<p><a href=\"https:\/\/stranapro.cz\/\"><img decoding=\"async\" loading=\"lazy\" class=\"wp-image-40286 aligncenter\" src=\"http:\/\/www.infokuryr.cz\/n\/wp-content\/uploads\/2023\/11\/12pro-300x87.png\" alt=\"\" width=\"907\" height=\"263\" srcset=\"https:\/\/www.infokuryr.cz\/n\/wp-content\/uploads\/2023\/11\/12pro-300x87.png 300w, https:\/\/www.infokuryr.cz\/n\/wp-content\/uploads\/2023\/11\/12pro.png 366w\" sizes=\"(max-width: 907px) 100vw, 907px\" \/><\/a><\/p>\n<p>&nbsp;<\/p>\n<p>&nbsp;<\/p>\n","protected":false},"excerpt":{"rendered":"<p>V\u00fdlet autem do na\u0161eho dome\u010dku u Jadranu za lep\u0161\u00ed po\u010das\u00edm. Cesta z Jihlavy sem trv\u00e1&#8230;<\/p>\n","protected":false},"author":2,"featured_media":47474,"comment_status":"closed","ping_status":"closed","sticky":false,"template":"","format":"standard","meta":[],"categories":[6],"tags":[1257,670,29,22],"_links":{"self":[{"href":"https:\/\/www.infokuryr.cz\/n\/wp-json\/wp\/v2\/posts\/47473"}],"collection":[{"href":"https:\/\/www.infokuryr.cz\/n\/wp-json\/wp\/v2\/posts"}],"about":[{"href":"https:\/\/www.infokuryr.cz\/n\/wp-json\/wp\/v2\/types\/post"}],"author":[{"embeddable":true,"href":"https:\/\/www.infokuryr.cz\/n\/wp-json\/wp\/v2\/users\/2"}],"replies":[{"embeddable":true,"href":"https:\/\/www.infokuryr.cz\/n\/wp-json\/wp\/v2\/comments?post=47473"}],"version-history":[{"count":0,"href":"https:\/\/www.infokuryr.cz\/n\/wp-json\/wp\/v2\/posts\/47473\/revisions"}],"wp:featuredmedia":[{"embeddable":true,"href":"https:\/\/www.infokuryr.cz\/n\/wp-json\/wp\/v2\/media\/47474"}],"wp:attachment":[{"href":"https:\/\/www.infokuryr.cz\/n\/wp-json\/wp\/v2\/media?parent=47473"}],"wp:term":[{"taxonomy":"category","embeddable":true,"href":"https:\/\/www.infokuryr.cz\/n\/wp-json\/wp\/v2\/categories?post=47473"},{"taxonomy":"post_tag","embeddable":true,"href":"https:\/\/www.infokuryr.cz\/n\/wp-json\/wp\/v2\/tags?post=47473"}],"curies":[{"name":"wp","href":"https:\/\/api.w.org\/{rel}","templated":true}]}}