{"id":47467,"date":"2024-02-20T04:05:49","date_gmt":"2024-02-20T03:05:49","guid":{"rendered":"https:\/\/www.infokuryr.cz\/n\/?p=47467"},"modified":"2024-02-20T04:05:49","modified_gmt":"2024-02-20T03:05:49","slug":"obcane-rozejdete-se-tady-to-konci-agroprotest-zemedelcu-v-praze-nebyl-demonstraci-proti-vlade","status":"publish","type":"post","link":"https:\/\/www.infokuryr.cz\/n\/2024\/02\/20\/obcane-rozejdete-se-tady-to-konci-agroprotest-zemedelcu-v-praze-nebyl-demonstraci-proti-vlade\/","title":{"rendered":"Ob\u010dan\u00e9, rozejd\u011bte se, tady to kon\u010d\u00ed! Agroprotest zem\u011bd\u011blc\u016f v Praze nebyl demonstrac\u00ed proti vl\u00e1d\u011b&#8230;"},"content":{"rendered":"<div id=\"fb-root\"><\/div>\n<h4>Ob\u010dan\u00e9, rozejd\u011bte se, tady to kon\u010d\u00ed! Agroprotest zem\u011bd\u011blc\u016f v Praze nebyl demonstrac\u00ed proti vl\u00e1d\u011b, ale aktivn\u00edm opat\u0159en\u00edm Fialovy garnitury! Veden\u00ed agroprotestu se zr\u00e1dn\u011b distancovalo od protivl\u00e1dn\u00edho hnut\u00ed! Jind\u0159ich Rajchl na vlastn\u00ed k\u016f\u017ei za\u017eil, jak\u00e1 je protirusk\u00e1 indoktrinace \u010desk\u00e9 ml\u00e1de\u017ee! Hradby jsou p\u0159\u00edli\u0161 vysok\u00e9, p\u0159\u00edkopy p\u0159\u00edli\u0161 hlubok\u00e9!<\/h4>\n<p>V Praze v pond\u011bl\u00ed 19. \u00fanora 2024 za\u010dal a sou\u010dasn\u011b brzy skon\u010dil \u0161iroce a intenzivn\u011b medializovan\u00fd protest \u010desk\u00fdch farm\u00e1\u0159\u016f proti Fialov\u011b vl\u00e1d\u011b. Cel\u00e1 demonstrace ale skon\u010dila fiaskem a velk\u00fdm probuzen\u00edm, proto\u017ee se uk\u00e1zalo, \u017ee \u010desk\u00e1 ve\u0159ejnost se stala ob\u011bti dezinformace a tzv. aktivn\u00edho opat\u0159en\u00ed (AO) vl\u00e1dy \u010cR proti opozi\u010dn\u00edm sil\u00e1m. K \u010demu do\u0161lo? Ve zkratce do\u0161lo ke zrad\u011b n\u00e1rodn\u00edho protivl\u00e1dn\u00edho hnut\u00ed, kter\u00e9 sdru\u017euje r\u016fzn\u00e9 organizace, politick\u00e9 strany, politick\u00e1 hnut\u00ed a ob\u010dansk\u00e9 iniciativy. Zem\u011bd\u011blci se toti\u017e odkopali jako \u201cpartne\u0159i\u201d \u010desk\u00e9 vl\u00e1dy, kte\u0159\u00ed si prost\u011b jen p\u0159ijeli do Prahy hlasit\u011b \u0159\u00edct o zachov\u00e1n\u00ed dotac\u00ed.<\/p>\n<p>Veden\u00ed agroprotestu se toti\u017e od t\u011bchto protivl\u00e1dn\u00edch a opozi\u010dn\u00edch skupin zcela distancovalo a dokonce na vltavsk\u00e9m n\u00e1b\u0159e\u017e\u00ed vyv\u011bsilo plak\u00e1t se slovy, \u017ee\u2026\u00a0<strong><em>Nechte n\u00e1s d\u011blat na\u0161i pr\u00e1ci, nechcem dikt\u00e1t EU ani Rajchla!<\/em><\/strong>\u00a0P\u0159itom na demonstraci bylo nejen Hnut\u00ed PRO Jind\u0159icha Rajchla, ale i SPD a Tomio Okamura, byly tam ob\u010dansk\u00e9 iniciativy, vlastenci a vlastn\u011b cel\u00e1 protivl\u00e1dn\u00ed opozice. Pro\u010d veden\u00ed agroprotestu nechce podporu \u010desk\u00fdch opozi\u010dn\u00edch sil? Co to m\u00e1 sakra znamenat?<\/p>\n<p>&nbsp;<\/p>\n<div id=\"rumble_v4btvql\">\n<div id=\"vid_v4btvql\" class=\"rumble_v4btvql-Rumble-cls\" tabindex=\"-1\">\n<div class=\"bigPlayUI ctp\"><div class='videoWrapper'>\r\n\t            <iframe src='https:\/\/rumble.com\/embed\/pj.v4btvql\/' frameborder='0' allowfullscreen><\/iframe>\r\n\t        <\/div><\/p>\n<div class=\"bigPlayUIInner ctp\"><\/div>\n<\/div>\n<\/div>\n<\/div>\n<p>&nbsp;<\/p>\n<p>Bizarn\u00ed protest, ve kter\u00e9m zem\u011bd\u011blci, naprosto nepochopiteln\u011b, necht\u011bli podporu od protivl\u00e1dn\u00edch sil v \u010cR, byl nejl\u00e9pe zar\u00e1mov\u00e1n rozhovorem publikovan\u00fdm na Facebooku\u00a0<strong>[<a href=\"https:\/\/href.li\/?https:\/\/www.facebook.com\/patrikpecenkapravda\/videos\/631241872461875\" target=\"_blank\" rel=\"nofollow noopener\">1<\/a>]<\/strong>\u00a0mezi Jind\u0159ichem Rajchlem a jist\u00fdm 16-let\u00fdm studentem, kter\u00fd naprosto odm\u00edtal vn\u00edmat a akceptovat n\u00e1zory protistrany. Jind\u0159ich Rajchl citoval mlad\u00edkovi \u010dl\u00e1nek Reuters, ve kter\u00e9m se uv\u00e1d\u011blo, \u017ee USA odm\u00edtly n\u00e1vrh rusk\u00e9ho prezidenta na m\u00edrov\u00e1 jedn\u00e1n\u00ed o Ukrajin\u011b.<\/p>\n<p>Mlad\u00edk p\u0159itom p\u0159edt\u00edm argumentoval, \u017ee Putina je pot\u0159eba donutit k jedn\u00e1n\u00ed, proto\u017ee je to on, kdo pr\u00fd jednat nechce. Jind\u0159ich Rajchl mu to vyvr\u00e1til, ale mlad\u00fd student to v podstat\u011b odm\u00edtal akceptovat. Je\u0161t\u011b v\u011bt\u0161\u00ed \u0161ok mlad\u00edka nastal ve chv\u00edli, kdy mu Jind\u0159ich Rajchl korektn\u011b \u0159ekl, \u017ee nejv\u00edce uprchl\u00edk\u016f z Ukrajiny uprchlo pr\u00e1v\u011b do Rusk\u00e9 federace a nikoliv na z\u00e1pad. Toto opravdu mlad\u00edka zasko\u010dilo, proto\u017ee to zjevn\u011b netu\u0161il. Jedn\u00e1 se o ofici\u00e1ln\u00ed \u00fadaj Vysok\u00e9ho komisa\u0159e OSN pro uprchl\u00edky\u00a0<strong>[<a href=\"https:\/\/href.li\/?https:\/\/data.unhcr.org\/en\/situations\/ukraine\" target=\"_blank\" rel=\"nofollow noopener\">2<\/a>]<\/strong>.<\/p>\n<h6><span style=\"font-size: 18pt;\">Mlad\u00ed lid\u00e9 nedisponuj\u00ed jin\u00fdmi informacemi ne\u017e t\u011bmi, kter\u00e9 poskytnou m\u00e9dia hlavn\u00edho proudu<\/span><\/h6>\n<p><strong>Od 24. \u00fanora 2022 p\u0159ekro\u010dilo z Ukrajiny hranice do Ruska v\u00edce jak 2,8 milionu Ukrajinc\u016f.<\/strong>\u00a0P\u0159esn\u011b je to 2 852 395 uprchl\u00edk\u016f. To je absolutn\u011b nejv\u00edce ze v\u0161ech zem\u00ed na sv\u011bt\u011b, nejen p\u0159i zapo\u010dten\u00ed ukrajinsko-rusk\u00e9 hranice. Jind\u0159ich Rajchl uvedl o n\u011bco star\u0161\u00ed \u00fadaj 2,5 milionu uprchl\u00edk\u016f. Je to absolutn\u011b nejv\u00edce ze v\u0161ech zem\u00ed sv\u011bta, do kter\u00fdch Ukrajinci prchali po 24. \u00fanoru 2022. Zhruba polovina uprchl\u00edk\u016f z Ukrajiny do Ruska m\u00e1 v Rusku p\u0159\u00edbuzn\u00e9, ke kter\u00fdm se nest\u011bhovali, tak\u017ee v Rusku ani ne\u017e\u00e1dali o uprchlick\u00fd status v r\u00e1mci registrace.<\/p>\n<p>Tabulka OSN n\u00ed\u017ee zachycuje i ty uprchl\u00e9 Ukrajince, kte\u0159\u00ed se v Rusku registrovali jako uprchl\u00edci, proto\u017ee nemaj\u00ed v Rusku \u017e\u00e1dn\u00e9 p\u0159\u00edbuzn\u00e9, a t\u011bch je v Rusku 1 212 585, co\u017e \u0159ad\u00ed Rusko na druh\u00e9 m\u00edsto hned po Polsku (1,6 milionu registrovan\u00fdch), N\u011bmecko je a\u017e na t\u0159et\u00edm m\u00edst\u011b. Tyto \u00fadaje ale mlad\u00ed \u010ce\u0161i v\u016fbec neznaj\u00ed, nikde se od nich z MSM m\u00e9di\u00ed nedozv\u00ed, nikdo jim o nich ne\u0159ekne. Nehodilo by s to toti\u017e m\u00e9di\u00edm do protirusk\u00e9ho narativu. Lid\u00e9 by se logicky ptali, pro\u010d Ukrajinci ut\u00edkaj\u00ed p\u0159ed v\u00e1lkou do Ruska, kdy\u017e je Rusko tedy takov\u00fd zl\u00fd agresor a nep\u0159\u00edtel?<\/p>\n<figure id=\"attachment_58650\" class=\"wp-caption aligncenter\" style=\"width: 1002px;\"><a href=\"https:\/\/aeronet.news\/wp-content\/uploads\/Situation-Ukraine-UNHCR.jpg\"><img decoding=\"async\" loading=\"lazy\" class=\"wp-image-58650 \" src=\"https:\/\/aeronet.news\/wp-content\/uploads\/Situation-Ukraine-UNHCR.jpg\" sizes=\"(max-width: 876px) 100vw, 876px\" srcset=\"https:\/\/aeronet.news\/wp-content\/uploads\/Situation-Ukraine-UNHCR.jpg 876w, https:\/\/aeronet.news\/wp-content\/uploads\/Situation-Ukraine-UNHCR-300x289.jpg 300w, https:\/\/aeronet.news\/wp-content\/uploads\/Situation-Ukraine-UNHCR-768x740.jpg 768w, https:\/\/aeronet.news\/wp-content\/uploads\/Situation-Ukraine-UNHCR-700x674.jpg 700w, https:\/\/aeronet.news\/wp-content\/uploads\/Situation-Ukraine-UNHCR-371x357.jpg 371w, https:\/\/aeronet.news\/wp-content\/uploads\/Situation-Ukraine-UNHCR-501x483.jpg 501w\" alt=\"\" width=\"1002\" height=\"965\" \/><\/a><figcaption class=\"wp-caption-text\">Aktu\u00e1ln\u00ed data Vysok\u00e9ho komisa\u0159e OSN pro uprchl\u00edky<\/figcaption><\/figure>\n<p>Logicky by tak protirusk\u00fd narativ v \u010cR dostal trhliny, a proto se tyto \u00fadaje zaml\u010duj\u00ed, p\u0159esto\u017ee jsou snadno a ve\u0159ejn\u00e9 dostupn\u00e9 na serverech OSN z dat Vysok\u00e9ho komisa\u0159e OSN pro uprchl\u00edky. Diskuse a argumentace s mlad\u00fdmi lidmi v \u010cR je tak naprosto marn\u00e1 snaha, proto\u017ee mezi\u00a0<em>chcim\u00edry<\/em>\u00a0a\u00a0<em>chciv\u00e1lky<\/em>\u00a0v \u010cR byly vybudov\u00e1ny p\u0159\u00edli\u0161 vysok\u00e9 hradby a p\u0159\u00edli\u0161 hlubok\u00e9 p\u0159\u00edkopy. Tento Rajchl\u016fv dialog s mlad\u00edkem pouze odhalil realitu. Nesna\u017ete se probouzet ty, kte\u0159\u00ed se necht\u011bj\u00ed probudit. Je to nejen marn\u00e1 snaha, ale nav\u00edc t\u00edm ztr\u00e1c\u00edte \u010das a energii.<\/p>\n<h6><span style=\"font-size: 18pt;\">Zem\u011bd\u011blci se de facto z\u0159ekli podpory \u010desk\u00e9ho protivl\u00e1dn\u00edho hnut\u00ed. No, tak hodn\u011b \u0161t\u011bst\u00ed!<\/span><\/h6>\n<p><strong>\u010cesk\u00e1 m\u00e9dia p\u0159inesla informaci [<a href=\"https:\/\/href.li\/?https:\/\/www.novinky.cz\/clanek\/domaci-on-line-traktory-najizdeji-do-prahy-40461118\" target=\"_blank\" rel=\"nofollow noopener\">3<\/a>], \u017ee organiz\u00e1to\u0159i si st\u011b\u017eovali, \u017ee na jejich akci se nabalily skupiny, o kter\u00e9 nest\u00e1li.<\/strong>\u00a0Podle mluv\u010d\u00edho akce Daniela Sterzika protestuj\u00edc\u00ed farm\u00e1\u0159i po\u017eadovali, aby vl\u00e1da deklarovala, \u017ee chce u\u010dinit kroky k z\u00e1chran\u011b \u010desk\u00e9ho zem\u011bd\u011blstv\u00ed, a z\u00e1rove\u0148 odstoupila od evropsk\u00e9 zelen\u00e9 dohody, tzv.\u00a0<em>Green Dealu<\/em>.\u00a0Protest organizoval p\u0159edseda Odborov\u00e9ho svazu pracovn\u00edk\u016f zem\u011bd\u011blstv\u00ed a v\u00fd\u017eivy a Asociace svobodn\u00fdch odbor\u016f Bohum\u00edr Dufek a b\u00fdval\u00fd prezident Agr\u00e1rn\u00ed komory \u010cR Zden\u011bk Jandejsek, kter\u00fd je \u0161\u00e9fem p\u0159edstavenstva zem\u011bd\u011blsk\u00e9 skupiny\u00a0<em>Rabbit<\/em>\u00a0s miliardov\u00fdmi tr\u017ebami. Podle \u010dl\u00e1nku\u00a0<strong>[<a href=\"https:\/\/href.li\/?https:\/\/www.novinky.cz\/clanek\/domaci-on-line-traktory-najizdeji-do-prahy-40461118\" target=\"_blank\" rel=\"nofollow noopener\">4<\/a>]<\/strong>\u00a0na Novinky.cz s odkazem na \u00fadaje a zji\u0161t\u011bn\u00ed serveru Hl\u00edda\u010d st\u00e1tu\u00a0<strong>[<a href=\"https:\/\/href.li\/?https:\/\/www.hlidacstatu.cz\/Osoba\/Dotace\/zdenek-jandejsek-1\" target=\"_blank\" rel=\"nofollow noopener\">5<\/a>]<\/strong>\u00a0spole\u010dnosti, ve kter\u00fdch Jandejsek figuruje, \u010derpaly v minulosti dotace p\u0159es dv\u011b a \u010dtvrt miliardy korun.<\/p>\n<figure id=\"attachment_58653\" class=\"wp-caption aligncenter\" style=\"width: 707px;\"><a href=\"https:\/\/aeronet.news\/wp-content\/uploads\/AgroprotestPrahaTraktory.jpg\"><img decoding=\"async\" loading=\"lazy\" class=\"wp-image-58653 \" src=\"https:\/\/aeronet.news\/wp-content\/uploads\/AgroprotestPrahaTraktory-1024x576.jpg\" sizes=\"(max-width: 700px) 100vw, 700px\" srcset=\"https:\/\/aeronet.news\/wp-content\/uploads\/AgroprotestPrahaTraktory-1024x576.jpg 1024w, https:\/\/aeronet.news\/wp-content\/uploads\/AgroprotestPrahaTraktory-300x169.jpg 300w, https:\/\/aeronet.news\/wp-content\/uploads\/AgroprotestPrahaTraktory-768x432.jpg 768w, https:\/\/aeronet.news\/wp-content\/uploads\/AgroprotestPrahaTraktory-700x394.jpg 700w, https:\/\/aeronet.news\/wp-content\/uploads\/AgroprotestPrahaTraktory-635x357.jpg 635w, https:\/\/aeronet.news\/wp-content\/uploads\/AgroprotestPrahaTraktory-859x483.jpg 859w, https:\/\/aeronet.news\/wp-content\/uploads\/AgroprotestPrahaTraktory.jpg 1280w\" alt=\"\" width=\"707\" height=\"398\" \/><\/a><figcaption class=\"wp-caption-text\">Zem\u011bd\u011blci p\u0159ijeli do Prahy protestovat, ale jen sami za sebe, podporu od protivl\u00e1dn\u00ed opozice odm\u00edtli<\/figcaption><\/figure>\n<p>Od formy protestu se v minul\u00fdch dnech distancovaly nejv\u011bt\u0161\u00ed tuzemsk\u00e9 zem\u011bd\u011blsk\u00e9 svazy, v\u010detn\u011b Agr\u00e1rn\u00ed komory \u010cR.\u00a0<strong>Ministr zem\u011bd\u011blstv\u00ed Marek V\u00fdborn\u00fd kritizoval organiz\u00e1tory, \u017ee jsou napojeni na dezinforma\u010dn\u00ed sc\u00e9nu a \u017ee kv\u016fli vlastn\u00edm politick\u00fdm c\u00edl\u016fm zneu\u017eili b\u011b\u017en\u00e9 farm\u00e1\u0159e.<\/strong>\u00a0Co je ale neuv\u011b\u0159iteln\u00e9, samotn\u00e9 veden\u00ed protestu tento v\u00fdrok ministra zem\u011bd\u011blstv\u00ed potvrdilo a distancovalo se od v\u0161ech protivl\u00e1dn\u00edch skupin v \u010cR, kter\u00e9 se p\u0159i\u0161ly v naivn\u00ed v\u00ed\u0159e p\u0159ipojit na podporu zem\u011bd\u011blc\u016f do Prahy.<\/p>\n<p>A po t\u00e9 pond\u011bln\u00ed zku\u0161enosti s veden\u00edm agroprotestu to bylo z\u0159ejm\u011b i naposledy! To prost\u011b nevymysl\u00ed\u0161! Zem\u011bd\u011blci toti\u017e neusiluj\u00ed o p\u00e1d Fialovy vl\u00e1dy, ani o odstoupen\u00ed t\u00e9to neschopn\u00e9 vl\u00e1dy, ale pouze o to, aby jim tato Fialova neschopn\u00e1 vl\u00e1da nebrala dotace a odstoupila od dohody\u00a0<em>Green Deal<\/em>, kter\u00e1 tyto dotace ru\u0161\u00ed, \u010di velmi siln\u011b omezuje naproti offsetov\u00e9 dekarbonizaci, co\u017e vede k likvidaci mal\u00fdch a st\u0159edn\u00edch zem\u011bd\u011blc\u016f.<\/p>\n<h6><span style=\"font-size: 18pt;\">To nebyl autentick\u00fd protest zem\u011bd\u011blc\u016f, ale aktivn\u00ed opat\u0159en\u00ed vl\u00e1dy Petra Fialy na od\u0161t\u011bpen\u00ed zem\u011bd\u011blc\u016f od protivl\u00e1dn\u00ed opozice<\/span><\/h6>\n<p>A nam\u00edsto toho, aby se tito zem\u011bd\u011blci spojili s \u010desk\u00fdmi opozi\u010dn\u00edmi silami, tak se nam\u00edsto toho od nich distancuj\u00ed. Je proto jasn\u00e9, \u017ee ne\u0161lo o autentick\u00fd farm\u00e1\u0159sk\u00fd protest, ale o oby\u010dejn\u00e9 aktivn\u00ed opat\u0159en\u00ed (AO) na eliminaci \u010desk\u00e9 protivl\u00e1dn\u00ed opozice a vra\u017een\u00ed kl\u00ednu mezi zem\u011bd\u011blce a \u010desk\u00e9 protivl\u00e1dn\u00ed s\u00edly.\u00a0<strong>Toto se povedlo Fialov\u011b vl\u00e1d\u011b dokonale, proto\u017ee veden\u00ed agroprotestu p\u0159evzalo vl\u00e1dn\u00ed narativ a distancovalo se od ve\u0161ker\u00e9 \u010desk\u00e9 protivl\u00e1dn\u00ed opozice.<\/strong><\/p>\n<p>Zem\u011bd\u011blsk\u00e9 protesty v \u010cR od dne\u0161n\u00edho dne jsou mrtvou z\u00e1le\u017eitost\u00ed, proto\u017ee jde zjevn\u011b o o\u0161\u00e9fovanou n\u00e1tlakovou akci s c\u00edlem vynucen\u00ed si zachov\u00e1n\u00ed dota\u010dn\u00edch r\u00e1mc\u016f v dohod\u011b s touto zkrachovalou Fialovou vl\u00e1dou.\u00a0<strong>S touto vl\u00e1dou a \u017e\u00e1dnou jinou!<\/strong>\u00a0To je ten sign\u00e1l, kter\u00fd veden\u00ed agroprotestu v pond\u011bl\u00ed jasn\u011b vyslalo. Jasn\u00fd sign\u00e1l, kter\u00fd Petr Fiala jako\u00a0<em>signalista<\/em>\u00a0ozna\u010d\u00ed za\u00a0<em>hodnotov\u00fd<\/em>\u00a0sign\u00e1l!<\/p>\n<figure id=\"attachment_57940\" class=\"wp-caption aligncenter\" style=\"width: 681px;\"><a href=\"https:\/\/aeronet.news\/wp-content\/uploads\/FialaCowRider.jpg\"><img decoding=\"async\" loading=\"lazy\" class=\"wp-image-57940 \" src=\"https:\/\/aeronet.news\/wp-content\/uploads\/FialaCowRider.jpg\" sizes=\"(max-width: 700px) 100vw, 700px\" srcset=\"https:\/\/aeronet.news\/wp-content\/uploads\/FialaCowRider.jpg 700w, https:\/\/aeronet.news\/wp-content\/uploads\/FialaCowRider-150x150.jpg 150w, https:\/\/aeronet.news\/wp-content\/uploads\/FialaCowRider-300x300.jpg 300w, https:\/\/aeronet.news\/wp-content\/uploads\/FialaCowRider-357x357.jpg 357w, https:\/\/aeronet.news\/wp-content\/uploads\/FialaCowRider-483x483.jpg 483w, https:\/\/aeronet.news\/wp-content\/uploads\/FialaCowRider-210x210.jpg 210w\" alt=\"\" width=\"681\" height=\"681\" \/><\/a><figcaption class=\"wp-caption-text\">Petr Fiala si \u010desk\u00e9 zem\u011bd\u011blce v podstat\u011b osedlal. Po pond\u011bln\u00ed demonstraci si mnoz\u00ed p\u0159ipadaj\u00ed, \u017ee byli na demonstraci za \u201cvoly\u201d a pr\u00e1v\u011b na nich se Fiala povozil<\/figcaption><\/figure>\n<p>Aktivn\u00ed opat\u0159en\u00ed v Praze, kter\u00e9 v pond\u011bl\u00ed prob\u011bhlo s c\u00edlem eliminace vlivu protivl\u00e1dn\u00edch sil, aby byl v\u0161t\u011bpen kl\u00edn mezi zem\u011bd\u011blce a protivl\u00e1dn\u00ed opozici, se poda\u0159ilo Fialov\u011b vl\u00e1d\u011b na 100% a je jasn\u00e9, pro\u010d se protestu ne\u00fa\u010dastnila nejv\u011bt\u0161\u00ed \u010desk\u00e1 zem\u011bd\u011blsk\u00e1 organizace, tedy Agr\u00e1rn\u00ed komora \u010cesk\u00e9 republiky. Ta se toti\u017e v\u016fbec nep\u0159ipojila, proto\u017ee jej\u00edch \u010dlen\u016f se\u00a0<em>Green Deal<\/em>\u00a0a\u017e tak moc nedot\u00fdk\u00e1.<\/p>\n<p>Ta dohoda\u00a0<em>Green Deal<\/em>\u00a0toti\u017e neru\u0161\u00ed dota\u010dn\u00ed r\u00e1mce na pr\u016fmyslov\u00e9 plodiny, kter\u00e9 se pou\u017e\u00edvaj\u00ed pro v\u00fdrobu biopaliv jako je ethanol pro p\u0159im\u00edch\u00e1v\u00e1n\u00ed do fosiln\u00edch paliv. Likvidace se t\u00fdk\u00e1 potravinov\u00e9 zem\u011bd\u011blsk\u00e9 produkce, t\u00fdk\u00e1 se likvidace \u017eivo\u010di\u0161n\u00e9 v\u00fdroby a v\u011bt\u0161iny rostlinn\u00e9 v\u00fdroby ur\u010den\u00e9 k potravin\u00e1\u0159sk\u00e9mu vyu\u017eit\u00ed. A tyto protesty zem\u011bd\u011blc\u016f v podstat\u011b zahrnuj\u00ed farm\u00e1\u0159e s \u017eivo\u010di\u0161nou a \u010d\u00e1ste\u010dn\u011b rostlinnou v\u00fdrobou, p\u0159i\u010dem\u017e ty nejv\u011bt\u0161\u00ed agromer\u00e1ty v \u010cR, kter\u00e9 jsou soust\u0159ed\u011bny v \u010cesk\u00e9 agr\u00e1rn\u00ed komo\u0159e, se zab\u00fdvaj\u00ed v\u00fdrobou ethanolu nebo meziprodukt\u016f pro pr\u016fmysl. Proto se protest\u016f ne\u00fa\u010dastnily.<\/p>\n<h6><span style=\"font-size: 18pt;\">Green Deal povede k vyhlazen\u00ed mal\u00fdch a st\u0159edn\u00edch zem\u011bd\u011blc\u016f<\/span><\/h6>\n<p>Tito men\u0161\u00ed dot\u010den\u00ed zem\u011bd\u011blci cht\u011bj\u00ed zachov\u00e1n\u00ed dota\u010dn\u00edch titul\u016f a zru\u0161en\u00ed karbonov\u00fdch a dus\u00edkov\u00fdch dan\u00ed, kter\u00e9 by nov\u011b m\u011bly na zem\u011bd\u011blce dopadnout za \u017eivo\u010di\u0161nou a rostlinnou v\u00fdrobu.<strong>\u00a0Velk\u00e9 agromer\u00e1ty jsou ve v\u00fdhod\u011b, proto\u017ee si karbonov\u00e9 a dus\u00edkov\u00e9 dan\u011b mohou odepsat vedlej\u0161\u00ed ekologickou produkc\u00ed, nap\u0159. sol\u00e1rn\u00edmi elektr\u00e1rnami, v\u00fdrobou bioplynu a dal\u0161\u00edmi\u00a0<em>offsetov\u00fdmi tituly<\/em><\/strong>, kter\u00e9 se odepisuj\u00ed naproti karbonov\u00fdm a dus\u00edkov\u00fdm dan\u00edm. Jen\u017ee mal\u00ed zem\u011bd\u011blci nemaj\u00ed pen\u00edze a prost\u0159edky na po\u0159\u00edzen\u00ed t\u011bchto offsetov\u00fdch program\u016f, aby si mohli odepisovat karbonov\u00e9 a dus\u00edkov\u00e9 tuny naproti produkci obnoviteln\u00fdch zdroj\u016f.<\/p>\n<figure id=\"attachment_56806\" class=\"wp-caption aligncenter\" style=\"width: 543px;\"><a href=\"https:\/\/aeronet.news\/wp-content\/uploads\/FialaAchievements.jpg\"><img decoding=\"async\" loading=\"lazy\" class=\"wp-image-56806 \" src=\"https:\/\/aeronet.news\/wp-content\/uploads\/FialaAchievements.jpg\" sizes=\"(max-width: 700px) 100vw, 700px\" srcset=\"https:\/\/aeronet.news\/wp-content\/uploads\/FialaAchievements.jpg 700w, https:\/\/aeronet.news\/wp-content\/uploads\/FialaAchievements-243x300.jpg 243w, https:\/\/aeronet.news\/wp-content\/uploads\/FialaAchievements-289x357.jpg 289w, https:\/\/aeronet.news\/wp-content\/uploads\/FialaAchievements-391x483.jpg 391w\" alt=\"\" width=\"543\" height=\"671\" \/><\/a><figcaption class=\"wp-caption-text\">Tohle v\u0161echno, a nejen to, dok\u00e1zala vl\u00e1da Petra Fialy. Ale \u010de\u0161t\u00ed zem\u011bd\u011blci tu vl\u00e1du povalit necht\u011bj\u00ed\u2026 a t\u00edm je to dan\u00e9!<\/figcaption><\/figure>\n<p>Tyto offsety si toti\u017e v \u010cR mohou dovolit jen velk\u00e9 agrokoncerny, tak\u017ee mal\u00ed zem\u011bd\u011blci skon\u010d\u00ed. To je pl\u00e1n\u00a0<em>Green Deal<\/em>\u00a0na indukci\u00a0<em>mana\u017eovan\u00e9ho hladomoru<\/em>\u00a0v zem\u00edch KoZa (<em>Kolektivn\u00edho Z\u00e1padu<\/em>). O to v\u00edce je nepochopiteln\u00e9, pro\u010d se veden\u00ed protestu distancovalo od protivl\u00e1dn\u00edch sil, kdy\u017e pouze sesazen\u00ed Fialovy vl\u00e1dy m\u016f\u017ee d\u00e1t mal\u00fdm farm\u00e1\u0159\u016fm nad\u011bji na z\u00e1chranu v budoucnosti. Pouze procesy\u00a0<em>orbanizace<\/em>\u00a0v Evrop\u011b! Kdyby \u0161lo o autentickou demonstraci farm\u00e1\u0159\u016f, ti by se p\u0159ipojili k protivl\u00e1dn\u00ed opozici prvopl\u00e1nov\u011b, proto\u017ee jedin\u011b tak by bylo jasn\u00e9, \u017ee sv\u016fj protest mysl\u00ed v\u00e1\u017en\u011b. Nam\u00edsto toho si mysleli, \u017ee si do Prahy dojedou v traktorech pro zru\u0161en\u00e9 dotace. Hmmm\u2026 to je smutn\u00fd konceptu\u00e1ln\u00ed v\u00fdsledek.<\/p>\n<p><a href=\"https:\/\/aeronet.news\/obcane-rozejdete-se-tady-to-konci-agroprotest-zemedelcu-v-praze-nebyl-demonstraci-proti-vlade-ale-aktivnim-opatrenim-fialovy-garnitury-vedeni-agroprotestu-se-zradne-distancovalo\/\">-VK- \u0160\u00e9fredaktor AE News<\/a><\/p>\n<p>&nbsp;<\/p>\n<p><a href=\"https:\/\/stranapro.cz\/\"><img decoding=\"async\" loading=\"lazy\" class=\"wp-image-40286 aligncenter\" src=\"http:\/\/www.infokuryr.cz\/n\/wp-content\/uploads\/2023\/11\/12pro-300x87.png\" alt=\"\" width=\"866\" height=\"251\" srcset=\"https:\/\/www.infokuryr.cz\/n\/wp-content\/uploads\/2023\/11\/12pro-300x87.png 300w, https:\/\/www.infokuryr.cz\/n\/wp-content\/uploads\/2023\/11\/12pro.png 366w\" sizes=\"(max-width: 866px) 100vw, 866px\" \/><\/a><\/p>\n<p>&nbsp;<\/p>\n<p>&nbsp;<\/p>\n","protected":false},"excerpt":{"rendered":"<p>Ob\u010dan\u00e9, rozejd\u011bte se, tady to kon\u010d\u00ed! Agroprotest zem\u011bd\u011blc\u016f v Praze nebyl demonstrac\u00ed proti vl\u00e1d\u011b, ale&#8230;<\/p>\n","protected":false},"author":2,"featured_media":47468,"comment_status":"closed","ping_status":"closed","sticky":false,"template":"","format":"standard","meta":[],"categories":[6],"tags":[2992,441,234,95,2532],"_links":{"self":[{"href":"https:\/\/www.infokuryr.cz\/n\/wp-json\/wp\/v2\/posts\/47467"}],"collection":[{"href":"https:\/\/www.infokuryr.cz\/n\/wp-json\/wp\/v2\/posts"}],"about":[{"href":"https:\/\/www.infokuryr.cz\/n\/wp-json\/wp\/v2\/types\/post"}],"author":[{"embeddable":true,"href":"https:\/\/www.infokuryr.cz\/n\/wp-json\/wp\/v2\/users\/2"}],"replies":[{"embeddable":true,"href":"https:\/\/www.infokuryr.cz\/n\/wp-json\/wp\/v2\/comments?post=47467"}],"version-history":[{"count":0,"href":"https:\/\/www.infokuryr.cz\/n\/wp-json\/wp\/v2\/posts\/47467\/revisions"}],"wp:featuredmedia":[{"embeddable":true,"href":"https:\/\/www.infokuryr.cz\/n\/wp-json\/wp\/v2\/media\/47468"}],"wp:attachment":[{"href":"https:\/\/www.infokuryr.cz\/n\/wp-json\/wp\/v2\/media?parent=47467"}],"wp:term":[{"taxonomy":"category","embeddable":true,"href":"https:\/\/www.infokuryr.cz\/n\/wp-json\/wp\/v2\/categories?post=47467"},{"taxonomy":"post_tag","embeddable":true,"href":"https:\/\/www.infokuryr.cz\/n\/wp-json\/wp\/v2\/tags?post=47467"}],"curies":[{"name":"wp","href":"https:\/\/api.w.org\/{rel}","templated":true}]}}