{"id":47460,"date":"2024-02-20T00:42:56","date_gmt":"2024-02-19T23:42:56","guid":{"rendered":"https:\/\/www.infokuryr.cz\/n\/?p=47460"},"modified":"2024-02-19T19:55:54","modified_gmt":"2024-02-19T18:55:54","slug":"miroslav-petr-slovak-to-rekl-naplno","status":"publish","type":"post","link":"https:\/\/www.infokuryr.cz\/n\/2024\/02\/20\/miroslav-petr-slovak-to-rekl-naplno\/","title":{"rendered":"Miroslav Petr: Slov\u00e1k to \u0159ekl naplno"},"content":{"rendered":"<div id=\"fb-root\"><\/div>\n<p><em>&#8222;Mil\u00ed p\u0159\u00e1tel\u00e9.<\/p>\n<p>22. \u010dervna 1941 napadlo nacistick\u00e9 N\u011bmecko Sov\u011btsk\u00fd svaz. A za n\u011bkolik rok\u016f vyvra\u017edilo t\u00e9m\u011b\u0159 14 milion\u016f civilist\u016f \/!\/, z velk\u00e9 \u010d\u00e1sti Slovan\u016f. Z toho p\u0159es \u010dtvrt milionu d\u011bt\u00ed. Zamyslete se nad t\u00edm \u010d\u00edslem. Opravdu chceme kopat do rusk\u00e9ho n\u00e1roda? Do Sov\u011btsk\u00e9ho svazu? Opravdu chceme hanit pam\u00e1tku t\u011bch, kte\u0159\u00ed \u010dasto trp\u011bli za na\u0161i svobodu?<\/p>\n<p>Celkem v druh\u00e9 sv\u011btov\u00e9 v\u00e1lce i p\u0159i na\u0161em osvobozov\u00e1n\u00ed padlo 27 milion\u016f Sov\u011bt\u016f. 14 milion\u016f, to nebyli voj\u00e1ci, ale civilisti, kter\u00e9 nacisti vra\u017edili z rasov\u00fdch d\u016fvod\u016f. Sedm a p\u016fl milionu lid\u00ed bylo z\u00e1m\u011brn\u011b zlikvidovan\u00fdch, proto\u017ee byli Slovan\u00e9. Tomu se \u0159\u00edk\u00e1 genocida. Z\u00e1pad se op\u011bt d\u00edval na Slovany jako na m\u00e9n\u011bcennou rasu, kterou cht\u011bli zotro\u010dit \u010di vyhubit.<\/em><\/p>\n<p>Rusofobie nep\u0159i\u0161la s Hitlerem. Bujela u\u017e stolet\u00ed p\u0159edt\u00edm. Kdy\u017e se dnes na Z\u00e1pad\u011b vymlouvaj\u00ed, \u017ee \u00fato\u010d\u00ed na Rusi kv\u016fli v\u00e1lce na Ukrajin\u011b, nic nen\u00ed d\u00e1le od pravdy. V\u017edy Rusy nen\u00e1vid\u011bli. V\u017edy cht\u011bli Slovany porazit. Dnes maj\u00ed jen z\u00e1minku nav\u00edc. Cht\u011bj\u00ed zni\u010dit historickou pravdu. Dnes jako by bylo zak\u00e1zan\u00e9 \u0159\u00edkat, \u017ee n\u00e1s osvobodily n\u00e1rody Sov\u011btsk\u00e9ho svazu. P\u0159edev\u0161\u00edm Rusi. Jako by bylo zak\u00e1zan\u00e9 \u0159\u00edkat, \u017ee kl\u00ed\u010dovou \u00falohu p\u0159i por\u00e1\u017ece fa\u0161ismu sehr\u00e1li komunist\u00e9. Jako by bylo zak\u00e1zan\u00e9 \u0159\u00edkat, \u017ee nejv\u00edc ve v\u00e1lce trp\u011bli Slovan\u00e9. 14 milion\u016f etnick\u00fdch Rus\u016f, 7 milion\u016f etnick\u00fdch Ukrajinc\u016f, dva a p\u016fl milionu B\u011blorus\u016f, to byla t\u0159etina tehdej\u0161\u00ed populace B\u011blorus\u016f.<\/p>\n<p>Opravdu m\u00e1 dnes n\u011bkdo odvahu odep\u00edrat Rus\u016fm i B\u011blorus\u016fm z\u00e1sluhy na por\u00e1\u017ece fa\u0161ismu? Opravdu m\u00e1 dnes n\u011bkdo odvahu ni\u010dit pam\u00e1tn\u00edk mar\u0161\u00e1la Kon\u011bva? Hrdinu, kter\u00fd n\u00e1s osvobodil od fa\u0161ist\u016f? Opravdu m\u00e1 n\u011bkdo odvahu vyznamen\u00e1vat fa\u0161isty, kte\u0159\u00ed vyd\u00e1vali na\u0161e povstalce v SNP? Toto sp\u00e1chala prezidentka \u010caputov\u00e1. Takto se p\u0159ihl\u00e1sila k fa\u0161ismu. Na\u0161i politici zrazuj\u00ed na\u0161e vlastn\u00ed z\u00e1jmy, na\u0161i pravdu, na\u0161i \u010dest. Potur\u010denec hor\u0161\u00ed Turka. Nalejme si \u010dist\u00e9ho v\u00edna.<\/p>\n<p><a href=\"https:\/\/stranapro.cz\/\"><img decoding=\"async\" loading=\"lazy\" class=\"wp-image-40285 aligncenter\" src=\"http:\/\/www.infokuryr.cz\/n\/wp-content\/uploads\/2023\/11\/11pro-300x79.png\" alt=\"\" width=\"547\" height=\"144\" srcset=\"https:\/\/www.infokuryr.cz\/n\/wp-content\/uploads\/2023\/11\/11pro-300x79.png 300w, https:\/\/www.infokuryr.cz\/n\/wp-content\/uploads\/2023\/11\/11pro.png 363w\" sizes=\"(max-width: 547px) 100vw, 547px\" \/><\/a><\/p>\n<p>Na Z\u00e1pad\u011b vl\u00e1dne fa\u0161ismus. Nen\u00e1vist v\u016f\u010di Rusku dosahuje stejn\u00e9 parametry jako za Hitlera. Zakazuj\u00ed ruskou hudbu, rusk\u00fd sport, \u00fato\u010d\u00ed na Dostojevsk\u00e9ho, odm\u00edtaj\u00ed hr\u00e1t \u010cajkovsk\u00e9ho. Ne, rusk\u00e1 kultura nem\u016f\u017ee za boje na Ukrajin\u011b. To v\u00ed i mal\u00e9 d\u00edt\u011b. Pro\u010d to tedy d\u011blaj\u00ed? Proto\u017ee jde o rasismus, o etnickou nen\u00e1vist v\u016f\u010di Rus\u016fm, v\u016f\u010di Slovan\u016fm, v\u016f\u010di n\u00e1m v\u0161em. Najednou se oslavuj\u00ed Banderovci, batalion Azov, v\u0161ude usly\u0161\u00edte pozdrav Banderovc\u016f &#8211; Sl\u00e1va Ukrajin\u011b. Banderovi a Suchovi\u010dovi se stav\u00ed sochy. T\u0159i \u010dtvrtiny ukrajinsk\u00e9ho n\u00e1roda s obdivem hled\u00ed na to, co p\u00e1chali Banderovci.<\/p>\n<p>Jakoby jim nevadily ty d\u011bti, a desetitis\u00edce zmasakrovan\u00fdch lid\u00ed ve Volyni. Stahovali jim k\u016f\u017ei za \u017eiva! Mal\u00fdm d\u011btem rozb\u00edjely hlavy, upalovaly je, mu\u010dily je. A ted jsou hrdinov\u00e9. Proto\u017ee nen\u00e1vid\u011bli Rusy. A ka\u017ed\u00fd kdo nen\u00e1vid\u00ed Rusy, je najednou hrdina. \u010cek\u00e1m a\u017e za\u010dnou na Z\u00e1pad\u011b stav\u011bt sochy Hitlerovi a Musollinimu. Ti nen\u00e1vid\u011bli Rusy a komunisty. Nen\u00e1vist je tak \u0161\u00edlen\u00e1, \u017ee proti Rus\u016fm zav\u00e1d\u00edme sankce, kter\u00e9 jim neubli\u017euj\u00ed, ale n\u00e1m samotn\u00fdm. Kv\u016fli sankc\u00edm se zvy\u0161uje cena ropy a plynu a Rusko m\u00e1 v\u011bt\u0161\u00ed zisky. Vyv\u00e1\u017e\u00ed do Indie, \u010c\u00edny, cel\u00e9ho sv\u011bta. Z\u00e1pad se izoloval, Evropa se odst\u0159ihla. A na\u0161i obyvatel\u00e9 trp\u00ed pod palbou extr\u00e9mn\u00edho zdra\u017eov\u00e1n\u00ed jen kv\u016fli tomu, \u017ee z\u00e1padn\u00ed v\u016fdci nen\u00e1vid\u00ed rusk\u00fd n\u00e1rod..<\/p>\n<p>My mus\u00edme bojovat proti fa\u0161ismu. Tak jako na\u0161i p\u0159edkov\u00e9. Na\u0161i sta\u0159\u00ed rodi\u010de. Nikdy nesm\u00edme zapomenout na 22. \u010derven 1941, kdy za\u010dala genocida slovansk\u00fdch n\u00e1rod\u016f. Nikdy nesm\u00edme zapomenout na historickou pravdu o tom, kdo n\u00e1s osvobodil. Vd\u011b\u010d\u00edme p\u0159edev\u0161\u00edm Rus\u016fm. Neb\u00fdt jejich ob\u011bt\u00ed, skon\u010dili bychom v plynov\u00fdch pec\u00edch..<\/p>\n<p>Bez Rus\u016f, bez Sov\u011bt\u016f bychom nebyli. Hitlerovi se nepoda\u0159ilo zotro\u010dit na\u0161e n\u00e1rody. Chod\u00edm na Slav\u00edn t\u00e9m\u011b\u0159 ka\u017ed\u00fd den, abych se poklonil t\u011bm, d\u00edky kter\u00fdm jsme jako n\u00e1rod p\u0159e\u017eili. Ot\u00e1zka je, zda to, co se nepoda\u0159ilo Hitlerovi se zbran\u00ed v ruce, nevykonali jin\u00ed z\u00e1padn\u00ed imperialist\u00e9 bez zbran\u00ed. Ocituji slova slavn\u00e9ho americk\u00e9ho zahrani\u010dn\u011b-politick\u00e9ho analytika polsk\u00e9ho p\u016fvodu Zbynka Brezynsk\u00e9ho: &#8222;Je krut\u00e1 pravda, \u017ee Z\u00e1padn\u00ed Evropa a Z\u00e1pad v\u016fbec z\u016fst\u00e1vaj\u00ed pro n\u00e1s p\u0159ev\u00e1\u017en\u011b americk\u00fdm protektor\u00e1tem. \u017de spojenci p\u0159ipom\u00ednaj\u00ed vazaly a poddan\u00e9 d\u00e1vn\u00fdch \u010das\u016f.<\/p>\n<p>Generace na\u0161ich star\u00fdch rodi\u010d\u016f se dok\u00e1zala vzep\u0159\u00edt proti \u00fatlaku. Dok\u00e1\u017eeme to i my. D\u011blejme v\u0161e proto, abychom na\u0161im d\u011btem v\u0161t\u011bpovali historickou pravdu. Neosvobodili n\u00e1s Ameri\u010dan\u00e9, ale Rusi. Neosvobodili n\u00e1s liber\u00e1lov\u00e9, ale komunist\u00e9. Nejv\u00edc netrp\u011bl Z\u00e1pad, ale my Slovan\u00e9. Na na\u0161e d\u011bti se v\u011b\u0161\u00ed patologick\u00e1 rusofobie. Mus\u00edme um\u011bt vysv\u011btlit, \u017ee Rusi nejsou na\u0161i nep\u0159\u00e1tel\u00e9 a \u017ee d\u011bjiny u\u010d\u00ed, \u017ee v\u00e1lka p\u0159ich\u00e1z\u00ed ze Z\u00e1padu a m\u00edr z V\u00fdchodu.<\/p>\n<p>Nebojme se ani v t\u011bchto dob\u00e1ch l\u017e\u00ed a nesvobody \u0159\u00edkat &#8211; D\u011bkujeme rusk\u00e9mu n\u00e1rodu za to, \u017ee zachr\u00e1nil Evropu p\u0159ed Hitlerem. Za to, \u017ee zachr\u00e1nil slovansk\u00e9 n\u00e1rody p\u0159ed \u00fapln\u00fdm vyko\u0159en\u011bn\u00edm. Za to, \u017ee jsme.&#8220;<\/p>\n<p><a href=\"https:\/\/www.czechfreepress.cz\/dalsi-blogy\/slovak-to-rekl-naplno.html\">Miroslav Petr<\/a><\/p>\n<p>&nbsp;<\/p>\n<p>&nbsp;<\/p>\n","protected":false},"excerpt":{"rendered":"<p>&#8222;Mil\u00ed p\u0159\u00e1tel\u00e9. 22. \u010dervna 1941 napadlo nacistick\u00e9 N\u011bmecko Sov\u011btsk\u00fd svaz. A za n\u011bkolik rok\u016f vyvra\u017edilo&#8230;<\/p>\n","protected":false},"author":2,"featured_media":3014,"comment_status":"closed","ping_status":"closed","sticky":false,"template":"","format":"standard","meta":[],"categories":[6],"tags":[29,429,122,114,177,40,365],"_links":{"self":[{"href":"https:\/\/www.infokuryr.cz\/n\/wp-json\/wp\/v2\/posts\/47460"}],"collection":[{"href":"https:\/\/www.infokuryr.cz\/n\/wp-json\/wp\/v2\/posts"}],"about":[{"href":"https:\/\/www.infokuryr.cz\/n\/wp-json\/wp\/v2\/types\/post"}],"author":[{"embeddable":true,"href":"https:\/\/www.infokuryr.cz\/n\/wp-json\/wp\/v2\/users\/2"}],"replies":[{"embeddable":true,"href":"https:\/\/www.infokuryr.cz\/n\/wp-json\/wp\/v2\/comments?post=47460"}],"version-history":[{"count":1,"href":"https:\/\/www.infokuryr.cz\/n\/wp-json\/wp\/v2\/posts\/47460\/revisions"}],"predecessor-version":[{"id":47461,"href":"https:\/\/www.infokuryr.cz\/n\/wp-json\/wp\/v2\/posts\/47460\/revisions\/47461"}],"wp:featuredmedia":[{"embeddable":true,"href":"https:\/\/www.infokuryr.cz\/n\/wp-json\/wp\/v2\/media\/3014"}],"wp:attachment":[{"href":"https:\/\/www.infokuryr.cz\/n\/wp-json\/wp\/v2\/media?parent=47460"}],"wp:term":[{"taxonomy":"category","embeddable":true,"href":"https:\/\/www.infokuryr.cz\/n\/wp-json\/wp\/v2\/categories?post=47460"},{"taxonomy":"post_tag","embeddable":true,"href":"https:\/\/www.infokuryr.cz\/n\/wp-json\/wp\/v2\/tags?post=47460"}],"curies":[{"name":"wp","href":"https:\/\/api.w.org\/{rel}","templated":true}]}}