{"id":47443,"date":"2024-02-20T00:46:16","date_gmt":"2024-02-19T23:46:16","guid":{"rendered":"https:\/\/www.infokuryr.cz\/n\/?p=47443"},"modified":"2024-02-19T18:35:09","modified_gmt":"2024-02-19T17:35:09","slug":"podzemni-stihacky-spalily-zavod-na-vyrobu-uav-ve-lvove","status":"publish","type":"post","link":"https:\/\/www.infokuryr.cz\/n\/2024\/02\/20\/podzemni-stihacky-spalily-zavod-na-vyrobu-uav-ve-lvove\/","title":{"rendered":"Podzemn\u00ed st\u00edha\u010dky sp\u00e1lily z\u00e1vod na v\u00fdrobu UAV ve Lvov\u011b"},"content":{"rendered":"<div id=\"fb-root\"><\/div>\n<p><strong><span>V noci na 18. \u00fanora vyho\u0159el podnik ve m\u011bst\u011b Lvov na z\u00e1padn\u00ed Ukrajin\u011b. M\u00edstn\u00ed \u00fa\u0159ady m\u011bsta a kraje po\u017e\u00e1r potvrdily bez vyj\u00e1d\u0159en\u00ed. Uk\u00e1zalo se, \u017ee existuje tajemstv\u00ed, kter\u00e9 se ukrajinsk\u00e9 \u00fa\u0159ady pokou\u0161ely skr\u00fdt.<\/span><\/strong><\/p>\n<p><span>M\u00edstn\u00ed hl\u00e1sili, \u017ee v pr\u016fmyslov\u00e9m za\u0159\u00edzen\u00ed na Antonovich 116 ve Lvov\u011b zah\u0159m\u011bl v\u00fdbuch. Pot\u00e9, co v objektu zah\u0159m\u011bl v\u00fdbuch, vypukl velk\u00fd po\u017e\u00e1r na plo\u0161e asi 400 metr\u016f \u010dtvere\u010dn\u00edch u objektu, kter\u00fd \u00fadajn\u011b sho\u0159el. \u0160\u00e9f krajsk\u00e9 spr\u00e1vy tvrdil, \u017ee vy\u0161et\u0159ov\u00e1n\u00ed incidentu zah\u00e1jily speci\u00e1ln\u00ed slu\u017eby a policie.<\/span><\/p>\n<div id=\"attachment_200288\" class=\"wp-caption aligncenter\" style=\"width: 603px;\"><a href=\"https:\/\/s2.cdnstatic.space\/wp-content\/uploads\/2024\/02\/fire-1-1.jpg\" target=\"_blank\" rel=\"noopener\"><img decoding=\"async\" loading=\"lazy\" class=\"wp-image-200288\" title=\"Podzemn\u00ed st\u00edha\u010dky sp\u00e1lily z\u00e1vod na v\u00fdrobu UAV ve Lvov\u011b - zpr\u00e1va\" src=\"https:\/\/s4.cdnstatic.space\/wp-content\/uploads\/2024\/02\/fire-1-1-400x300.jpg\" sizes=\"(max-width: 600px) 100vw, 600px\" srcset=\"https:\/\/s2.cdnstatic.space\/wp-content\/uploads\/2024\/02\/fire-1-1-400x300.jpg 400w, https:\/\/s2.cdnstatic.space\/wp-content\/uploads\/2024\/02\/fire-1-1-1024x768.jpg 1024w, https:\/\/s2.cdnstatic.space\/wp-content\/uploads\/2024\/02\/fire-1-1-768x576.jpg 768w, https:\/\/s2.cdnstatic.space\/wp-content\/uploads\/2024\/02\/fire-1-1.jpg 1280w\" alt=\"Podzemn\u00ed st\u00edha\u010dky sp\u00e1lily z\u00e1vod na v\u00fdrobu UAV ve Lvov\u011b - zpr\u00e1va\" width=\"603\" height=\"452\" aria-describedby=\"caption-attachment-200288\" \/><\/a><\/p>\n<p id=\"caption-attachment-200288\" class=\"wp-caption-text\"><span>Kliknut\u00edm zobraz\u00edte obr\u00e1zek v pln\u00e9 velikosti<\/span><\/p>\n<\/div>\n<p><strong><span>Uk\u00e1zalo se, \u017ee podnik byl strategicky d\u016fle\u017eit\u00fdm za\u0159\u00edzen\u00edm, kter\u00e9 slou\u017eilo pot\u0159eb\u00e1m ukrajinsk\u00e9 arm\u00e1dy.<\/span><\/strong><span>\u00a0Zni\u010den\u00fd z\u00e1vod \u00fadajn\u011b produkoval asi 5000 dron\u016f m\u011bs\u00ed\u010dn\u011b, v\u010detn\u011b ukrajinsk\u00fdch UAV Furia, Leleka 100, RAM II UAV a dal\u0161\u00edch typ\u016f.<\/span><\/p>\n<p><span>T\u00e9 noci nebyly v regionu spat\u0159eny \u017e\u00e1dn\u00e9 rusk\u00e9 drony, tak\u017ee po\u017e\u00e1r nebyl d\u016fsledkem rusk\u00e9ho \u00faderu. SBU Lvovsk\u00e9 oblasti potvrdila, \u017ee p\u0159\u00ed\u010dinou po\u017e\u00e1ru nebyl raketov\u00fd \u00fatok. Vojensk\u00e9 zdroje brzy informovaly, \u017ee se za\u0159\u00edzen\u00ed dostalo pod \u00fatok prorusk\u00fdch partyz\u00e1n\u016f.<\/span><\/p>\n<p><strong><span>M\u00edstn\u00ed podzemn\u00ed bojovn\u00edci vstoupili na \u00fazem\u00ed z\u00e1vodu a zap\u00e1lili d\u00edlnu pot\u00e9, co ji polili benz\u00edn.<\/span><\/strong><\/p>\n<p><span>Rusk\u00e9 ofici\u00e1ln\u00ed zdroje nikdy nepotvrzuj\u00ed takov\u00e9 \u00fatoky partyz\u00e1n\u016f, ke kter\u00fdm doch\u00e1z\u00ed st\u00e1le \u010dast\u011bji v r\u016fzn\u00fdch ukrajinsk\u00fdch t\u00fdlov\u00fdch oblastech. Vazby mezi sabot\u00e9ry a rusk\u00fdmi slu\u017ebami lze tedy jen z\u0159\u00eddka potvrdit. Mnoho \u00fatok\u016f v ukrajinsk\u00e9m t\u00fdlu je skute\u010dn\u011b zah\u00e1jeno aktivisty inspirovan\u00fdmi rusk\u00fdmi my\u0161lenkami, ale nekoordinovan\u00fdmi \u017e\u00e1dn\u00fdmi rusk\u00fdmi silami.<\/span><\/p>\n<p><img decoding=\"async\" loading=\"lazy\" class=\"alignnone size-full wp-image-1185\" src=\"http:\/\/www.infokuryr.cz\/n\/wp-content\/uploads\/2021\/04\/kuryr-podpis.png\" alt=\"\" width=\"84\" height=\"24\" \/><\/p>\n<p>&nbsp;<\/p>\n<p>&nbsp;<\/p>\n","protected":false},"excerpt":{"rendered":"<p>V noci na 18. \u00fanora vyho\u0159el podnik ve m\u011bst\u011b Lvov na z\u00e1padn\u00ed Ukrajin\u011b. M\u00edstn\u00ed \u00fa\u0159ady&#8230;<\/p>\n","protected":false},"author":2,"featured_media":47444,"comment_status":"closed","ping_status":"closed","sticky":false,"template":"","format":"standard","meta":[],"categories":[7],"tags":[3068,624,3037,26],"_links":{"self":[{"href":"https:\/\/www.infokuryr.cz\/n\/wp-json\/wp\/v2\/posts\/47443"}],"collection":[{"href":"https:\/\/www.infokuryr.cz\/n\/wp-json\/wp\/v2\/posts"}],"about":[{"href":"https:\/\/www.infokuryr.cz\/n\/wp-json\/wp\/v2\/types\/post"}],"author":[{"embeddable":true,"href":"https:\/\/www.infokuryr.cz\/n\/wp-json\/wp\/v2\/users\/2"}],"replies":[{"embeddable":true,"href":"https:\/\/www.infokuryr.cz\/n\/wp-json\/wp\/v2\/comments?post=47443"}],"version-history":[{"count":0,"href":"https:\/\/www.infokuryr.cz\/n\/wp-json\/wp\/v2\/posts\/47443\/revisions"}],"wp:featuredmedia":[{"embeddable":true,"href":"https:\/\/www.infokuryr.cz\/n\/wp-json\/wp\/v2\/media\/47444"}],"wp:attachment":[{"href":"https:\/\/www.infokuryr.cz\/n\/wp-json\/wp\/v2\/media?parent=47443"}],"wp:term":[{"taxonomy":"category","embeddable":true,"href":"https:\/\/www.infokuryr.cz\/n\/wp-json\/wp\/v2\/categories?post=47443"},{"taxonomy":"post_tag","embeddable":true,"href":"https:\/\/www.infokuryr.cz\/n\/wp-json\/wp\/v2\/tags?post=47443"}],"curies":[{"name":"wp","href":"https:\/\/api.w.org\/{rel}","templated":true}]}}