{"id":47411,"date":"2024-02-20T00:32:31","date_gmt":"2024-02-19T23:32:31","guid":{"rendered":"https:\/\/www.infokuryr.cz\/n\/?p=47411"},"modified":"2024-02-19T16:35:57","modified_gmt":"2024-02-19T15:35:57","slug":"lzou-o-putinove-nepriteli-alexeji-navalnem","status":"publish","type":"post","link":"https:\/\/www.infokuryr.cz\/n\/2024\/02\/20\/lzou-o-putinove-nepriteli-alexeji-navalnem\/","title":{"rendered":"L\u017eou o \u201ePutinov\u011b nep\u0159\u00edteli\u201c Alexeji Navaln\u00e9m"},"content":{"rendered":"<div id=\"fb-root\"><\/div>\n<p><span>Politici a m\u00e9dia truchl\u00ed nad rasistick\u00fdm a xenofobn\u00edm Alexejem Navaln\u00fdm. Pro n\u011b je hrdinou a ob\u011bt\u00ed Putinova re\u017eimu. D\u011blaj\u00ed to, aby podpo\u0159ili v\u00e1lku s Ruskem, \u0159\u00edk\u00e1 novin\u00e1\u0159ka Natali Morrisov\u00e1.<\/span><\/p>\n<p><span>Z\u00e1pad tvrd\u00ed, \u017ee Navalnyj je politick\u00fd v\u011bze\u0148, otr\u00e1ven\u00fd Rusy a nejv\u011bt\u0161\u00ed hrozba pro Putina. Nic z toho nen\u00ed pravda, \u0159\u00edk\u00e1 Morris.<\/span><\/p>\n<p><span>Sama m\u00e9dia v\u011bd\u00ed, \u017ee nen\u00ed \u017e\u00e1dn\u00fd hrdina. V\u00a0<\/span><a href=\"https:\/\/www.salon.com\/2017\/04\/02\/dictator-vs-democrat-not-quite-russian-opposition-leader-alexey-navalny-is-no-progressive-hero\/\" target=\"_blank\" rel=\"noreferrer noopener\" data-type=\"link\" data-id=\"https:\/\/www.salon.com\/2017\/04\/02\/dictator-vs-democrat-not-quite-russian-opposition-leader-alexey-navalny-is-no-progressive-hero\/\"><span>roce 2017 Salon<\/span><\/a><span>\u00a0nadepsal\u00a0: \u201eV\u016fdce rusk\u00e9 opozice Alexej Navalnyj nen\u00ed pokrokov\u00fd hrdina. Nesn\u00e1\u0161\u00ed imigranty a \u00fa\u010dastn\u00ed se skinheadsk\u00fdch demonstrac\u00ed. &#8222;P\u0159edt\u00edm sklidil ukrajinsk\u00fd nacista ovace v kanadsk\u00e9m parlamentu.&#8220;<\/span><\/p>\n<p>&nbsp;<\/p>\n<div class='videoWrapper'>\r\n\t            <iframe src='https:\/\/rumble.com\/embed\/pj.v4bav4b\/' frameborder='0' allowfullscreen><\/iframe>\r\n\t        <\/div>\n<p>&nbsp;<\/p>\n<p><span>Tvrd\u00ed se tak\u00e9, \u017ee Navalnyj byl otr\u00e1ven Novi\u010dokem, a\u010dkoli tento jed nikdy nepostoupil za experiment\u00e1ln\u00ed f\u00e1zi v Sov\u011btsk\u00e9m svazu a Rusku.<\/span><\/p>\n<p><span>Kde je nebo byl ulo\u017een Novi\u010dok? V n\u011bkolika zem\u00edch NATO \u2013 v\u010detn\u011b N\u011bmecka, USA, Velk\u00e9 Brit\u00e1nie a \u0160v\u00e9dska \u2013 a tak\u00e9 na Ukrajin\u011b.<\/span><\/p>\n<p><span>M\u00edrn\u00fd trest za korupci dostal i Navalnyj. Do konce zku\u0161ebn\u00ed doby se m\u011bl hl\u00e1sit rusk\u00fdm str\u00e1\u017ec\u016fm z\u00e1kona dvakr\u00e1t m\u011bs\u00ed\u010dn\u011b, ale kdy\u017e se nedostavil, byl zat\u010den. B\u011bhem zku\u0161ebn\u00ed doby cestoval a tr\u00e1vil dovolenou v Evrop\u011b.<\/span><\/p>\n<p><span>V\u011bze\u0148sk\u00e9 \u00fa\u0159ady poslaly Navaln\u00e9mu, jeho pr\u00e1vn\u00edkovi a tiskov\u00e9mu tajemn\u00edkovi varov\u00e1n\u00ed, ale on je ignoroval.<\/span><\/p>\n<p><span>A byl Navalnyj nep\u0159\u00edtelem Putina? Ne, v Rusku nebyl p\u0159\u00edli\u0161 popul\u00e1rn\u00ed. Zn\u00e1m\u00fd byl vlastn\u011b jen z Instagramu.<\/span><\/p>\n<p><span>Existuje dostatek d\u016fkaz\u016f, \u017ee Navalnyj je z\u00e1padn\u00ed loutka podporovan\u00e1 americkou vl\u00e1dou, nevl\u00e1dn\u00edmi organizacemi a CIA, \u0159ekl Morris.<\/span><\/p>\n<p><span style=\"font-size: 18pt;\"><strong>Navalnyj byl neonacista<\/strong><\/span><\/p>\n<p><span>V sou\u010dasnosti se \u0161\u00ed\u0159\u00ed video, kter\u00e9 ukazuje, \u017ee Navalnyj byl neonacista.<\/span><\/p>\n<p><span>Na videu: Jeho \u00fa\u010dast na rusk\u00e9m nacistick\u00e9m pochodu, kter\u00e9ho se \u00fa\u010dastnil ji\u017e 4. rokem<\/span><\/p>\n<p><span>Alexej Navalnyj se netajil t\u00edm, \u017ee stejn\u011b jako p\u0159ed 20 lety zast\u00e1val nacionalistick\u00e9 n\u00e1zory. P\u0159iznal to tak\u00e9 v rozhovoru pro n\u011bmeck\u00fd \u010dasopis \u201eDer Spiegel\u201c.<\/span><\/p>\n<p><span>\u201eV politice jste 20 let a u\u0161el jste dlouhou cestu. Ob\u010das jste spol\u00e9hali na nacionalistickou r\u00e9toriku, ale pak jste zaujali levicov\u011bj\u0161\u00ed postoj,\u201c vzpom\u00edn\u00e1 novin\u00e1\u0159ka \u010dasopisu.<\/span><\/p>\n<p><span>Navalnyj nejprve rozho\u0159\u010den\u011b odpov\u00edd\u00e1: \u201ePromi\u0148te? Za\u010d\u00ednal jsem v soci\u00e1ln\u011b-liber\u00e1ln\u00ed stran\u011b Yabloko!\u201c<\/span><\/p>\n<p><span>\u201eByl jste ale vylou\u010den z t\u00e9to strany, proto\u017ee jste se z\u00fa\u010dastnil nacionalistick\u00e9 demonstrace \u201eRusk\u00fd pochod\u201c v Moskv\u011b. Rozmysleli jste si to? \u201c vysv\u011btluje jeho partner.<\/span><\/p>\n<p><span>\u201eZastupuji stejn\u00e9 n\u00e1zory jako na za\u010d\u00e1tku sv\u00e9 politick\u00e9 kari\u00e9ry,\u201c p\u0159izn\u00e1v\u00e1 opozi\u010dn\u00edk. \u2013 Nevid\u00edm \u017e\u00e1dn\u00fd rozpor mezi podporou odbor\u016f a vol\u00e1n\u00edm po v\u00edzov\u00e9m re\u017eimu pro migranty ze zem\u00ed St\u0159edn\u00ed Asie.<\/span><\/p>\n<p><span>P\u0159\u00edmo\u00a0<\/span><a href=\"https:\/\/www.bitchute.com\/video\/gKSvYrgkIPv3\/\" target=\"_blank\" rel=\"noreferrer noopener\" data-type=\"link\" data-id=\"https:\/\/www.bitchute.com\/video\/gKSvYrgkIPv3\/\"><span>k videu<\/span><\/a><span>\u00a0:<\/span><\/p>\n<p><iframe loading=\"lazy\" src=\"https:\/\/www.bitchute.com\/embed\/gKSvYrgkIPv3\/\" width=\"640\" height=\"360\" frameborder=\"0\" scrolling=\"no\" data-mce-fragment=\"1\"><\/iframe><\/p>\n<p><strong><span>Putin, Putin, Putin: Po Navaln\u00e9ho smrti kolektivn\u00ed Z\u00e1pad ur\u010dil, kdo za to m\u016f\u017ee<\/span><\/strong><\/p>\n<p><img decoding=\"async\" loading=\"lazy\" class=\"alignnone size-full wp-image-1185\" src=\"http:\/\/www.infokuryr.cz\/n\/wp-content\/uploads\/2021\/04\/kuryr-podpis.png\" alt=\"\" width=\"84\" height=\"24\" \/><\/p>\n<p>&nbsp;<\/p>\n<p>&nbsp;<\/p>\n","protected":false},"excerpt":{"rendered":"<p>Politici a m\u00e9dia truchl\u00ed nad rasistick\u00fdm a xenofobn\u00edm Alexejem Navaln\u00fdm. Pro n\u011b je hrdinou a&#8230;<\/p>\n","protected":false},"author":2,"featured_media":47412,"comment_status":"closed","ping_status":"closed","sticky":false,"template":"","format":"standard","meta":[],"categories":[7],"tags":[6816,175,5135],"_links":{"self":[{"href":"https:\/\/www.infokuryr.cz\/n\/wp-json\/wp\/v2\/posts\/47411"}],"collection":[{"href":"https:\/\/www.infokuryr.cz\/n\/wp-json\/wp\/v2\/posts"}],"about":[{"href":"https:\/\/www.infokuryr.cz\/n\/wp-json\/wp\/v2\/types\/post"}],"author":[{"embeddable":true,"href":"https:\/\/www.infokuryr.cz\/n\/wp-json\/wp\/v2\/users\/2"}],"replies":[{"embeddable":true,"href":"https:\/\/www.infokuryr.cz\/n\/wp-json\/wp\/v2\/comments?post=47411"}],"version-history":[{"count":1,"href":"https:\/\/www.infokuryr.cz\/n\/wp-json\/wp\/v2\/posts\/47411\/revisions"}],"predecessor-version":[{"id":47413,"href":"https:\/\/www.infokuryr.cz\/n\/wp-json\/wp\/v2\/posts\/47411\/revisions\/47413"}],"wp:featuredmedia":[{"embeddable":true,"href":"https:\/\/www.infokuryr.cz\/n\/wp-json\/wp\/v2\/media\/47412"}],"wp:attachment":[{"href":"https:\/\/www.infokuryr.cz\/n\/wp-json\/wp\/v2\/media?parent=47411"}],"wp:term":[{"taxonomy":"category","embeddable":true,"href":"https:\/\/www.infokuryr.cz\/n\/wp-json\/wp\/v2\/categories?post=47411"},{"taxonomy":"post_tag","embeddable":true,"href":"https:\/\/www.infokuryr.cz\/n\/wp-json\/wp\/v2\/tags?post=47411"}],"curies":[{"name":"wp","href":"https:\/\/api.w.org\/{rel}","templated":true}]}}