{"id":47410,"date":"2024-02-20T00:31:05","date_gmt":"2024-02-19T23:31:05","guid":{"rendered":"https:\/\/www.infokuryr.cz\/n\/?p=47410"},"modified":"2024-02-19T16:27:53","modified_gmt":"2024-02-19T15:27:53","slug":"thomas-roper-kdy-bude-biden-odstranen","status":"publish","type":"post","link":"https:\/\/www.infokuryr.cz\/n\/2024\/02\/20\/thomas-roper-kdy-bude-biden-odstranen\/","title":{"rendered":"Thomas R\u00f6per: Kdy bude Biden odstran\u011bn?"},"content":{"rendered":"<div id=\"fb-root\"><\/div>\n<p><span style=\"font-size: 14pt;\"><strong>Nyn\u00ed ka\u017edodenn\u00ed zpr\u00e1vy m\u00e9di\u00ed o demenci americk\u00e9ho prezidenta Bidena jsou jasn\u00fdm znamen\u00edm, \u017ee demokrat\u00e9 cht\u011bj\u00ed Bidena sesadit. Ot\u00e1zkou je pouze to, kdy se tak stane a kdo bude jeho n\u00e1stupcem na postu prezidentsk\u00e9ho kandid\u00e1ta.<\/strong><\/span><\/p>\n<p><span>Pot\u00e9, co p\u0159ed sv\u00fdmi \u010dten\u00e1\u0159i a div\u00e1ky v\u00edce ne\u017e \u010dty\u0159i roky skr\u00fdvali zjevnou demenci Joea Bidena, z\u00e1padn\u00ed m\u00e9dia loaj\u00e1ln\u00ed k americk\u00fdm demokrat\u016fm o tom nyn\u00ed denn\u011b informuj\u00ed. Ve Spiegelu, jedn\u00e9 z nejd\u016fle\u017eit\u011bj\u0161\u00edch mluv\u010d\u00edch americk\u00e9 elity v N\u011bmecku, je najednou n\u011bkolik \u010dl\u00e1nk\u016f denn\u011b, v nich\u017e je t\u00e9matem Bidenova demence, kterou Spiegel p\u0159ed n\u011bkolika t\u00fddny energicky zpochyb\u0148oval, a bu\u010f spekuluje o Bidenov\u011b odstran\u011bn\u00ed, nebo o jej\u00edm po\u017eadavku. v\u00edcem\u00e9n\u011b otev\u0159en\u011b.<\/span><\/p>\n<p><span>Lze pova\u017eovat za jist\u00e9, \u017ee Biden ji\u017e nez\u016fstane prezidentem a\u017e do americk\u00fdch voleb. Jedinou ot\u00e1zkou je, kdy demokrat\u00e9 iniciuj\u00ed jeho odstran\u011bn\u00ed. Vzhledem k tomu, \u017ee po n\u011bm ve funkci nastoup\u00ed viceprezidentka Kamala Harrisov\u00e1, kter\u00e1 je je\u0161t\u011b nepopul\u00e1rn\u011bj\u0161\u00ed ne\u017e Biden, demokrati\u010dt\u00ed strat\u00e9gov\u00e9 si pravd\u011bpodobn\u011b vyberou \u010das pro Biden\u016fv odchod, kter\u00fd by Harrisovi znemo\u017enil kandidovat jako demokratick\u00fd kandid\u00e1t. Odvol\u00e1n\u00ed Bidena by se proto mohlo odlo\u017eit a\u017e na l\u00e9to, aby demokrat\u00e9 na sv\u00e9 stranick\u00e9 konferenci \u2013 bez obvykl\u00fdch prim\u00e1rn\u00edch voleb \u2013 vyt\u00e1hli z klobouku jin\u00e9ho kandid\u00e1ta.<\/span><\/p>\n<p><span>Toto a dal\u0161\u00ed t\u00e9mata uplynul\u00e9ho t\u00fddne byla obsahem zpr\u00e1vy americk\u00e9ho zpravodaje, kterou rusk\u00e1 televize odvys\u00edlala v ned\u011bli ve sv\u00e9m t\u00fddenn\u00edm zpravodajstv\u00ed. A jako ka\u017ed\u00fd t\u00fdden jsem\u00a0<\/span><a href=\"https:\/\/vesti7.ru\/video\/2762631\/episode\/18-02-2024\/\" target=\"_blank\" rel=\"noreferrer noopener\"><span>report<\/span><\/a><span> p\u0159elo\u017eil.<\/span><\/p>\n<p><em><strong>Za\u010d\u00e1tek p\u0159ekladu:<\/strong><\/em><\/p>\n<h3><span style=\"font-size: 18pt;\">Americk\u00fd Kongres ode\u0161el na dovolenou a Zelenskyj z\u016fstal bez pen\u011bz<\/span><\/h3>\n<p><span>V\u0161echno za\u010dalo pro Bidena dob\u0159e. V\u00e1l\u010d\u00edc\u00ed strana srazila Sen\u00e1t na kolena za\u010d\u00e1tkem tohoto t\u00fddne po vy\u010derp\u00e1vaj\u00edc\u00edm p\u011btihodinov\u00e9m sly\u0161en\u00ed dnes pozd\u011b r\u00e1no, kter\u00e9 Chuck Schumer, vysok\u00fd americk\u00fd sen\u00e1tor, komentoval: \u201eDnes nut\u00edme Putina litovat dne, kdy se odv\u00e1\u017eil zpochybnit americk\u00e9 veden\u00ed. Tak\u00e9 po\u0161leme varov\u00e1n\u00ed ostatn\u00edm, v\u010detn\u011b \u010d\u00ednsk\u00e9ho prezidenta Si \u0164in-pchinga, aby n\u00e1s nevystavovali zkou\u0161ce.&#8220;<\/span><\/p>\n<p><span>Pro Ukrajinu je v n\u00e1vrhu z\u00e1kona o mimo\u0159\u00e1dn\u00fdch obrann\u00fdch opat\u0159en\u00edch, kter\u00fd zahrnuje tak\u00e9 Izrael a Tchaj-wan, vy\u010dlen\u011bno 61 miliard dolar\u016f. V lep\u0161\u00edm p\u0159\u00edpad\u011b d\u00e1vaj\u00ed Zelensk\u00e9mu 14 miliard. Pentagon dostane 20 miliard na nov\u00e9 zbran\u011b. USA si tak\u00e9 plat\u00ed asi 15 miliard za v\u00fdcvik Ukrajinc\u016f. V\u0161echno je jako obvykle: Ukrajina bojuje do posledn\u00edho Ukrajince a americk\u00fd obrann\u00fd pr\u016fmysl dob\u00edr\u00e1 rozpo\u010det do posledn\u00edho dolaru.<\/span><\/p>\n<p><span>Novin\u00e1\u0159 Tucker Carlson \u0159ekl: \u201eUkrajina nem\u016f\u017ee vyhr\u00e1t svou v\u00e1lku proti Rusku, ukrajin\u0161t\u00ed voj\u00e1ci nebudou schopni vyhnat ruskou arm\u00e1du z v\u00fdchodn\u00ed Ukrajiny ani se stovkami miliard dolar\u016f z\u00e1padn\u00ed podpory. A p\u0159esto se Sen\u00e1t, jeho\u017e my\u0161len\u00ed je v\u017edy o n\u011bkolik let pozadu za realitou, rozhodl poslat dal\u0161\u00edch 60 miliard dolar\u016f ukrajinsk\u00e9 vl\u00e1d\u011b, kter\u00e1 je zkorumpovan\u00e1 a autoritativn\u00ed.<\/span><\/p>\n<p><span>Republik\u00e1nsk\u00fd sen\u00e1tor JD Vance zd\u016fraznil: \u201eR\u00e1d bych vznesl n\u011bkolik bod\u016f k tomuto n\u00e1vrhu z\u00e1kona. P\u0159id\u011blen\u00ed dal\u0161\u00edch 60 miliard dolar\u016f na beznad\u011bjnou v\u00e1lku ve v\u00fdchodn\u00ed Evrop\u011b jen d\u00e1le sn\u00ed\u017e\u00ed po\u010det obyvatel Ukrajiny. Z politick\u00e9ho hlediska je to hrozn\u00fd, hrozn\u00fd z\u00e1kon.&#8220;<\/span><\/p>\n<p><span>Pro p\u0159ijet\u00ed z\u00e1kona byli i jeho strani\u010dt\u00ed kolegov\u00e9. 22 republik\u00e1n\u016f v \u010dele s v\u016fdcem skupiny, st\u00e1rnouc\u00edm jest\u0159\u00e1bem Mitchem McConnellem, dalo demokrat\u016fm chyb\u011bj\u00edc\u00ed hlasy.<\/span><\/p>\n<p><span>Sen\u00e1tor Rand Paul byl pobou\u0159en: \u201eOtev\u0159ete \u0161ampa\u0148sk\u00e9! Demokrati\u010dt\u00ed a republik\u00e1n\u0161t\u00ed l\u00edd\u0159i v Sen\u00e1tu jsou na p\u016fli cesty do Kyjeva a maj\u00ed u sebe 60 miliard dolar\u016f. Nev\u00edm, jestli je to hotovost nebo cokoli jin\u00e9ho, \u200b\u200bale tahaj\u00ed va\u0161e pen\u00edze do Kyjeva. A nemaj\u00ed \u010das ani pen\u00edze, aby se postarali o na\u0161i hranici.&#8220;<\/span><\/p>\n<p><span>\u0160ampa\u0148sk\u00e9 ale zkyslo a v\u00e1le\u010dn\u00fd jazyk nikoho z nich do Kyjeva nep\u0159ivede. Mike Johnson, p\u0159edseda Kongresu, uzav\u00edr\u00e1 bari\u00e9ru Bidenov\u011b karavan\u011b kv\u016fli karavan\u00e1m ileg\u00e1l\u016f na hranic\u00edch s Mexikem: \u201eNic nedonut\u00ed doln\u00ed komoru, kde vl\u00e1dnou republik\u00e1ni, aby hlasovala pro bal\u00ed\u010dek vojensk\u00e9 pomoci, kter\u00fd republik\u00e1n\u0161t\u00ed sen\u00e1to\u0159i v horn\u00ed komo\u0159e nehlasovali pro, pokud neobsahuje nic k zabezpe\u010den\u00ed na\u0161ich hranic.&#8220;<\/span><\/p>\n<p><span>Za t\u0159i roky Bidenova p\u0159edsednictv\u00ed p\u0159i\u0161lo 8,5 milionu migrant\u016f. Od roku 2021 vstoupilo do Spojen\u00fdch st\u00e1t\u016f p\u0159es mexickou hranici dal\u0161\u00ed New York City nebo dva Los Angeles nebo \u010dty\u0159i Houstony nebo dvan\u00e1ct migrant\u016f z Washingtonu, DC. Johnson proto dodal: \u201eToto je krize n\u00e1rodn\u00ed bezpe\u010dnosti, humanit\u00e1rn\u00ed krize a zdravotn\u00ed krize. N\u00e1s zvolen\u00e9 \u00fa\u0159edn\u00edky zvolil americk\u00fd lid. Byl jsem zvolen v 7. okrsku na Florid\u011b. A budu slou\u017eit americk\u00e9mu lidu, ne Zelensk\u00e9mu.&#8220;<\/span><\/p>\n<p><span>Velkou ot\u00e1zkou je, komu slou\u017e\u00ed ministr pro vnit\u0159n\u00ed bezpe\u010dnost Alejandro Mayorkas, kter\u00fd je odpov\u011bdn\u00fd za ot\u00e1zky hranic. Republik\u00e1ni hlasovali pro jeho ob\u017ealobu. V\u00fdsledkem hlasov\u00e1n\u00ed bylo 214 hlas\u016f pro, 213 hlas\u016f proti. Usnesen\u00ed bylo p\u0159ijato.<\/span><\/p>\n<p><span>Hlasov\u00e1n\u00ed je historick\u00e9. P\u0159ed Mayorkasem byl posledn\u00edm obvin\u011bn\u00fdm \u010dlenem B\u00edl\u00e9ho domu ministr v\u00e1lky William Belnap, kter\u00fd byl v roce 1876 obvin\u011bn z korupce. Paralely jsou z\u0159ejm\u00e9.<\/span><\/p>\n<p><span>\u201eNejv\u011bt\u0161\u00ed bezpe\u010dnostn\u00ed hrozbou pro na\u0161i zemi v modern\u00ed historii nen\u00ed Putin, ale politika otev\u0159en\u00fdch hranic Joea Bidena. &#8222;Republik\u00e1ni mus\u00ed zabezpe\u010dit hranici,&#8220; \u0159ekl televizn\u00ed moder\u00e1tor Sean Hennety.<\/span><\/p>\n<p><span>Hlubok\u00fd st\u00e1t nem\u011bl jinou mo\u017enost, ne\u017e j\u00edt naplno. To znamen\u00e1 vyst\u0159elit se do vesm\u00edru.<\/span><\/p>\n<p><span>Slova sen\u00e1tora Lyndona Johnsona z roku 1957 o\u017eila v mysl\u00edch Ameri\u010dan\u016f s pomoc\u00ed modern\u00edch technologi\u00ed. Tehdy vyd\u011bsil sv\u00e9 spoluob\u010dany, \u017ee SSSR brzy za\u010dne shazovat atomov\u00e9 bomby na Ameriku z vesm\u00edru, stejn\u011b jako d\u011bti h\u00e1zej\u00ed kameny na auta z nadjezd\u016f. Johnson na\u0161el n\u00e1stupce. Paniku vyvolal \u0161\u00e9f zpravodajsk\u00e9ho v\u00fdboru Mike Turner. Kr\u00e1tce pot\u00e9 se do toho zapojil B\u00edl\u00fd d\u016fm. Biden\u016fv poradce pro n\u00e1rodn\u00ed bezpe\u010dnost informoval z\u00e1konod\u00e1rce na tajn\u00e9m briefingu. N\u011bkter\u00e9 informace unikly tiskov\u00e9 agentu\u0159e Reuters: \u201eVesm\u00edrn\u00e9 zbran\u011b, o kter\u00fdch se americk\u00e9 zpravodajsk\u00e9 agentury domn\u00edvaj\u00ed, \u017ee Rusko vyv\u00edj\u00ed, jsou sp\u00ed\u0161e nukle\u00e1rn\u00edm za\u0159\u00edzen\u00edm, kter\u00e9 m\u016f\u017ee oslepit, naru\u0161it nebo usma\u017eit elektroniku satelit\u016f, ne\u017e v\u00fdbu\u0161nou jadernou hlavic\u00ed, kter\u00e1 m\u016f\u017ee st\u0159\u00edlet. jsou dole.\u201d<\/span><\/p>\n<p><span>Pravdou je, \u017ee se zat\u00edm usma\u017eily pouze mozky Ameri\u010dan\u016f, jak \u0159ekl b\u00fdval\u00fd d\u016fstojn\u00edk CIA John Kiriakou: \u201eNic nov\u00e9ho! Rusko m\u00e1 hypersonick\u00e9 st\u0159ely u\u017e l\u00e9ta. \u010c\u00edna je m\u00e1. Sna\u017e\u00edme se je rozv\u00edjet. Nech\u00e1pu, jak\u00e1 je hrozba.&#8220;<\/span><\/p>\n<p><span>Ale toto je zp\u016fsob, jak zab\u00edt dv\u011b mouchy jednou ranou: zv\u00fd\u0161it v\u00fddaje na obranu a donutit Kongres, aby schv\u00e1lil rozpo\u010det, kter\u00fd je\u0161t\u011b neschv\u00e1lil.<\/span><\/p>\n<p><span>Medi\u00e1ln\u00ed a psychologick\u00e1 operace nakonec zcela selhala. To musel zakr\u00fdt Biden, kter\u00fd to s\u00e1m m\u00e1 t\u011b\u017ek\u00e9 a vysv\u011btlil: &#8222;Za prv\u00e9, to, co Rusko v tuto chv\u00edli d\u011bl\u00e1, nep\u0159edstavuje jadernou hrozbu pro lid Ameriky ani \u017e\u00e1dn\u00e9 jin\u00e9 zem\u011b. Za druh\u00e9: V\u0161echno, co d\u011blaj\u00ed nebo bude d\u011blat, m\u00e1 co do \u010din\u011bn\u00ed se satelity ve vesm\u00edru a mo\u017en\u00fdm po\u0161kozen\u00edm t\u011bchto satelit\u016f. Za t\u0159et\u00ed, neexistuje \u017e\u00e1dn\u00fd d\u016fkaz, \u017ee se rozhodli ud\u011blat n\u011bco ve vesm\u00edru.&#8220;<\/span><\/p>\n<p><span>Jadern\u00e1 hrozba ze zahrani\u010d\u00ed nevyvol\u00e1v\u00e1 strach. Ale jak je to dlouho, co sami bombardovali Ohio? Televizn\u00ed moder\u00e1tor Jesse Waters to shrnul: \u201eNecht\u011bj\u00ed odpov\u00eddat m\u011bstu, kde pr\u00e1v\u011b odp\u00e1lili jadernou bombu. Vykolejen\u00fd vlak se porouchal jen dva dny p\u0159ed katastrofou. Zabr\u00e1nilo to spole\u010dnosti v tom, aby vyslala sv\u016fj vlak se sudy s chemik\u00e1liemi, i kdy\u017e v\u011bd\u011bla, \u017ee vlak pojede i se zlomen\u00fdmi brzdami? Ne.&#8220;<\/span><\/p>\n<p><span>Fox News p\u0159irovnala vykolejen\u00ed chemick\u00e9ho vlaku u m\u011bsta V\u00fdchodn\u00ed Palestina k n\u00e1sledk\u016fm svr\u017een\u00ed jadern\u00e9 bomby. Tanky byly vyhozeny do pov\u011bt\u0159\u00ed \u2013 aby nevybuchly.<\/span><\/p>\n<p><span>4000 obyvatel v\u00fdchodn\u00ed Palestiny, kte\u0159\u00ed p\u0159e\u017eili apokalypsu, se brzy ocitlo jako rukojm\u00ed zahrani\u010dn\u011bpolitick\u00fdch ambic\u00ed americk\u00e9ho veden\u00ed. Loni v \u00fanoru byl Biden zaujat\u00fd Ukrajinou a lid\u00e9 pros\u00edc\u00ed o pomoc ho nezaj\u00edmali. Teprve te\u010f si na ni vzpomn\u011bl.<\/span><\/p>\n<p><span>Z v\u00fdchodn\u00ed Palestiny do Washingtonu je to 450 kilometr\u016f. Bidenovi trvalo 378 dn\u00ed, ne\u017e se tam dostal. Kdyby nebyly volby, trvalo by to je\u0161t\u011b d\u00e9le. \u201eP\u0159\u00edli\u0161 m\u00e1lo, p\u0159\u00edli\u0161 pozd\u011b\u201c je naps\u00e1no na plak\u00e1tech lid\u00ed, kolem kter\u00fdch proj\u00ed\u017ed\u00ed jeho kolona. Tady nez\u00edsk\u00e1 \u017e\u00e1dn\u00e9 hlasy.<\/span><\/p>\n<p><span>Jm\u00e9no toho, kdo dostane hlas, je ve v\u00fdchodn\u00ed Palestin\u011b v\u0161ude: na tri\u010dk\u00e1ch, transparentech a plak\u00e1tech. Trump tam byl t\u00e9m\u011b\u0159 okam\u017eit\u011b. P\u0159inesl pitnou vodu a \u010depice MAGA. Biden p\u0159inesl sliby. Mluvil jen p\u011bt minut a koktal, kdy\u017e \u010detl z kousku pap\u00edru. Pak se napil ze sklenice v m\u00edstn\u00ed kav\u00e1rn\u011b na mor\u00e1ln\u00ed podporu. A odlet\u011bl zp\u011bt do Delaware odpo\u010d\u00edvat. Svou n\u00e1v\u0161t\u011bvou m\u011bsto je\u0161t\u011b v\u00edce rozzlobil.<\/span><\/p>\n<p><span>Alespo\u0148 si nepletl v\u00fdchodn\u00ed Palestinu s Palestinou. V\u011bci se je\u0161t\u011b zlep\u0161ily, kdy\u017e potkal jord\u00e1nsk\u00e9ho kr\u00e1le. Na adresu Obamova portr\u00e9tu si Biden spletl kr\u00e1lovnu Ranii, etnickou Palestinku, s popovou zp\u011bva\u010dkou Rihannou: \u201eDovolte mi pozdravit kr\u00e1le, je to dobr\u00fd p\u0159\u00edtel. V\u00edtejte v B\u00edl\u00e9m dom\u011b, kamar\u00e1de. Mimochodem, Barrack se tam d\u00edv\u00e1 z rohu. Kr\u00e1lovna Rihanna se nyn\u00ed setk\u00e1v\u00e1 s Jill.&#8220;<\/span><\/p>\n<p><span>Soud\u011b podle v\u00fdrazu ve tv\u00e1\u0159i jord\u00e1nsk\u00e9ho panovn\u00edka v tu chv\u00edli pot\u0159eboval ve\u0161kerou kr\u00e1lovskou zdr\u017eenlivost. Kdy\u017e m\u011bl kr\u00e1l promluvit, Biden p\u0159ech\u00e1zel sem a tam za kr\u00e1lem, nev\u011bd\u011bl, kde m\u00e1 st\u00e1t. A po\u0159\u00e1d n\u011bkoho hledal.<\/span><\/p>\n<p><span>A to v\u0161e p\u0159esn\u011b t\u00fdden po zve\u0159ejn\u011bn\u00ed zpr\u00e1vy zvl\u00e1\u0161tn\u00edho pr\u00e1vn\u00edka Roberta Hura, kter\u00e1 Bidena popisovala jako star\u0161\u00edho mu\u017ee se \u0161patnou pam\u011bt\u00ed.<\/span><\/p>\n<p><span>&#8222;Biden m\u00e1 velmi n\u00edzk\u00e9 IQ, vsad\u00edm se, \u017ee Joe Biden je prezident s nejni\u017e\u0161\u00edm IQ ze v\u0161ech prezident\u016f,&#8220; \u0159ekl b\u00fdval\u00fd americk\u00fd prezident Donald Trump.<\/span><\/p>\n<p><span>B\u00fdval\u00fd l\u00e9ka\u0159 B\u00edl\u00e9ho domu Ronny Jackson \u0159ekl: \u201eDnes jsem poslal prezidentovi dal\u0161\u00ed dopis. Toto je p\u00e1t\u00fd dopis, kter\u00fd jsem poslal. Pros\u00edm ho, aby n\u00e1m poctiv\u011b podal informace o sv\u00fdch fyzick\u00fdch a du\u0161evn\u00edch schopnostech a v\u00fdsledc\u00edch vy\u0161et\u0159en\u00ed. Jeho ka\u017edoro\u010dn\u00ed fyzioterapie p\u0159ijde za p\u00e1r m\u011bs\u00edc\u016f, ale u\u017e n\u00e1m bylo \u0159e\u010deno, \u017ee nebudou napl\u00e1nov\u00e1ny \u017e\u00e1dn\u00e9 kognitivn\u00ed testy.&#8220;<\/span><\/p>\n<p><span>V\u011bci v\u0161ak pokro\u010dily do bodu, kdy ani certifik\u00e1t nezm\u011bn\u00ed n\u00e1zor Ameri\u010dan\u016f. 86 procent z nich se domn\u00edv\u00e1, \u017ee Biden je p\u0159\u00edli\u0161 star\u00fd na druh\u00e9 funk\u010dn\u00ed obdob\u00ed. Je o tom p\u0159esv\u011bd\u010dena i polovina demokrat\u016f. Liber\u00e1ln\u00ed tisk to ji\u017e nem\u016f\u017ee ignorovat.<\/span><\/p>\n<p><span>Nen\u00ed tak\u00e9 jasn\u00e9, kdo p\u0159es most p\u0159ejde. Z pr\u00e1vn\u00edho hlediska je Kamala Harris prvn\u00ed v \u0159ad\u011b a \u0159\u00edk\u00e1, \u017ee je p\u0159ipravena, a\u017e na to, \u017ee jej\u00ed projevy zn\u011bj\u00ed jako slovn\u00ed sal\u00e1t a \u010d\u00edsla v pr\u016fzkumech jsou hor\u0161\u00ed ne\u017e \u010d\u00edsla jej\u00edho \u0161\u00e9fa. N\u011bkte\u0159\u00ed jako alternativy uv\u00e1d\u011bj\u00ed Michelle Obamovou, jin\u00ed guvern\u00e9ra Gavina Newsoma. O Bidenov\u011b v\u00fdm\u011bn\u011b se ale st\u00e1le \u010dast\u011bji mluv\u00ed jako o hotov\u00e9 v\u011bci.<\/span><\/p>\n<p><span>Republik\u00e1n Vivek Ramaswamy \u0159\u00edk\u00e1: \u201eDlouho v\u00edme o Bidenov\u011b senilit\u011b a du\u0161evn\u00edch slabostech. To, \u017ee to mainstreamov\u00e1 m\u00e9dia a demokratick\u00fd establishment pomalu p\u0159eb\u00edraj\u00ed, znamen\u00e1, \u017ee se ho chystaj\u00ed vyhodit. A to pr\u00e1v\u011b proto, \u017ee Donald Trump na podzim vyt\u0159e podlahu s Bidenem. To si mysl\u00edm.&#8220;<\/span><\/p>\n<p><span>Nahradili by ho v m\u017eiku, ale ze v\u0161ech demokrat\u016f m\u00e1 jen Biden \u0161anci bojovat s Trumpem ve volb\u00e1ch rovnocenn\u011b. V tuto chv\u00edli je d\u011bl\u00ed jen p\u00e1r procent. Pokud by ale byl vym\u011bn\u011bn i Trump, \u0161ance by byly \u00fapln\u011b jin\u00e9. Nikki Haley proto st\u00e1le stoj\u00ed opod\u00e1l, jak \u0159\u00edk\u00e1: \u201ePot\u0159ebujeme n\u011bkoho, kdo bude osm let tvrd\u011b pracovat ne pro sebe, ale pro lidi v Americe. Strana, kter\u00e1 se zbav\u00ed sv\u00e9ho 80let\u00e9ho kandid\u00e1ta, bude stranou v\u00edt\u011bzstv\u00ed. USA budou m\u00edt prezidentku \u017eenu. Bu\u010f to budu j\u00e1 nebo Kamala Harris.&#8220;<\/span><\/p>\n<p><span>Jako nov\u00e1 generace se c\u00edtil i p\u00e1r z Gruzie, kter\u00fd se nyn\u00ed proslavil po cel\u00e9 Americe. Okresn\u00ed prokur\u00e1tor Fanie Willey a okresn\u00ed prokur\u00e1tor Nathan Wade spolu tr\u00e1vili nejen pracovn\u00ed dny, ale tak\u00e9 spali v jedn\u00e9 posteli. Lindsey Graham \u0159ekla: &#8222;Fanie Willis si myslela, \u017ee j\u00ed tento p\u0159\u00edpad d\u00e1 p\u0159\u00edle\u017eitost k politick\u00e9 sl\u00e1v\u011b&#8230;A byla tak samolib\u00e1, \u017ee si myslela, \u017ee si nikdo nev\u0161imne, \u017ee hlavn\u00edm vy\u0161et\u0159ovatelem p\u0159\u00edpadu Trump je jej\u00ed \u017eenat\u00fd p\u0159\u00edtel.&#8220;<\/span><\/p>\n<p><span>Dv\u011b hv\u011bzdy k\u0159\u00ed\u017eov\u00fdch v\u00fdslech\u016f, kter\u00e9 Amerika nyn\u00ed sleduje jako Lindenstrasse, ne\u010dekaly na ukon\u010den\u00ed rozvodov\u00e9ho \u0159\u00edzen\u00ed. Milenci vzali v\u0161echno. Willis a Wade se bavili v Karibiku, na Florid\u011b a v Kalifornii. Chodili na ochutn\u00e1vku v\u00edna, pili \u0161ampa\u0148sk\u00e9 a jedli kavi\u00e1r. Ve\u010d\u00edrek uspo\u0159\u00e1dali za pen\u00edze, kter\u00e9 Wade dostal za pr\u00e1ci na Trumpov\u011b p\u0159\u00edpadu.<\/span><\/p>\n<p><span>To v\u0161e nen\u00ed jen dobr\u00e1 zpr\u00e1va, ale skv\u011bl\u00e1 zpr\u00e1va pro Donalda Trumpa. V New Yorku jsou st\u00e1tn\u00ed z\u00e1stupci tak\u00e9 liber\u00e1ln\u00ed, ale ne tak zoufal\u00ed. Trump s nimi tady prohr\u00e1l. Soud ho uznal vinn\u00fdm z podvodu. Je obvin\u011bn z nafouknut\u00ed hodnoty nemovitost\u00ed za \u00fa\u010delem z\u00edsk\u00e1n\u00ed \u00fav\u011br\u016f.<\/span><\/p>\n<p><span>Trumpovi hroz\u00ed pokuta 350 milion\u016f dolar\u016f. Aby pokryl n\u00e1klady, uv\u00e1d\u00ed na trh novou kolekci tenisek s n\u00e1zvem \u201eNever Give Up\u201c. Limitovan\u00e1 edice pouh\u00fdch tis\u00edc kus\u016f stoj\u00ed 399 dolar\u016f za p\u00e1r. Ka\u017ed\u00fd nese sv\u016fj podpis.<\/span><\/p>\n<p><span>Autodopravci, kte\u0159\u00ed podporuj\u00ed Trumpa, cht\u011bj\u00ed volit sv\u00fdmi volanty. Va\u0161e volanty se ji\u017e neot\u00e1\u010dej\u00ed sm\u011brem na New York. Na protest proti ob\u017ealob\u011b b\u00fdval\u00e9ho americk\u00e9ho prezidenta odm\u00edtaj\u00ed autodopravci dod\u00e1vat zbo\u017e\u00ed do liber\u00e1ln\u00ed pevnosti.<\/span><\/p>\n<p><span>Chicago Ray je jedn\u00edm z t\u011bch rozhn\u011bvan\u00fdch mu\u017e\u016f, kte\u0159\u00ed pro Bidena pou\u017e\u00edvaj\u00ed spoustu necitovateln\u00fdch slov. Podle Chicago Ray se stovky trucker\u016f po cel\u00e9 zemi chystaj\u00ed p\u0159ipojit. Bojkot zbo\u017e\u00ed kamion\u00e1\u0159\u016f pro New York m\u00e1 za\u010d\u00edt v pond\u011bl\u00ed. Jak dlouho to bude trvat, nen\u00ed zn\u00e1mo.<\/span><\/p>\n<p><span>Nejv\u011bt\u0161\u00ed m\u011bsto Spojen\u00fdch st\u00e1t\u016f se, zd\u00e1 se, na dlouhou dobu stane p\u0159edn\u00ed lini\u00ed pr\u00e1vn\u00edch bitev s Trumpem. Trestn\u00ed proces kolem plateb pornohere\u010dce Stormy Daniels zde za\u010d\u00edn\u00e1 25. b\u0159ezna. B\u00fdval\u00e9mu a mo\u017en\u00e1 i budouc\u00edmu americk\u00e9mu prezidentovi hroz\u00ed 136 let v\u011bzen\u00ed za 34 obvin\u011bn\u00ed.<\/span><\/p>\n<p><em><strong>Konec p\u0159ekladu<\/strong><\/em><\/p>\n<p><a href=\"https:\/\/www.anti-spiegel.ru\/2024\/wann-wird-biden-abgesetzt\/\">Thomas R\u00f6per<\/a><\/p>\n<p><img decoding=\"async\" loading=\"lazy\" class=\"alignnone  wp-image-22016\" src=\"http:\/\/www.infokuryr.cz\/n\/wp-content\/uploads\/2023\/01\/Thomas-Roper-298x300.jpg\" alt=\"\" width=\"177\" height=\"178\" srcset=\"https:\/\/www.infokuryr.cz\/n\/wp-content\/uploads\/2023\/01\/Thomas-Roper-298x300.jpg 298w, https:\/\/www.infokuryr.cz\/n\/wp-content\/uploads\/2023\/01\/Thomas-Roper-150x150.jpg 150w, https:\/\/www.infokuryr.cz\/n\/wp-content\/uploads\/2023\/01\/Thomas-Roper.jpg 596w\" sizes=\"(max-width: 177px) 100vw, 177px\" \/><\/p>\n<p>&nbsp;<\/p>\n","protected":false},"excerpt":{"rendered":"<p>Nyn\u00ed ka\u017edodenn\u00ed zpr\u00e1vy m\u00e9di\u00ed o demenci americk\u00e9ho prezidenta Bidena jsou jasn\u00fdm znamen\u00edm, \u017ee demokrat\u00e9 cht\u011bj\u00ed&#8230;<\/p>\n","protected":false},"author":2,"featured_media":16307,"comment_status":"closed","ping_status":"closed","sticky":false,"template":"","format":"standard","meta":[],"categories":[7],"tags":[72,1887,2203,37],"_links":{"self":[{"href":"https:\/\/www.infokuryr.cz\/n\/wp-json\/wp\/v2\/posts\/47410"}],"collection":[{"href":"https:\/\/www.infokuryr.cz\/n\/wp-json\/wp\/v2\/posts"}],"about":[{"href":"https:\/\/www.infokuryr.cz\/n\/wp-json\/wp\/v2\/types\/post"}],"author":[{"embeddable":true,"href":"https:\/\/www.infokuryr.cz\/n\/wp-json\/wp\/v2\/users\/2"}],"replies":[{"embeddable":true,"href":"https:\/\/www.infokuryr.cz\/n\/wp-json\/wp\/v2\/comments?post=47410"}],"version-history":[{"count":0,"href":"https:\/\/www.infokuryr.cz\/n\/wp-json\/wp\/v2\/posts\/47410\/revisions"}],"wp:featuredmedia":[{"embeddable":true,"href":"https:\/\/www.infokuryr.cz\/n\/wp-json\/wp\/v2\/media\/16307"}],"wp:attachment":[{"href":"https:\/\/www.infokuryr.cz\/n\/wp-json\/wp\/v2\/media?parent=47410"}],"wp:term":[{"taxonomy":"category","embeddable":true,"href":"https:\/\/www.infokuryr.cz\/n\/wp-json\/wp\/v2\/categories?post=47410"},{"taxonomy":"post_tag","embeddable":true,"href":"https:\/\/www.infokuryr.cz\/n\/wp-json\/wp\/v2\/tags?post=47410"}],"curies":[{"name":"wp","href":"https:\/\/api.w.org\/{rel}","templated":true}]}}