{"id":47385,"date":"2024-02-19T00:37:44","date_gmt":"2024-02-18T23:37:44","guid":{"rendered":"https:\/\/www.infokuryr.cz\/n\/?p=47385"},"modified":"2024-02-18T19:18:50","modified_gmt":"2024-02-18T18:18:50","slug":"jiri-vyvadil-scholz-proti-kandidature-von-der-leyenove","status":"publish","type":"post","link":"https:\/\/www.infokuryr.cz\/n\/2024\/02\/19\/jiri-vyvadil-scholz-proti-kandidature-von-der-leyenove\/","title":{"rendered":"Ji\u0159\u00ed Vyvadil: Scholz proti kandidatu\u0159e von der Leyenov\u00e9"},"content":{"rendered":"<div id=\"fb-root\"><\/div>\n<p><strong>Podle listu Die Welt n\u011bmeck\u00fd kancl\u00e9\u0159 Olaf Scholz zabr\u00e1nil von der Leyenov\u00e9 kandidovat na post gener\u00e1ln\u00edho tajemn\u00edka NATO kv\u016fli jej\u00edmu postoji k Rusku, kter\u00fd by z dlouhodob\u00e9ho hlediska mohl v\u00e9st k probl\u00e9m\u016fm.<\/strong><\/p>\n<p>To je ov\u0161em trochu p\u0159ekvapiv\u00e9 sd\u011blen\u00ed, proto\u017ee nyn\u00ed je kancl\u00e9\u0159 jedn\u00edm z\u00a0nejv\u00edce se profiluj\u00edc\u00edch protirusk\u00fdch jest\u0159\u00e1b\u016f.<\/p>\n<p>Pr\u016fb\u011bh byl n\u00e1sleduj\u00edc\u00ed: Americk\u00fd ministr zahrani\u010d\u00ed Antony Blinken podal n\u00e1vrh na zv\u00e1\u017een\u00ed kandidatury \u0161\u00e9fa EK na post gener\u00e1ln\u00edho tajemn\u00edka Severoatlantick\u00e9 aliance.\u00a0N\u00e1sledn\u011b se na Scholze s t\u00edmto n\u00e1padem obr\u00e1til americk\u00fd v\u016fdce Joe Biden, ale kancl\u00e9\u0159 jej v\u0161ak odm\u00edtl.<\/p>\n<p>Nu\u017ee nen\u00ed jasn\u00e9, zda je to z\u00a0hlediska v\u00fdsledku dobr\u00e9 \u010di \u0161patn\u00e9.<\/p>\n<p>Ursule von der Leyen se poda\u0159ilo sv\u00fdm fanatick\u00fdm postupem ve v\u011bci Green politik a domn\u011bl\u00e9ho poru\u0161ov\u00e1n\u00ed pr\u00e1vn\u00edho st\u00e1tu ze strany Orbanov\u00e9ho Ma\u010farska rozru\u0161it pokojn\u00fd v\u00fdvoj v\u00a0Evropsk\u00e9 unii, co\u017e by d\u00e1valo nad\u011bji, \u017ee by podobn\u011b rozru\u0161ila i NATO.<\/p>\n<p>Ale m\u016f\u017ee platit i opak: Je natolik fanatick\u00e1, \u017ee by ud\u011blala skute\u010dn\u011b v\u0161e proto, aby NATO vyvolalo skute\u010dnou v\u00e1lku proti Rusku.<\/p>\n<p>Podle ve\u0159ejn\u00fdch zdroj\u016f tak p\u0159ich\u00e1z\u00ed v\u00a0\u00favahu dlouhodob\u00fd holandsk\u00fd premi\u00e9r Mark Rutte. Ten je sice tak\u00e9 fanatick\u00fd, ale p\u0159ece jenom trochu m\u00e9n\u011b.<\/p>\n<p>Tak uvid\u00edme\u2026<\/p>\n<p><a href=\"https:\/\/vasevec.info\/blogy\/scholz-proti-kandidature-von-der-leyenove\">Ji\u0159\u00ed Vyvadil<\/a><\/p>\n<p><img decoding=\"async\" loading=\"lazy\" class=\"alignnone size-medium wp-image-16474\" src=\"http:\/\/www.infokuryr.cz\/n\/wp-content\/uploads\/2022\/10\/jiri-vyvadil-300x200.jpg\" alt=\"\" width=\"300\" height=\"200\" srcset=\"https:\/\/www.infokuryr.cz\/n\/wp-content\/uploads\/2022\/10\/jiri-vyvadil-300x200.jpg 300w, https:\/\/www.infokuryr.cz\/n\/wp-content\/uploads\/2022\/10\/jiri-vyvadil-768x512.jpg 768w, https:\/\/www.infokuryr.cz\/n\/wp-content\/uploads\/2022\/10\/jiri-vyvadil.jpg 800w\" sizes=\"(max-width: 300px) 100vw, 300px\" \/><\/p>\n<p>&nbsp;<\/p>\n","protected":false},"excerpt":{"rendered":"<p>Podle listu Die Welt n\u011bmeck\u00fd kancl\u00e9\u0159 Olaf Scholz zabr\u00e1nil von der Leyenov\u00e9 kandidovat na post&#8230;<\/p>\n","protected":false},"author":2,"featured_media":19255,"comment_status":"closed","ping_status":"closed","sticky":false,"template":"","format":"standard","meta":[],"categories":[6],"tags":[41,29,3251],"_links":{"self":[{"href":"https:\/\/www.infokuryr.cz\/n\/wp-json\/wp\/v2\/posts\/47385"}],"collection":[{"href":"https:\/\/www.infokuryr.cz\/n\/wp-json\/wp\/v2\/posts"}],"about":[{"href":"https:\/\/www.infokuryr.cz\/n\/wp-json\/wp\/v2\/types\/post"}],"author":[{"embeddable":true,"href":"https:\/\/www.infokuryr.cz\/n\/wp-json\/wp\/v2\/users\/2"}],"replies":[{"embeddable":true,"href":"https:\/\/www.infokuryr.cz\/n\/wp-json\/wp\/v2\/comments?post=47385"}],"version-history":[{"count":0,"href":"https:\/\/www.infokuryr.cz\/n\/wp-json\/wp\/v2\/posts\/47385\/revisions"}],"wp:featuredmedia":[{"embeddable":true,"href":"https:\/\/www.infokuryr.cz\/n\/wp-json\/wp\/v2\/media\/19255"}],"wp:attachment":[{"href":"https:\/\/www.infokuryr.cz\/n\/wp-json\/wp\/v2\/media?parent=47385"}],"wp:term":[{"taxonomy":"category","embeddable":true,"href":"https:\/\/www.infokuryr.cz\/n\/wp-json\/wp\/v2\/categories?post=47385"},{"taxonomy":"post_tag","embeddable":true,"href":"https:\/\/www.infokuryr.cz\/n\/wp-json\/wp\/v2\/tags?post=47385"}],"curies":[{"name":"wp","href":"https:\/\/api.w.org\/{rel}","templated":true}]}}