{"id":47382,"date":"2024-02-19T00:33:45","date_gmt":"2024-02-18T23:33:45","guid":{"rendered":"https:\/\/www.infokuryr.cz\/n\/?p=47382"},"modified":"2024-02-18T19:15:32","modified_gmt":"2024-02-18T18:15:32","slug":"drzte-drzky-vidlaci-z-moravy-prazane-traktoristy-vitaji-a-dezinformace-kydejte-do-brna","status":"publish","type":"post","link":"https:\/\/www.infokuryr.cz\/n\/2024\/02\/19\/drzte-drzky-vidlaci-z-moravy-prazane-traktoristy-vitaji-a-dezinformace-kydejte-do-brna\/","title":{"rendered":"Dr\u017ete dr\u017eky, vidl\u00e1ci z Moravy: Pra\u017ean\u00e9 traktoristy v\u00edtaj\u00ed a dezinformace kydejte do Brna!"},"content":{"rendered":"<div id=\"fb-root\"><\/div>\n<div class=\"introtext\">\n<p><span style=\"font-size: 14pt;\"><strong>Pozor, POZOR! Jak se do lesa vol\u00e1, tak se z lesa oz\u00fdv\u00e1! Toto nen\u00ed odpor proti sedl\u00e1k\u016fm a zem\u011bd\u011blc\u016fm z Moravy, Slezka \u010di jin\u00fdch m\u00edst na\u0161\u00ed zem\u011b. Ale proti extremistick\u00e9 dezinforma\u010dn\u00ed sc\u00e9n\u011b z Brna a okol\u00ed kolem Fialy, Jure\u010dky \u010di H\u0159iba, kter\u00e1 terorizuje na\u0161\u00ed zem!<\/strong><\/span><\/p>\n<\/div>\n<div class=\"fulltext\">\n<p>Praha a Pra\u017ean\u00e9, to nejsou nakvart\u00fdrovan\u00ed Jure\u010dkov\u00e9 a H\u0159ibov\u00e9 do Prahy, stejn\u011b jako to nejsou tis\u00edce jejich pochlebova\u010d\u016f a probruselsk\u00fdch fl\u00e1ka\u010d\u016f, kte\u0159\u00ed den co den zaplavuj\u00ed a okupuj\u00ed hlavn\u00ed m\u011bsto, zat\u00edmco skute\u010dn\u00ed Pra\u017ean\u00e9 hledaj\u00ed skuliny, jak se t\u011bm extremist\u016fm vyhnout.<\/p>\n<p>Pra\u017ean\u00e9 nejsou Ukrajinci, kte\u0159\u00ed jsou nyn\u00ed v\u0161ude.<\/p>\n<p>Jak je mo\u017en\u00e9, \u017ee za Pra\u017eany mluv\u00ed i n\u011bjac\u00ed politi\u010dt\u00ed vidl\u00e1ci z ji\u017en\u00ed Moravy, m\u00edsto skute\u010dn\u00fdch Pra\u017ean\u016f?<\/p>\n<p>Jak je mo\u017en\u00e9, \u017ee tento \u010dlov\u011bk (n\u00ed\u017ee) st\u00e1le shazuje sedl\u00e1ky, ur\u00e1\u017e\u00ed je, ur\u00e1\u017e\u00ed i lidi, kte\u0159\u00ed s touto akc\u00ed souhlas\u00ed, a v masm\u00e9di\u00edch st\u00e1le dost\u00e1v\u00e1 prostor? To, co vid\u00edte na obr\u00e1zku, je kol\u00e1\u017e z jeho webu. Jak\u00fdsi oxym\u00f3ron. Protimluv. Je proti sedl\u00e1k\u016fm a dotac\u00edm, nad\u00e1v\u00e1 na ty, kte\u0159\u00ed je p\u0159\u00edjdou podpo\u0159it i v televizi CNN Prima NEWS, a s\u00e1m si u\u017e\u00edv\u00e1 dotac\u00ed, a\u010d \u00fadajn\u011b \u017e\u00e1dn\u00e9 nepot\u0159ebuje?<\/p>\n<p><img decoding=\"async\" loading=\"lazy\" class=\"aligncenter\" src=\"https:\/\/www.skrytapravda.cz\/images\/blogy\/805\/2024\/2unor\/Sn%C3%ADmek_obrazovky_10352_eeeb7.webp\" alt=\"Sn\u00edmek obrazovky 10352 eeeb7\" width=\"823\" height=\"464\" \/><\/p>\n<p>Do Prahy by m\u011bli jezdit, \u010di p\u0159ijet lid\u00e9 z venkov\u016f,\u00a0<strong>kte\u0159\u00ed skute\u010dn\u011b vytv\u00e1\u0159ej\u00ed n\u011bjak\u00e9 hodnoty, pracuj\u00ed a staraj\u00ed se o na\u0161\u00ed zem.<\/strong>\u00a0Praha nepat\u0159\u00ed jen Pra\u017ean\u016fm, ale na jej\u00ed p\u016fvodn\u00ed kr\u00e1se se pod\u00edleli v\u0161ichni lid\u00e9 z na\u0161eho st\u00e1tu, kte\u0159\u00ed skute\u010dn\u011b v\u011b\u0159ili lidsk\u00fdm hodnot\u00e1m, pracovitosti, a v\u011b\u0159ili, \u017ee toto je jejich domov. (Dokonce i mnoz\u00ed Slov\u00e1ci)<\/p>\n<p>A nejem rodil\u00fdm Pra\u017ean\u016fm, ale v\u0161em, co spravuj\u00ed tento st\u00e1t, pat\u0159\u00ed hlavn\u00ed m\u011bsto Praha. A z Prahy by m\u011bli odej\u00edt v\u0161ichni, kdo neberou na\u0161\u00ed zem jako sv\u016fj domov. Mohou odej\u00edt na Ukrajinu, do Bruselu, \u010di kamkoliv jinam. Nebudou za to trest\u00e1ni, nenat\u00e1hneme kolem ostnat\u00e9 dr\u00e1ty napu\u0161t\u011bn\u00e9 elektrick\u00fdm proudem, jako to ud\u011blali komunisti kolem agenta P\u00e1vka z Pra\u017esk\u00e9ho hradu p\u0159ed rokem 1989.<\/p>\n<p>My, p\u016fvodn\u00ed ob\u010dan\u00e9 Prahy, v\u0161echny \u010desk\u00e9 sedl\u00e1ky a zem\u011bd\u011blce srde\u010dn\u011b v\u00edt\u00e1me v na\u0161em hlavn\u00edm m\u011bst\u011b, a s nimi bojujeme za \u010ceskou republiku, na\u0161\u00ed vlast, proti part\u011b lid\u00ed, kter\u00e1 tuto zem ni\u010d\u00ed a p\u0159ed\u00e1v\u00e1 do rukou ciz\u00e1k\u016f a okupant\u016f.<\/p>\n<p>Ta zem je na\u0161e a na\u0161i sedl\u00e1ci se o ni staraj\u00ed: proto jsme s nimi, jako oni p\u0159\u00ed\u0161t\u011b budou s n\u00e1mi: my v\u0161ichni chceme op\u011bt budovat na\u0161\u00ed vlast &#8211; \u010ceskou republiku.<\/p>\n<p><span style=\"font-size: 18pt;\"><strong>A proto se vz\u00e1jemn\u011b podporujeme. A nikdo n\u00e1m to zakazovat nebude.<\/strong><\/span><\/p>\n<p><strong>.<img decoding=\"async\" class=\"aligncenter\" src=\"https:\/\/www.skrytapravda.cz\/images\/blogy\/805\/2022\/1leden\/VOLBY_109d2.webp\" alt=\"VOLBY 109d2\" \/><\/strong><\/p>\n<p>&nbsp;<\/p>\n<div class=\"clr\"><\/div>\n<div class=\"clauthor\"><a href=\"https:\/\/www.skrytapravda.cz\/z-domova\/1735-drzte-drzky-vidlaci-z-moravy-prazane-traktoristy-vitaji-a-dezinformace-kydejte-do-brna\">Petr Pokorn\u00fd<\/a><\/div>\n<\/div>\n<div><\/div>\n<div><\/div>\n<div><\/div>\n<div><a href=\"https:\/\/stranapro.cz\/\"><img decoding=\"async\" loading=\"lazy\" class=\"wp-image-40286 aligncenter\" src=\"http:\/\/www.infokuryr.cz\/n\/wp-content\/uploads\/2023\/11\/12pro-300x87.png\" alt=\"\" width=\"966\" height=\"280\" srcset=\"https:\/\/www.infokuryr.cz\/n\/wp-content\/uploads\/2023\/11\/12pro-300x87.png 300w, https:\/\/www.infokuryr.cz\/n\/wp-content\/uploads\/2023\/11\/12pro.png 366w\" sizes=\"(max-width: 966px) 100vw, 966px\" \/><\/a><\/div>\n<div><\/div>\n<div><\/div>\n","protected":false},"excerpt":{"rendered":"<p>Pozor, POZOR! Jak se do lesa vol\u00e1, tak se z lesa oz\u00fdv\u00e1! Toto nen\u00ed odpor&#8230;<\/p>\n","protected":false},"author":2,"featured_media":47383,"comment_status":"closed","ping_status":"closed","sticky":false,"template":"","format":"standard","meta":[],"categories":[6],"tags":[29,234,95,2532],"_links":{"self":[{"href":"https:\/\/www.infokuryr.cz\/n\/wp-json\/wp\/v2\/posts\/47382"}],"collection":[{"href":"https:\/\/www.infokuryr.cz\/n\/wp-json\/wp\/v2\/posts"}],"about":[{"href":"https:\/\/www.infokuryr.cz\/n\/wp-json\/wp\/v2\/types\/post"}],"author":[{"embeddable":true,"href":"https:\/\/www.infokuryr.cz\/n\/wp-json\/wp\/v2\/users\/2"}],"replies":[{"embeddable":true,"href":"https:\/\/www.infokuryr.cz\/n\/wp-json\/wp\/v2\/comments?post=47382"}],"version-history":[{"count":1,"href":"https:\/\/www.infokuryr.cz\/n\/wp-json\/wp\/v2\/posts\/47382\/revisions"}],"predecessor-version":[{"id":47384,"href":"https:\/\/www.infokuryr.cz\/n\/wp-json\/wp\/v2\/posts\/47382\/revisions\/47384"}],"wp:featuredmedia":[{"embeddable":true,"href":"https:\/\/www.infokuryr.cz\/n\/wp-json\/wp\/v2\/media\/47383"}],"wp:attachment":[{"href":"https:\/\/www.infokuryr.cz\/n\/wp-json\/wp\/v2\/media?parent=47382"}],"wp:term":[{"taxonomy":"category","embeddable":true,"href":"https:\/\/www.infokuryr.cz\/n\/wp-json\/wp\/v2\/categories?post=47382"},{"taxonomy":"post_tag","embeddable":true,"href":"https:\/\/www.infokuryr.cz\/n\/wp-json\/wp\/v2\/tags?post=47382"}],"curies":[{"name":"wp","href":"https:\/\/api.w.org\/{rel}","templated":true}]}}