{"id":47361,"date":"2024-02-19T00:40:54","date_gmt":"2024-02-18T23:40:54","guid":{"rendered":"https:\/\/www.infokuryr.cz\/n\/?p=47361"},"modified":"2024-02-18T17:54:01","modified_gmt":"2024-02-18T16:54:01","slug":"velitel-iranskych-sil-quds-pozadal-spojence-aby-zastavili-utoky-proti-americkym-silam-v-iraku-a-syrii","status":"publish","type":"post","link":"https:\/\/www.infokuryr.cz\/n\/2024\/02\/19\/velitel-iranskych-sil-quds-pozadal-spojence-aby-zastavili-utoky-proti-americkym-silam-v-iraku-a-syrii\/","title":{"rendered":"Velitel \u00edr\u00e1nsk\u00fdch sil Quds po\u017e\u00e1dal spojence, aby zastavili \u00fatoky proti americk\u00fdm sil\u00e1m v Ir\u00e1ku a S\u00fdrii"},"content":{"rendered":"<div id=\"fb-root\"><\/div>\n<p><strong><span>Brig\u00e1dn\u00ed gener\u00e1l Esmail Qaani, \u0161\u00e9f elitn\u00edch jednotek Quds Isl\u00e1msk\u00fdch revolu\u010dn\u00edch gard, nav\u0161t\u00edvil minul\u00fd m\u011bs\u00edc Bagd\u00e1d a p\u0159esv\u011bd\u010dil tamn\u00ed ozbrojen\u00e9 frakce podporovan\u00e9 \u00cdr\u00e1nem, aby zastavily \u00fatoky na s\u00edly Spojen\u00fdch st\u00e1t\u016f, uvedla 18. \u00fanora agentura Reuters s odkazem na\u00a0<\/span><a href=\"https:\/\/www.reuters.com\/world\/middle-east\/iraqi-armed-groups-dial-down-us-attacks-request-iran-commander-2024-02-18\/\"><span>\u010detn\u00e9<\/span><\/a><span>\u00a0\u00edr\u00e1nsk\u00e9 a ir\u00e1ck\u00e9 zdroje.<\/span><\/strong><\/p>\n<p><span>\u00cdr\u00e1nsk\u00fd velitel se setkal se z\u00e1stupci n\u011bkolika frakc\u00ed na mezin\u00e1rodn\u00edm leti\u0161ti v Bagd\u00e1du 29. ledna, m\u00e9n\u011b ne\u017e 48 hodin pot\u00e9, co Washington obvinil \u00cdr\u00e1nem podporovan\u00e9 s\u00edly ze zabit\u00ed t\u0159\u00ed americk\u00fdch voj\u00e1k\u016f na z\u00e1kladn\u011b Tower 22 v Jord\u00e1nsku, uvedly zdroje.<\/span><\/p>\n<p><span>Podle zdroj\u016f brig.\u00a0Gener\u00e1l Qaani b\u011bhem n\u00e1v\u0161t\u011bvy neopustil leti\u0161t\u011b, proto\u017ee se ob\u00e1val, \u017ee by mohl b\u00fdt ter\u010dem na stejn\u00e9m m\u00edst\u011b, kde byl p\u0159ed \u010dty\u0159mi lety zabit jeho p\u0159edch\u016fdce Qassem Soleimani.<\/span><\/p>\n<p><em>&#8222;\u00cdr\u00e1nci se z likvidace Solejm\u00e1n\u00edho pou\u010dili a necht\u011bli, aby se to opakovalo,&#8220; uvedl zdroj.<\/em><\/p>\n<p><span>Velitel \u0159ekl frakc\u00edm, \u017ee odebr\u00e1n\u00edm americk\u00e9 krve riskuje t\u011b\u017ekou reakci USA, v\u010detn\u011b \u00fader\u016f na jejich vy\u0161\u0161\u00ed velitele, zni\u010den\u00ed kl\u00ed\u010dov\u00e9 infrastruktury nebo dokonce p\u0159\u00edmou odvetu proti \u00cdr\u00e1nu, uvedly zdroje.<\/span><\/p>\n<p><span>N\u00e1sleduj\u00edc\u00ed den Kataib Hizball\u00e1h, nejv\u011bt\u0161\u00ed z Ir\u00e1nem podporovan\u00fdch frakc\u00ed v Ir\u00e1ku, ozn\u00e1mil, \u017ee zastavuje \u00fatoky.\u00a0Men\u0161\u00ed, ale velmi aktivn\u00ed frakce, Harakat Hizball\u00e1h al-Nujaba, v\u0161ak uvedla, \u017ee bude v \u00fatoc\u00edch pokra\u010dovat, s argumentem, \u017ee americk\u00e9 s\u00edly odejdou pouze silou.<\/span><\/p>\n<p><span>Frakce podporovan\u00e9 \u00cdr\u00e1nem, sdru\u017een\u00e9 pod hlavi\u010dkou isl\u00e1msk\u00e9ho odporu v Ir\u00e1ku, za\u010daly 17. \u0159\u00edjna podnikat \u00fatoky proti americk\u00fdm sil\u00e1m v zemi a sousedn\u00ed S\u00fdrii v reakci na izraelskou v\u00e1lku v palestinsk\u00e9m p\u00e1smu Gazy a na neochv\u011bjnou podporu Washingtonu pro ni.<\/span><\/p>\n<p><span>Od 4. \u00fanora nedo\u0161lo k \u017e\u00e1dn\u00fdm \u00fatok\u016fm na americk\u00e9 s\u00edly v Ir\u00e1ku a S\u00fdrii, ve srovn\u00e1n\u00ed s v\u00edce ne\u017e 20 \u00fatoky za dva t\u00fddny p\u0159ed Qaaniho n\u00e1v\u0161t\u011bvou.<\/span><\/p>\n<p><em>&#8222;Bez p\u0159\u00edm\u00e9ho z\u00e1sahu Qaaniho by nebylo mo\u017en\u00e9 p\u0159esv\u011bd\u010dit Kataib Hizball\u00e1h, aby zastavil sv\u00e9 vojensk\u00e9 operace s c\u00edlem deeskalovat nap\u011bt\u00ed,&#8220; \u0159ekl vysok\u00fd velitel jedn\u00e9 z \u00cdr\u00e1nem podporovan\u00fdch frakc\u00ed.<\/em><\/p>\n<p><span>Vysok\u00fd \u00edr\u00e1nsk\u00fd bezpe\u010dnostn\u00ed \u010dinitel uvedl, \u017ee n\u00e1v\u0161t\u011bva velitele byla \u201e\u00fasp\u011b\u0161n\u00e1, i kdy\u017e ne zcela, proto\u017ee ne v\u0161echny ir\u00e1ck\u00e9 skupiny souhlasily s deeskalac\u00ed\u201c.<\/span><\/p>\n<p><span>Navzdory p\u0159\u00edm\u011b\u0159\u00ed proti americk\u00fdm sil\u00e1m, \u00cdr\u00e1nem podporovan\u00e9 frakce st\u00e1le \u010das od \u010dasu podnikaj\u00ed \u00fatoky proti Izraeli, a to p\u0159edev\u0161\u00edm pomoc\u00ed sebevra\u017eedn\u00fdch dron\u016f.<\/span><\/p>\n<p><span>Zpr\u00e1va agentury Reuters ukazuje, jak \u00cdr\u00e1n pracuje na deeskalaci nap\u011bt\u00ed v regionu, kter\u00e9 bylo zp\u016fsobeno izraelskou v\u00e1lkou v Gaze.\u00a0Navzdory \u00edr\u00e1nsk\u00e9mu \u00fasil\u00ed USA nad\u00e1le podporuj\u00ed v\u00e1lku, kter\u00e1 si dosud vy\u017e\u00e1dala \u017eivoty v\u00edce ne\u017e 28 000 Palestinc\u016f.<\/span><\/p>\n<p><img decoding=\"async\" loading=\"lazy\" class=\"alignnone size-full wp-image-1185\" src=\"http:\/\/www.infokuryr.cz\/n\/wp-content\/uploads\/2021\/04\/kuryr-podpis.png\" alt=\"\" width=\"84\" height=\"24\" \/><\/p>\n<p>&nbsp;<\/p>\n","protected":false},"excerpt":{"rendered":"<p>Brig\u00e1dn\u00ed gener\u00e1l Esmail Qaani, \u0161\u00e9f elitn\u00edch jednotek Quds Isl\u00e1msk\u00fdch revolu\u010dn\u00edch gard, nav\u0161t\u00edvil minul\u00fd m\u011bs\u00edc Bagd\u00e1d&#8230;<\/p>\n","protected":false},"author":2,"featured_media":47362,"comment_status":"closed","ping_status":"closed","sticky":false,"template":"","format":"standard","meta":[],"categories":[7],"tags":[6262,37,3526,538],"_links":{"self":[{"href":"https:\/\/www.infokuryr.cz\/n\/wp-json\/wp\/v2\/posts\/47361"}],"collection":[{"href":"https:\/\/www.infokuryr.cz\/n\/wp-json\/wp\/v2\/posts"}],"about":[{"href":"https:\/\/www.infokuryr.cz\/n\/wp-json\/wp\/v2\/types\/post"}],"author":[{"embeddable":true,"href":"https:\/\/www.infokuryr.cz\/n\/wp-json\/wp\/v2\/users\/2"}],"replies":[{"embeddable":true,"href":"https:\/\/www.infokuryr.cz\/n\/wp-json\/wp\/v2\/comments?post=47361"}],"version-history":[{"count":0,"href":"https:\/\/www.infokuryr.cz\/n\/wp-json\/wp\/v2\/posts\/47361\/revisions"}],"wp:featuredmedia":[{"embeddable":true,"href":"https:\/\/www.infokuryr.cz\/n\/wp-json\/wp\/v2\/media\/47362"}],"wp:attachment":[{"href":"https:\/\/www.infokuryr.cz\/n\/wp-json\/wp\/v2\/media?parent=47361"}],"wp:term":[{"taxonomy":"category","embeddable":true,"href":"https:\/\/www.infokuryr.cz\/n\/wp-json\/wp\/v2\/categories?post=47361"},{"taxonomy":"post_tag","embeddable":true,"href":"https:\/\/www.infokuryr.cz\/n\/wp-json\/wp\/v2\/tags?post=47361"}],"curies":[{"name":"wp","href":"https:\/\/api.w.org\/{rel}","templated":true}]}}