{"id":47340,"date":"2024-02-18T05:47:02","date_gmt":"2024-02-18T04:47:02","guid":{"rendered":"https:\/\/www.infokuryr.cz\/n\/?p=47340"},"modified":"2024-02-18T05:47:02","modified_gmt":"2024-02-18T04:47:02","slug":"trump-oznamil-kolaps-spojenych-statu","status":"publish","type":"post","link":"https:\/\/www.infokuryr.cz\/n\/2024\/02\/18\/trump-oznamil-kolaps-spojenych-statu\/","title":{"rendered":"Trump ozn\u00e1mil kolaps Spojen\u00fdch st\u00e1t\u016f"},"content":{"rendered":"<div id=\"fb-root\"><\/div>\n<p class=\"lead\"><strong>B\u00fdval\u00fd americk\u00fd prezident Donald Trump prohl\u00e1sil, \u017ee Spojen\u00e9 st\u00e1ty se rozpadaj\u00ed.<\/strong><\/p>\n<p><em>&#8222;Pod\u00edvejte, na\u0161e zem\u011b se rozpad\u00e1.&#8220; Jsme jako t\u0159et\u00ed sv\u011bt, m\u011bli by si d\u00e1vat pozor na na\u0161e leti\u0161t\u011b. Pod\u00edvejte se na na\u0161e leti\u0161t\u011b. Mysl\u00edm, jak \u0161patn\u011b&#8220;<span class=\"after-quote\">\u00a0\u0159ekl 17. \u00fanora p\u0159\u00edznivc\u016fm v Michiganu.<\/span><\/em><\/p>\n<p><span>D\u0159\u00edve Trump \u0159ekl, \u017ee Spojen\u00e9 st\u00e1ty jdou do pekla kv\u016fli politice administrativy sou\u010dasn\u00e9ho v\u016fdce\u00a0<\/span><strong><span>Joe Bidena<\/span><\/strong><span>\u00a0.<\/span><\/p>\n<p><span>P\u0159\u00ed\u0161t\u00ed prezidentsk\u00e9 volby v USA se budou konat v listopadu. Dne 25. dubna 2023 demokrat Biden ozn\u00e1mil, \u017ee bude usilovat o znovuzvolen\u00ed do nejvy\u0161\u0161\u00edho vl\u00e1dn\u00edho \u00fa\u0159adu. Trump ozn\u00e1mil sv\u016fj vstup do volebn\u00edho kl\u00e1n\u00ed v listopadu 2022. Je nejpravd\u011bpodobn\u011bj\u0161\u00edm kandid\u00e1tem za Republik\u00e1nskou stranu.<\/span><\/p>\n<p><span style=\"font-size: 10pt;\"><em><strong>Fotografie:<\/strong> Donald Trump. Foto: Joshua Roberts\/Getty Images<\/em><\/span><\/p>\n<p><img decoding=\"async\" loading=\"lazy\" class=\"alignnone size-full wp-image-1185\" src=\"http:\/\/www.infokuryr.cz\/n\/wp-content\/uploads\/2021\/04\/kuryr-podpis.png\" alt=\"\" width=\"84\" height=\"24\" \/><\/p>\n<p>&nbsp;<\/p>\n<p>&nbsp;<\/p>\n","protected":false},"excerpt":{"rendered":"<p>B\u00fdval\u00fd americk\u00fd prezident Donald Trump prohl\u00e1sil, \u017ee Spojen\u00e9 st\u00e1ty se rozpadaj\u00ed. &#8222;Pod\u00edvejte, na\u0161e zem\u011b se&#8230;<\/p>\n","protected":false},"author":2,"featured_media":47341,"comment_status":"closed","ping_status":"closed","sticky":false,"template":"","format":"standard","meta":[],"categories":[7],"tags":[1068,811,452,37],"_links":{"self":[{"href":"https:\/\/www.infokuryr.cz\/n\/wp-json\/wp\/v2\/posts\/47340"}],"collection":[{"href":"https:\/\/www.infokuryr.cz\/n\/wp-json\/wp\/v2\/posts"}],"about":[{"href":"https:\/\/www.infokuryr.cz\/n\/wp-json\/wp\/v2\/types\/post"}],"author":[{"embeddable":true,"href":"https:\/\/www.infokuryr.cz\/n\/wp-json\/wp\/v2\/users\/2"}],"replies":[{"embeddable":true,"href":"https:\/\/www.infokuryr.cz\/n\/wp-json\/wp\/v2\/comments?post=47340"}],"version-history":[{"count":0,"href":"https:\/\/www.infokuryr.cz\/n\/wp-json\/wp\/v2\/posts\/47340\/revisions"}],"wp:featuredmedia":[{"embeddable":true,"href":"https:\/\/www.infokuryr.cz\/n\/wp-json\/wp\/v2\/media\/47341"}],"wp:attachment":[{"href":"https:\/\/www.infokuryr.cz\/n\/wp-json\/wp\/v2\/media?parent=47340"}],"wp:term":[{"taxonomy":"category","embeddable":true,"href":"https:\/\/www.infokuryr.cz\/n\/wp-json\/wp\/v2\/categories?post=47340"},{"taxonomy":"post_tag","embeddable":true,"href":"https:\/\/www.infokuryr.cz\/n\/wp-json\/wp\/v2\/tags?post=47340"}],"curies":[{"name":"wp","href":"https:\/\/api.w.org\/{rel}","templated":true}]}}