{"id":47338,"date":"2024-02-18T05:37:30","date_gmt":"2024-02-18T04:37:30","guid":{"rendered":"https:\/\/www.infokuryr.cz\/n\/?p=47338"},"modified":"2024-02-18T05:37:30","modified_gmt":"2024-02-18T04:37:30","slug":"bolton-bidenova-protimoskevska-taktika-selhala","status":"publish","type":"post","link":"https:\/\/www.infokuryr.cz\/n\/2024\/02\/18\/bolton-bidenova-protimoskevska-taktika-selhala\/","title":{"rendered":"Bolton: Bidenova protimoskevsk\u00e1 taktika selhala"},"content":{"rendered":"<div id=\"fb-root\"><\/div>\n<p><span style=\"font-size: 18pt;\"><strong>B\u00fdval\u00fd poradce B\u00edl\u00e9ho domu tvrdil, \u017ee politika a r\u00e9torika Washingtonu jen povzbudila rusk\u00e9ho prezidenta Vladimira Putina<\/strong><\/span><\/p>\n<p><span>Snahy americk\u00e9ho prezidenta Joea Bidena potrestat Moskvu za ukrajinskou krizi selhaly a jeho r\u00e9torika a slab\u00e9 veden\u00ed jen podpo\u0159ily dal\u0161\u00ed agresi rusk\u00e9ho v\u016fdce Vladimira Putina, prohl\u00e1sil b\u00fdval\u00fd poradce B\u00edl\u00e9ho domu John Bolton.<\/span><\/p>\n<p><span>Bolton to \u0159ekl v p\u00e1tek v\u00a0<\/span><a href=\"https:\/\/www.youtube.com\/watch?v=_DDq7pFT-Dc\" target=\"_blank\" rel=\"noopener noreferrer\"><span>rozhovoru<\/span><\/a><span>\u00a0pro NewsNation pot\u00e9, co Biden a dal\u0161\u00ed ameri\u010dt\u00ed p\u0159edstavitel\u00e9 pok\u00e1rali prezidenta Putina za smrt opozi\u010dn\u00edho politika Alexeje Navaln\u00e9ho v sibi\u0159sk\u00e9 trestaneck\u00e9 kolonii. B\u00fdval\u00fd poradce pro n\u00e1rodn\u00ed bezpe\u010dnost USA tvrdil, \u017ee na rozd\u00edl od prohl\u00e1\u0161en\u00ed Bidenovy administrativy Navaln\u00e9ho smrt neprokazuje slabost Putinovy \u200b\u200bvl\u00e1dy.<\/span><\/p>\n<p><em><span>&#8222;Je smutn\u00e9, \u017ee to ukazuje opak,&#8220;<\/span><\/em><span>\u00a0\u0159ekl Bolton.\u00a0<\/span><em><span>\u201eMyslel si, \u017ee to m\u016f\u017ee ud\u011blat bez jak\u00fdchkoli v\u00fdznamn\u00fdch dom\u00e1c\u00edch, rusk\u00fdch politick\u00fdch d\u016fsledk\u016f a m\u016f\u017ee to ud\u011blat bez jak\u00fdchkoli skute\u010dn\u00fdch mezin\u00e1rodn\u00edch d\u016fsledk\u016f. Mysl\u00edm, \u017ee Biden, v prohl\u00e1\u0161en\u00ed, kter\u00e9 jste pr\u00e1v\u011b vyb\u011bhli, pom\u00e1h\u00e1 uk\u00e1zat, \u017ee je to pravda.&#8220;<\/span><\/em><\/p>\n<p><span>Sank\u010dn\u00ed kampa\u0148 pod veden\u00edm USA v reakci na vojenskou ofenzivu Moskvy proti Ukrajin\u011b nedok\u00e1zala ochromit ruskou ekonomiku, \u0159ekl Bolton.\u00a0<\/span><em><span>&#8222;Do zna\u010dn\u00e9 m\u00edry se zotavili,&#8220;<\/span><\/em><span>\u00a0\u0159ekl.\u00a0<\/span><em><span>&#8222;Z\u00e1rove\u0148 se ukrajinsk\u00e1 ekonomika st\u00e1le rozm\u011bl\u0148uje v prach.&#8220;<\/span><\/em><\/p>\n<p><span>S odkazem na rusk\u00e9 ob\u011bti v ukrajinsk\u00e9m konfliktu Bolton \u0159ekl:\u00a0<\/span><em><span>\u201eTakto Rusov\u00e9 bojuj\u00ed. Tak\u017ee pokud bude Bidenova r\u00e9torika pokra\u010dovat na t\u00e9to \u00farovni, povzbud\u00ed to Rusko. Je to sou\u010d\u00e1st d\u016fkazu, \u017ee mohou sp\u00e1chat tento druh vra\u017edy a dostat se z toho.\u201c<\/span><\/em><\/p>\n<p><span>Putin a dal\u0161\u00ed zahrani\u010dn\u00ed v\u016fdci Bidena odhadli a neberou ho v\u00e1\u017en\u011b, tvrdil Bolton. Tato hodnocen\u00ed, stejn\u011b jako katastrof\u00e1ln\u00ed sta\u017een\u00ed Bidenovy administrativy z Afgh\u00e1nist\u00e1nu v roce 2021, p\u0159isp\u011bly k rozhodnut\u00ed Ruska zah\u00e1jit ukrajinskou ofenz\u00edvu v \u00fanoru 2022.<\/span><\/p>\n<p><em><span>&#8222;Je to v\u00e1\u017en\u00fd probl\u00e9m pro Spojen\u00e9 st\u00e1ty, nejen v p\u0159\u00edpad\u011b jedn\u00e1n\u00ed s Ruskem, ale tak\u00e9 v jedn\u00e1n\u00ed s \u010c\u00ednou, Severn\u00ed Koreou a \u00cdr\u00e1nem,&#8220;<\/span><\/em><span>\u00a0\u0159ekl Bolton. Dodal, \u017ee Biden nejednal rozhodn\u011bji na Ukrajin\u011b ani na Bl\u00edzk\u00e9m v\u00fdchod\u011b, proto\u017ee se ob\u00e1v\u00e1 rozpout\u00e1n\u00ed \u0161ir\u0161\u00ed v\u00e1lky.\u00a0<\/span><em><span>\u201eOb\u00e1v\u00e1m se, \u017ee Biden nejen\u017ee nem\u00e1 takovou d\u016fv\u011bryhodnost, s jakou za\u010d\u00ednal, ale lid\u00e9 ho spr\u00e1vn\u011b \u010detli. Tohle je slab\u00e9 p\u0159edsednictv\u00ed.&#8220;<\/span><\/em><\/p>\n<p><span>Bolton p\u016fsobil jako poradce pro n\u00e1rodn\u00ed bezpe\u010dnost za prezidenta Donalda Trumpa, kter\u00fd je hlavn\u00edm republik\u00e1nsk\u00fdm kandid\u00e1tem na v\u00fdzvu Bidena v leto\u0161n\u00edch americk\u00fdch volb\u00e1ch. B\u00fdval\u00fd poradce tvrdil, \u017ee kter\u00fdkoli kandid\u00e1t by byl nebezpe\u010dn\u00fd pro americkou n\u00e1rodn\u00ed bezpe\u010dnost.\u00a0<\/span><em><span>&#8222;Ani jeden z nich nen\u00ed p\u0159ijateln\u00fd jako prezident,&#8220;<\/span><\/em><span>\u00a0\u0159ekl.<\/span><\/p>\n<p><img decoding=\"async\" loading=\"lazy\" class=\"alignnone size-full wp-image-1185\" src=\"http:\/\/www.infokuryr.cz\/n\/wp-content\/uploads\/2021\/04\/kuryr-podpis.png\" alt=\"\" width=\"84\" height=\"24\" \/><\/p>\n<p>&nbsp;<\/p>\n<p>&nbsp;<\/p>\n","protected":false},"excerpt":{"rendered":"<p>B\u00fdval\u00fd poradce B\u00edl\u00e9ho domu tvrdil, \u017ee politika a r\u00e9torika Washingtonu jen povzbudila rusk\u00e9ho prezidenta Vladimira&#8230;<\/p>\n","protected":false},"author":2,"featured_media":12425,"comment_status":"closed","ping_status":"closed","sticky":false,"template":"","format":"standard","meta":[],"categories":[7],"tags":[72,3538,22],"_links":{"self":[{"href":"https:\/\/www.infokuryr.cz\/n\/wp-json\/wp\/v2\/posts\/47338"}],"collection":[{"href":"https:\/\/www.infokuryr.cz\/n\/wp-json\/wp\/v2\/posts"}],"about":[{"href":"https:\/\/www.infokuryr.cz\/n\/wp-json\/wp\/v2\/types\/post"}],"author":[{"embeddable":true,"href":"https:\/\/www.infokuryr.cz\/n\/wp-json\/wp\/v2\/users\/2"}],"replies":[{"embeddable":true,"href":"https:\/\/www.infokuryr.cz\/n\/wp-json\/wp\/v2\/comments?post=47338"}],"version-history":[{"count":0,"href":"https:\/\/www.infokuryr.cz\/n\/wp-json\/wp\/v2\/posts\/47338\/revisions"}],"wp:featuredmedia":[{"embeddable":true,"href":"https:\/\/www.infokuryr.cz\/n\/wp-json\/wp\/v2\/media\/12425"}],"wp:attachment":[{"href":"https:\/\/www.infokuryr.cz\/n\/wp-json\/wp\/v2\/media?parent=47338"}],"wp:term":[{"taxonomy":"category","embeddable":true,"href":"https:\/\/www.infokuryr.cz\/n\/wp-json\/wp\/v2\/categories?post=47338"},{"taxonomy":"post_tag","embeddable":true,"href":"https:\/\/www.infokuryr.cz\/n\/wp-json\/wp\/v2\/tags?post=47338"}],"curies":[{"name":"wp","href":"https:\/\/api.w.org\/{rel}","templated":true}]}}