{"id":47334,"date":"2024-02-18T00:45:54","date_gmt":"2024-02-17T23:45:54","guid":{"rendered":"https:\/\/www.infokuryr.cz\/n\/?p=47334"},"modified":"2024-02-18T05:13:55","modified_gmt":"2024-02-18T04:13:55","slug":"nela-liskova-realny-pohled-ovsem-neni-nikdy-zalozen-na-nenavisti-ale-prave-na-dostatku-informaci-a-nadhledu","status":"publish","type":"post","link":"https:\/\/www.infokuryr.cz\/n\/2024\/02\/18\/nela-liskova-realny-pohled-ovsem-neni-nikdy-zalozen-na-nenavisti-ale-prave-na-dostatku-informaci-a-nadhledu\/","title":{"rendered":"Nela Liskov\u00e1: Re\u00e1ln\u00fd pohled ov\u0161em nen\u00ed nikdy zalo\u017een na nen\u00e1visti, ale pr\u00e1v\u011b na dostatku informac\u00ed a nadhledu"},"content":{"rendered":"<div id=\"fb-root\"><\/div>\n<p>Ka\u017ed\u00fd re\u017eim si h\u00e1j\u00ed sv\u00e9 z\u00e1jmy. Re\u00e1ln\u00fd pohled ov\u0161em nen\u00ed nikdy zalo\u017een na nen\u00e1visti, ale pr\u00e1v\u011b na dostatku informac\u00ed a nadhledu. Kdo si dok\u00e1\u017ee spojovat souvislosti, m\u00e1 znalosti z oblasti historie a dostate\u010dn\u00e9 pov\u011bdom\u00ed o glob\u00e1ln\u00ed politice, dok\u00e1\u017ee taky hodnotit politick\u00fd v\u00fdvoj a p\u0159edev\u0161\u00edm predikce objektivn\u011b a kriticky.<\/p>\n<p>Kdyby cht\u011bl Putin Navaln\u00e9ho opravdu nechat zavra\u017edit, ud\u011blal by to zp\u016fsobem natolik sofistikovan\u00fdm, \u017ee by to t\u011b\u017eko mohl z\u00e1pad vyhodnotit \u00fa\u010delov\u011b, jako primitivn\u00ed vra\u017edu. O to tady b\u011b\u017e\u00ed. Hloup\u00ed, pota\u017emo agresivn\u00ed lid\u00e9 ov\u0161em \u017eij\u00ed z nen\u00e1visti z\u00e1m\u011brn\u011b vytv\u00e1\u0159en\u00e9 a \u017eiven\u00e9 politiky a sta\u010d\u00ed jim kost p\u0159edhozena mainstreamem. Cel\u00e9 to na\u010dasov\u00e1n\u00ed, kter\u00e9 je op\u011bt z\u00e1m\u011brem p\u0159ed prezidentsk\u00fdmi volbami v Rusku, taky nen\u00ed n\u00e1hodn\u00e9.<\/p>\n<p>Tak\u017ee se zcela opr\u00e1vn\u011bn\u011b mohu domn\u00edvat, \u017ee MI6 nebo CIA a dal\u0161\u00ed tv\u016frci politick\u00e9ho pozad\u00ed, vykon\u00e1vaj\u00edc\u00ed \u0161pinavou pr\u00e1ci po cel\u00e9m sv\u011bt\u011b, aktu\u00e1ln\u011b pracuj\u00ed na roz\u0161\u00ed\u0159en\u00ed nen\u00e1visti v\u016f\u010di Putinovi. Ostatn\u011b hysterie z\u00e1padu a p\u0159edev\u0161\u00edm l\u017ei americk\u00e9 a britsk\u00e9 administrativy, jejich\u017e c\u00edlem m\u00e1 b\u00fdt glob\u00e1ln\u00ed nen\u00e1vist v\u016f\u010di Rusku a Putinovi jsou nep\u0159ehl\u00e9dnuteln\u00e9, stejn\u011b tak, jako praktiky jejich tajn\u00fdch slu\u017eeb, kter\u00e9 se v\u017edy ve vhodn\u00fd \u010das zbavuj\u00ed u\u017eite\u010dn\u00fdch idiot\u016f.<\/p>\n<p>Zelensk\u00fd dopadne nepochybn\u011b stejn\u011b a z jeho smrti obvin\u00ed z\u00e1pad, jak jinak, ne\u017e Putina. Putinovi p\u0159itom prim\u00e1rn\u011b nejde fyzickou likvidaci Zelensk\u00e9ho, ale o to, aby byl souzen, jako v\u00e1le\u010dn\u00fd zlo\u010dinec. V podstat\u011b je to neust\u00e1le do kola a pro m\u011b osobn\u011b ji\u017e \u00fasm\u011bvn\u00e9. Postr\u00e1d\u00e1m zde kreativitu z\u00e1padu a snahu sv\u016fj sc\u00e9n\u00e1\u0159, alespo\u0148 ob\u010das obohatit o jin\u00fd p\u0159\u00edb\u011bh, ne\u017e jak\u00fd cel\u00e9mu sv\u011btu des\u00edtky let sv\u00fdmi \u010diny a praktikami p\u0159edstavuj\u00ed.<\/p>\n<p>Nela Liskov\u00e1<\/p>\n<p><img decoding=\"async\" loading=\"lazy\" class=\"alignnone size-medium wp-image-47335\" src=\"http:\/\/www.infokuryr.cz\/n\/wp-content\/uploads\/2024\/02\/nela-liskova-300x194.jpeg\" alt=\"\" width=\"300\" height=\"194\" srcset=\"https:\/\/www.infokuryr.cz\/n\/wp-content\/uploads\/2024\/02\/nela-liskova-300x194.jpeg 300w, https:\/\/www.infokuryr.cz\/n\/wp-content\/uploads\/2024\/02\/nela-liskova-1024x664.jpeg 1024w, https:\/\/www.infokuryr.cz\/n\/wp-content\/uploads\/2024\/02\/nela-liskova-768x498.jpeg 768w, https:\/\/www.infokuryr.cz\/n\/wp-content\/uploads\/2024\/02\/nela-liskova.jpeg 1284w\" sizes=\"(max-width: 300px) 100vw, 300px\" \/><\/p>\n<p>___________________________________________________________<\/p>\n<p>&nbsp;<\/p>\n<p><img decoding=\"async\" loading=\"lazy\" class=\"wp-image-40286 aligncenter\" src=\"http:\/\/www.infokuryr.cz\/n\/wp-content\/uploads\/2023\/11\/12pro-300x87.png\" alt=\"\" width=\"979\" height=\"284\" srcset=\"https:\/\/www.infokuryr.cz\/n\/wp-content\/uploads\/2023\/11\/12pro-300x87.png 300w, https:\/\/www.infokuryr.cz\/n\/wp-content\/uploads\/2023\/11\/12pro.png 366w\" sizes=\"(max-width: 979px) 100vw, 979px\" \/><\/p>\n<p>&nbsp;<\/p>\n<p>&nbsp;<\/p>\n","protected":false},"excerpt":{"rendered":"<p>Ka\u017ed\u00fd re\u017eim si h\u00e1j\u00ed sv\u00e9 z\u00e1jmy. Re\u00e1ln\u00fd pohled ov\u0161em nen\u00ed nikdy zalo\u017een na nen\u00e1visti, ale&#8230;<\/p>\n","protected":false},"author":2,"featured_media":47335,"comment_status":"closed","ping_status":"closed","sticky":false,"template":"","format":"standard","meta":[],"categories":[6],"tags":[29,301,102],"_links":{"self":[{"href":"https:\/\/www.infokuryr.cz\/n\/wp-json\/wp\/v2\/posts\/47334"}],"collection":[{"href":"https:\/\/www.infokuryr.cz\/n\/wp-json\/wp\/v2\/posts"}],"about":[{"href":"https:\/\/www.infokuryr.cz\/n\/wp-json\/wp\/v2\/types\/post"}],"author":[{"embeddable":true,"href":"https:\/\/www.infokuryr.cz\/n\/wp-json\/wp\/v2\/users\/2"}],"replies":[{"embeddable":true,"href":"https:\/\/www.infokuryr.cz\/n\/wp-json\/wp\/v2\/comments?post=47334"}],"version-history":[{"count":0,"href":"https:\/\/www.infokuryr.cz\/n\/wp-json\/wp\/v2\/posts\/47334\/revisions"}],"wp:featuredmedia":[{"embeddable":true,"href":"https:\/\/www.infokuryr.cz\/n\/wp-json\/wp\/v2\/media\/47335"}],"wp:attachment":[{"href":"https:\/\/www.infokuryr.cz\/n\/wp-json\/wp\/v2\/media?parent=47334"}],"wp:term":[{"taxonomy":"category","embeddable":true,"href":"https:\/\/www.infokuryr.cz\/n\/wp-json\/wp\/v2\/categories?post=47334"},{"taxonomy":"post_tag","embeddable":true,"href":"https:\/\/www.infokuryr.cz\/n\/wp-json\/wp\/v2\/tags?post=47334"}],"curies":[{"name":"wp","href":"https:\/\/api.w.org\/{rel}","templated":true}]}}