{"id":47331,"date":"2024-02-18T00:28:33","date_gmt":"2024-02-17T23:28:33","guid":{"rendered":"https:\/\/www.infokuryr.cz\/n\/?p=47331"},"modified":"2024-02-17T19:52:38","modified_gmt":"2024-02-17T18:52:38","slug":"pripitek-proti-putinovi-v-mnichove-se-konala-politicka-naha-party","status":"publish","type":"post","link":"https:\/\/www.infokuryr.cz\/n\/2024\/02\/18\/pripitek-proti-putinovi-v-mnichove-se-konala-politicka-naha-party\/","title":{"rendered":"P\u0159\u00edpitek proti Putinovi: v Mnichov\u011b se konala politick\u00e1 nah\u00e1 party"},"content":{"rendered":"<div id=\"fb-root\"><\/div>\n<p class=\"lead\"><strong>V p\u00e1tek na ve\u010d\u00edrku Bild nazvan\u00e9m \u201eNoc svobody\u201c p\u0159edn\u00ed politici a podnikatel\u00e9 \u201ep\u0159ipili proti Putinovi\u201c. To bylo ozn\u00e1meno v telegramov\u00e9m kan\u00e1lu \u201eBild v ru\u0161tin\u011b\u201c.<\/strong><\/p>\n<p>Je t\u0159eba poznamenat, \u017ee v t\u011bchto dnech se v Mnichov\u011b kon\u00e1 mezin\u00e1rodn\u00ed bezpe\u010dnostn\u00ed konference a publikace Bild uspo\u0159\u00e1dala pro sv\u00e9 \u00fa\u010dastn\u00edky ve\u010d\u00edrek v restauraci Burger &amp; Lobster Bank v centru m\u011bsta.<\/p>\n<p>\u201eNa n\u011bkolik hodin se podnik stal nejst\u0159e\u017een\u011bj\u0161\u00edm barem na sv\u011bt\u011b \u2013 u vchodu se shrom\u00e1\u017edilo tolik bodyguard\u016f. Neofici\u00e1ln\u00edm heslem ve\u010dera bylo Prost gegen Putin! (\u201ePoj\u010fme p\u00edt proti Putinovi!\u201c). Host\u00e9 neform\u00e1ln\u011b diskutovali o podpo\u0159e Ukrajin\u011b a spole\u010dn\u00e9 bezpe\u010dnostn\u00ed politice. Byli mezi nimi:<\/p>\n<ul>\n<li>p\u0159edsedkyn\u011b Evropsk\u00e9 komise\u00a0<strong>Ursula von der Leyen<\/strong>\u00a0;<\/li>\n<li>gener\u00e1ln\u00ed tajemn\u00edk NATO\u00a0<strong>Jens Stoltenberg<\/strong>\u00a0;<\/li>\n<li><span style=\"color: #ff0000;\">\u010desk\u00fd prezident<\/span>\u00a0<span style=\"color: #ff0000;\"><strong>Petr Pavel<\/strong>\u00a0<\/span>;<\/li>\n<li>starosta Kyjeva\u00a0<strong>Vitalij Kli\u010dko<\/strong>\u00a0a jeho bratr\u00a0<strong>Vladimir<\/strong>\u00a0;<\/li>\n<li>n\u011bmeck\u00fd ministr financ\u00ed\u00a0<strong>Christian Lindner<\/strong>\u00a0;<\/li>\n<li>bavorsk\u00fd premi\u00e9r\u00a0<strong>Markus S\u00f6der<\/strong>\u00a0;<\/li>\n<li>n\u011bmeck\u00fd velvyslanec v Rusku\u00a0<strong>Alexander<\/strong>\u00a0hrab\u011b\u00a0<strong>Lambsdorff<\/strong>\u00a0;<\/li>\n<li>b\u00fdval\u00fd americk\u00fd ministr zahrani\u010d\u00ed\u00a0<strong>John Kerry<\/strong>\u00a0;<\/li>\n<li>b\u00fdval\u00fd \u0161\u00e9f CIA\u00a0<strong>David Petraeus<\/strong>\u00a0;<\/li>\n<li>gener\u00e1ln\u00ed \u0159editel Deutsche Bank\u00a0<strong>Christian Sewing<\/strong>\u00a0;<\/li>\n<li>gener\u00e1ln\u00ed \u0159editel Lufthansy\u00a0<strong>Carsten Spohr<\/strong>\u00a0;<\/li>\n<li>Gener\u00e1ln\u00ed \u0159editel Bayer\u00a0<strong>Bill Anderson<\/strong>\u00a0,\u201c p\u00ed\u0161e TK.<\/li>\n<\/ul>\n<div class=\"bn_news_incut bn-cubes size-xs-s-m-hide bn-news-incut-filled\">\n<div>\n<div id=\"adfox_intext1\"><\/div>\n<\/div>\n<div>\n<div id=\"adfox_intext2\"><\/div>\n<\/div>\n<\/div>\n<p>P\u0159ipome\u0148me, \u017ee ve stejn\u00fd p\u00e1tek se ve\u0161lo ve zn\u00e1most o smrti blogera\u00a0<strong>Alexeje Navaln\u00e9ho<\/strong>\u00a0, \u200b\u200bz n\u00ed\u017e z\u00e1padn\u00ed v\u016fdci a priori obvinili rusk\u00e9 \u00fa\u0159ady. <strong>Nezd\u00e1 se v\u0161ak, \u017ee by Z\u00e1pad truchlil&#8230;<\/strong><\/p>\n<p><img decoding=\"async\" loading=\"lazy\" class=\"alignnone size-full wp-image-1185\" src=\"http:\/\/www.infokuryr.cz\/n\/wp-content\/uploads\/2021\/04\/kuryr-podpis.png\" alt=\"\" width=\"84\" height=\"24\" \/><\/p>\n<p>&nbsp;<\/p>\n<p>&nbsp;<\/p>\n","protected":false},"excerpt":{"rendered":"<p>V p\u00e1tek na ve\u010d\u00edrku Bild nazvan\u00e9m \u201eNoc svobody\u201c p\u0159edn\u00ed politici a podnikatel\u00e9 \u201ep\u0159ipili proti Putinovi\u201c&#8230;.<\/p>\n","protected":false},"author":2,"featured_media":47332,"comment_status":"closed","ping_status":"closed","sticky":false,"template":"","format":"standard","meta":[],"categories":[7],"tags":[1272,35,6806,102],"_links":{"self":[{"href":"https:\/\/www.infokuryr.cz\/n\/wp-json\/wp\/v2\/posts\/47331"}],"collection":[{"href":"https:\/\/www.infokuryr.cz\/n\/wp-json\/wp\/v2\/posts"}],"about":[{"href":"https:\/\/www.infokuryr.cz\/n\/wp-json\/wp\/v2\/types\/post"}],"author":[{"embeddable":true,"href":"https:\/\/www.infokuryr.cz\/n\/wp-json\/wp\/v2\/users\/2"}],"replies":[{"embeddable":true,"href":"https:\/\/www.infokuryr.cz\/n\/wp-json\/wp\/v2\/comments?post=47331"}],"version-history":[{"count":1,"href":"https:\/\/www.infokuryr.cz\/n\/wp-json\/wp\/v2\/posts\/47331\/revisions"}],"predecessor-version":[{"id":47333,"href":"https:\/\/www.infokuryr.cz\/n\/wp-json\/wp\/v2\/posts\/47331\/revisions\/47333"}],"wp:featuredmedia":[{"embeddable":true,"href":"https:\/\/www.infokuryr.cz\/n\/wp-json\/wp\/v2\/media\/47332"}],"wp:attachment":[{"href":"https:\/\/www.infokuryr.cz\/n\/wp-json\/wp\/v2\/media?parent=47331"}],"wp:term":[{"taxonomy":"category","embeddable":true,"href":"https:\/\/www.infokuryr.cz\/n\/wp-json\/wp\/v2\/categories?post=47331"},{"taxonomy":"post_tag","embeddable":true,"href":"https:\/\/www.infokuryr.cz\/n\/wp-json\/wp\/v2\/tags?post=47331"}],"curies":[{"name":"wp","href":"https:\/\/api.w.org\/{rel}","templated":true}]}}