{"id":47326,"date":"2024-02-18T00:41:16","date_gmt":"2024-02-17T23:41:16","guid":{"rendered":"https:\/\/www.infokuryr.cz\/n\/?p=47326"},"modified":"2024-02-17T19:39:44","modified_gmt":"2024-02-17T18:39:44","slug":"era-postpravdy-davno-nastala-zapadni-svet-v-ni-zije-uz-dlouho","status":"publish","type":"post","link":"https:\/\/www.infokuryr.cz\/n\/2024\/02\/18\/era-postpravdy-davno-nastala-zapadni-svet-v-ni-zije-uz-dlouho\/","title":{"rendered":"\u00c9ra postpravdy d\u00e1vno nastala, z\u00e1padn\u00ed sv\u011bt v n\u00ed \u017eije u\u017e dlouho"},"content":{"rendered":"<div id=\"fb-root\"><\/div>\n<p>\u0160v\u00e9dsko nem\u016f\u017ee zjistit, kdo p<strong>\u0159esn\u011b vyhodil do pov\u011bt\u0159\u00ed plynovody Nord Stream 1-2 a p\u0159esm\u011broval v\u00fdsledky sv\u00e9ho vy\u0161et\u0159ov\u00e1n\u00ed do N\u011bmecka; obecn\u011b \u201evybuchly samy\u201c.<\/strong><\/p>\n<p>\u0160\u00e9f MAAE (Mezin\u00e1rodn\u00ed agentura pro atomovou energii) Grossi dorazil do Z\u00e1poro\u017esk\u00e9 jadern\u00e9 elektr\u00e1rny a p\u0159edev\u0161\u00edm uvedl,\u00a0<strong>\u017ee nem\u016f\u017ee zjistit, kdo p\u0159esn\u011b celou dobu st\u0159\u00edlel americk\u00e9 gran\u00e1ty na strategick\u00e9 jadern\u00e9 za\u0159\u00edzen\u00ed a pos\u00edlal do n\u011bj drony.<\/strong><\/p>\n<div class=\"google-auto-placed ap_container\"><a href=\"https:\/\/stranapro.cz\/\"><ins class=\"adsbygoogle adsbygoogle-noablate\" data-ad-format=\"auto\" data-ad-client=\"ca-pub-7914586174996449\" data-adsbygoogle-status=\"done\" data-ad-status=\"filled\"><\/p>\n<div id=\"aswift_1_host\" tabindex=\"0\" title=\"Advertisement\" aria-label=\"Advertisement\"><img decoding=\"async\" loading=\"lazy\" class=\"alignnone  wp-image-40285 aligncenter\" src=\"http:\/\/www.infokuryr.cz\/n\/wp-content\/uploads\/2023\/11\/11pro-300x79.png\" alt=\"\" width=\"585\" height=\"154\" srcset=\"https:\/\/www.infokuryr.cz\/n\/wp-content\/uploads\/2023\/11\/11pro-300x79.png 300w, https:\/\/www.infokuryr.cz\/n\/wp-content\/uploads\/2023\/11\/11pro.png 363w\" sizes=\"(max-width: 585px) 100vw, 585px\" \/><\/div>\n<p><\/ins><\/a><\/div>\n<p>Organiz\u00e1to\u0159i pedosout\u011b\u017ee\u00a0<b>Eurovize z\u00e1rove\u0148 ozn\u00e1mili, \u017ee na rozd\u00edl od Ruska se Izrael m\u016f\u017ee z\u00fa\u010dastnit, proto\u017ee \u201eje velmi obt\u00ed\u017en\u00e9 porovn\u00e1vat r\u016fzn\u00e9 konflikty\u201c a organizace na tom nebude ztr\u00e1cet sv\u016fj drahocenn\u00fd \u010das.<\/b><\/p>\n<p>Orwell to v\u0161echno \u0159\u00edkal\u2026..<\/p>\n<p>Tohle je ten Z\u00e1pad, kam cht\u011bj\u00ed \u201e\u010desk\u00e9\u201c elity pat\u0159it?!<\/p>\n<p><a href=\"https:\/\/ceskavec.com\/2024\/02\/era-postpravdy-davno-nastala-zapadni-svet-v-ni-zije-uz-dlouho\">\u010cesk\u00e1 v\u011bc<\/a><\/p>\n<p>&nbsp;<\/p>\n<p>&nbsp;<\/p>\n","protected":false},"excerpt":{"rendered":"<p>\u0160v\u00e9dsko nem\u016f\u017ee zjistit, kdo p\u0159esn\u011b vyhodil do pov\u011bt\u0159\u00ed plynovody Nord Stream 1-2 a p\u0159esm\u011broval v\u00fdsledky&#8230;<\/p>\n","protected":false},"author":2,"featured_media":47327,"comment_status":"closed","ping_status":"closed","sticky":false,"template":"","format":"standard","meta":[],"categories":[6],"tags":[41,4076,48],"_links":{"self":[{"href":"https:\/\/www.infokuryr.cz\/n\/wp-json\/wp\/v2\/posts\/47326"}],"collection":[{"href":"https:\/\/www.infokuryr.cz\/n\/wp-json\/wp\/v2\/posts"}],"about":[{"href":"https:\/\/www.infokuryr.cz\/n\/wp-json\/wp\/v2\/types\/post"}],"author":[{"embeddable":true,"href":"https:\/\/www.infokuryr.cz\/n\/wp-json\/wp\/v2\/users\/2"}],"replies":[{"embeddable":true,"href":"https:\/\/www.infokuryr.cz\/n\/wp-json\/wp\/v2\/comments?post=47326"}],"version-history":[{"count":1,"href":"https:\/\/www.infokuryr.cz\/n\/wp-json\/wp\/v2\/posts\/47326\/revisions"}],"predecessor-version":[{"id":47328,"href":"https:\/\/www.infokuryr.cz\/n\/wp-json\/wp\/v2\/posts\/47326\/revisions\/47328"}],"wp:featuredmedia":[{"embeddable":true,"href":"https:\/\/www.infokuryr.cz\/n\/wp-json\/wp\/v2\/media\/47327"}],"wp:attachment":[{"href":"https:\/\/www.infokuryr.cz\/n\/wp-json\/wp\/v2\/media?parent=47326"}],"wp:term":[{"taxonomy":"category","embeddable":true,"href":"https:\/\/www.infokuryr.cz\/n\/wp-json\/wp\/v2\/categories?post=47326"},{"taxonomy":"post_tag","embeddable":true,"href":"https:\/\/www.infokuryr.cz\/n\/wp-json\/wp\/v2\/tags?post=47326"}],"curies":[{"name":"wp","href":"https:\/\/api.w.org\/{rel}","templated":true}]}}