{"id":47322,"date":"2024-02-18T00:34:25","date_gmt":"2024-02-17T23:34:25","guid":{"rendered":"https:\/\/www.infokuryr.cz\/n\/?p=47322"},"modified":"2024-02-17T19:28:55","modified_gmt":"2024-02-17T18:28:55","slug":"kolik-davek-pfizeru-dostal-navalnyj-jako-prominent-v-nemecku-dalsi-syndrom-nahleho-umrti","status":"publish","type":"post","link":"https:\/\/www.infokuryr.cz\/n\/2024\/02\/18\/kolik-davek-pfizeru-dostal-navalnyj-jako-prominent-v-nemecku-dalsi-syndrom-nahleho-umrti\/","title":{"rendered":"Kolik d\u00e1vek Pfizeru dostal Navalnyj jako prominent v N\u011bmecku? Dal\u0161\u00ed syndrom n\u00e1hl\u00e9ho \u00famrt\u00ed?"},"content":{"rendered":"<div id=\"fb-root\"><\/div>\n<div class=\"introtext\">\n<p><span style=\"font-size: 14pt;\"><strong>N\u00e1hl\u00e1 \u00famrt\u00ed, kter\u00e1 se podobaj\u00ed jako vejce vejci. Dlouho se firmy zakl\u00ednaly d\u016fkazy, kter\u00e9 se v\u0161ak nesm\u011bly vy\u0161et\u0159ovat, a ve smlouv\u00e1ch byly \u010dern\u00e9.<\/strong><\/span><\/p>\n<\/div>\n<div class=\"fulltext\">\n<p>I u n\u00e1s se u\u017e za\u010dalo v prosinci 2020 o\u010dkovat nevyzkou\u0161enou vakc\u00ednou Pfizer, Astra Zeneca, kter\u00e1 se pak vy\u0159adila a testy se prov\u00e1d\u011bly p\u0159\u00edmo na lidech.<\/p>\n<p><span style=\"font-size: 18pt;\"><strong>Na konci roku 2022<\/strong><\/span><\/p>\n<p>Podle nov\u00e9 thajsk\u00e9 studie, o n\u00ed\u017e informoval server LifeSiteNews, t\u00e9m\u011b\u0159 30 % d\u011bt\u00ed, kter\u00e9 dostaly vakc\u00ednu COVID-19 na b\u00e1zi mRNA spole\u010dnosti Pfizer, trp\u011blo srde\u010dn\u00edmi n\u00e1sledky. Studie, kter\u00e1 byla publikov\u00e1na jako preprint, zkoumala 301 thajsk\u00fdch student\u016f ve v\u011bku 13 a\u017e 18 let, kte\u0159\u00ed obdr\u017eeli prvn\u00ed d\u00e1vku vakc\u00edny bez ne\u017e\u00e1douc\u00edch \u00fa\u010dink\u016f, aby zjistila, jak reagovali na druhou d\u00e1vku. V\u00fdsledky jsou obzvl\u00e1\u0161t\u011b z\u00e1va\u017en\u00e9: u 29,24 % pacient\u016f byly zji\u0161t\u011bny kardiovaskul\u00e1rn\u00ed \u00fa\u010dinky, od tachykardie, palpitac\u00ed, perikarditidy a\u017e po myoperikarditidu, dokl\u00e1d\u00e1 preprint, kter\u00fd proto doporu\u010duje, aby byli adolescenti, kte\u0159\u00ed dost\u00e1vaj\u00ed mRNA vakc\u00edny, sledov\u00e1ni z hlediska ne\u017e\u00e1douc\u00edch \u00fa\u010dink\u016f.<\/p>\n<p><a href=\"https:\/\/stranapro.cz\/\"><img decoding=\"async\" loading=\"lazy\" class=\"alignnone wp-image-40285 aligncenter\" src=\"http:\/\/www.infokuryr.cz\/n\/wp-content\/uploads\/2023\/11\/11pro-300x79.png\" alt=\"\" width=\"551\" height=\"145\" srcset=\"https:\/\/www.infokuryr.cz\/n\/wp-content\/uploads\/2023\/11\/11pro-300x79.png 300w, https:\/\/www.infokuryr.cz\/n\/wp-content\/uploads\/2023\/11\/11pro.png 363w\" sizes=\"(max-width: 551px) 100vw, 551px\" \/><\/a><\/p>\n<p>Je rok 2024 a podez\u0159en\u00ed ze zes\u00edlen\u00ed n\u00e1hl\u00e9ho \u00famrt\u00ed po vakc\u00edn\u011b mRNA se mno\u017e\u00ed. Z lajck\u00e9ho pohledu prost\u011b \u010dlov\u011bk n\u00e1hle zkolabuje a v\u011bt\u0161inou u\u017e se nezachr\u00e1n\u00ed.<\/p>\n<p>Zda to dob\u011bhlo i Navaln\u00e9ho, kter\u00fd byl jako prominent v tu dobu v N\u011bmecku t\u011b\u017eko \u0159\u00edct. I kdyby to studie a pitva potvrdila, z\u00e1pad to stejn\u011b zpochybn\u00ed.<\/p>\n<p><strong>Dnes nen\u00ed doba na pravdu, pouze oso\u010dov\u00e1n\u00ed a le\u017e.<\/strong>\u00a0Dokonce u\u017e mnoz\u00ed politici na z\u00e1pad\u011b ud\u011blali pitvu a ur\u010dili diagnosu. N\u011bkte\u0159\u00ed jako D\u017eamila d\u011blali pitvu je\u0161t\u011b za \u017eiva a z televize. Pravdou je, \u017ee jedin\u00fd l\u00e9ka\u0159, kter\u00fd ur\u010dil diagnosu tenkr\u00e1t Navaln\u00e9ho, byla Merkelov\u00e1. Novi\u010dok. Pak se t\u0159\u00e1sla jako sulc.<\/p>\n<p><strong>A ve vzduchu s\u00edl\u00ed ot\u00e1zka:<\/strong><\/p>\n<p><span style=\"font-size: 18pt;\"><strong>Qui bono? Komu jeho smrt slou\u017e\u00ed? V\u00e1\u017en\u011b by byl nebezpe\u010dn\u00fd Putinovi? K sm\u00edchu&#8230;<\/strong><\/span><\/p>\n<p><em>Souvisej\u00edc\u00ed<\/em><\/p>\n<h3 class=\"LC20lb MBeuO DKV0Md\"><a href=\"https:\/\/www.google.com\/url?sa=t&amp;rct=j&amp;q=&amp;esrc=s&amp;source=web&amp;cd=&amp;ved=2ahUKEwil2v-Q8bGEAxVa_rsIHTe2Bg4QFnoECA0QAQ&amp;url=https%3A%2F%2Fwww.skrytapravda.cz%2Findex.php%3Foption%3Dcom_content%26view%3Darticle%26id%3D3508&amp;usg=AOvVaw3uxEq0aRToTs2OkIenHtyj&amp;opi=89978449\" target=\"_blank\" rel=\"noopener\" data-jsarwt=\"1\" data-usg=\"AOvVaw3uxEq0aRToTs2OkIenHtyj\" data-ved=\"2ahUKEwil2v-Q8bGEAxVa_rsIHTe2Bg4QFnoECA0QAQ\" data-ctbtn=\"0\" data-cthref=\"\/url?sa=t&amp;rct=j&amp;q=&amp;esrc=s&amp;source=web&amp;cd=&amp;ved=2ahUKEwil2v-Q8bGEAxVa_rsIHTe2Bg4QFnoECA0QAQ&amp;url=https%3A%2F%2Fwww.skrytapravda.cz%2Findex.php%3Foption%3Dcom_content%26view%3Darticle%26id%3D3508&amp;usg=AOvVaw3uxEq0aRToTs2OkIenHtyj&amp;opi=89978449\" data-jrwt=\"1\">Kruh se uzav\u00edr\u00e1: travi\u010dka Navaln\u00e9ho z Brit\u00e1nie Marija Pev\u010dich s &#8230;<\/a><\/h3>\n<p><a href=\"https:\/\/www.skrytapravda.cz\/ze-zahranici\/1734-kolik-davek-pfizeru-dostal-navalnyj-jako-prominent-v-nemecku-dalsi-syndrom-nahleho-umrti\">Petr Pokorn\u00fd<\/a><\/p>\n<\/div>\n<p>&nbsp;<\/p>\n","protected":false},"excerpt":{"rendered":"<p>N\u00e1hl\u00e1 \u00famrt\u00ed, kter\u00e1 se podobaj\u00ed jako vejce vejci. Dlouho se firmy zakl\u00ednaly d\u016fkazy, kter\u00e9 se&#8230;<\/p>\n","protected":false},"author":2,"featured_media":47323,"comment_status":"closed","ping_status":"closed","sticky":false,"template":"","format":"standard","meta":[],"categories":[6],"tags":[29,694,175,213],"_links":{"self":[{"href":"https:\/\/www.infokuryr.cz\/n\/wp-json\/wp\/v2\/posts\/47322"}],"collection":[{"href":"https:\/\/www.infokuryr.cz\/n\/wp-json\/wp\/v2\/posts"}],"about":[{"href":"https:\/\/www.infokuryr.cz\/n\/wp-json\/wp\/v2\/types\/post"}],"author":[{"embeddable":true,"href":"https:\/\/www.infokuryr.cz\/n\/wp-json\/wp\/v2\/users\/2"}],"replies":[{"embeddable":true,"href":"https:\/\/www.infokuryr.cz\/n\/wp-json\/wp\/v2\/comments?post=47322"}],"version-history":[{"count":0,"href":"https:\/\/www.infokuryr.cz\/n\/wp-json\/wp\/v2\/posts\/47322\/revisions"}],"wp:featuredmedia":[{"embeddable":true,"href":"https:\/\/www.infokuryr.cz\/n\/wp-json\/wp\/v2\/media\/47323"}],"wp:attachment":[{"href":"https:\/\/www.infokuryr.cz\/n\/wp-json\/wp\/v2\/media?parent=47322"}],"wp:term":[{"taxonomy":"category","embeddable":true,"href":"https:\/\/www.infokuryr.cz\/n\/wp-json\/wp\/v2\/categories?post=47322"},{"taxonomy":"post_tag","embeddable":true,"href":"https:\/\/www.infokuryr.cz\/n\/wp-json\/wp\/v2\/tags?post=47322"}],"curies":[{"name":"wp","href":"https:\/\/api.w.org\/{rel}","templated":true}]}}