{"id":47321,"date":"2024-02-18T00:49:07","date_gmt":"2024-02-17T23:49:07","guid":{"rendered":"https:\/\/www.infokuryr.cz\/n\/?p=47321"},"modified":"2024-02-17T19:23:40","modified_gmt":"2024-02-17T18:23:40","slug":"zelenskij-vysvetluje-panicky-utek-z-avdejevky","status":"publish","type":"post","link":"https:\/\/www.infokuryr.cz\/n\/2024\/02\/18\/zelenskij-vysvetluje-panicky-utek-z-avdejevky\/","title":{"rendered":"Zelenskij vysv\u011btluje panick\u00fd \u00fat\u011bk z Avd\u011bjevky"},"content":{"rendered":"<div id=\"fb-root\"><\/div>\n<p><span style=\"font-size: 18pt;\"><strong>Ukrajin\u0161t\u00ed voj\u00e1ci se stahuj\u00ed, aby se vyhnuli obkl\u00ed\u010den\u00ed a zni\u010den\u00ed, \u0159ekl prezident<\/strong><\/span><\/p>\n<p><span>Rozhodnut\u00ed ukrajinsk\u00e9 arm\u00e1dy st\u00e1hnout se z donbask\u00e9 pevnosti Avd\u011bjevka pod ne\u00faprosn\u00fdm rusk\u00fdm tlakem bylo <\/span><em><span>\u201enaprosto logick\u00e9\u201c,<\/span><\/em><span>\u00a0prohl\u00e1sil prezident Vladimir Zelenskij. Vysv\u011btlil, \u017ee se t\u00edm Kyjev vyh\u00fdb\u00e1 velk\u00fdm ztr\u00e1t\u00e1m.<\/span><\/p>\n<p><span>Ozn\u00e1men\u00ed o \u00fastupu v p\u00e1tek u\u010dinil gener\u00e1l Aleksandr Syrskij, ned\u00e1vno jmenovan\u00fd ukrajinsk\u00fd vrchn\u00ed velitel, kter\u00fd \u0159ekl, \u017ee c\u00edlem rozhodnut\u00ed je\u00a0<\/span><em><span>\u201estabilizovat situaci\u201c<\/span><\/em><span>\u00a0a pomoci Kyjevu udr\u017eet sv\u00e9 pozice.<\/span><\/p>\n<p><span>Jeho pozn\u00e1mky se objevily v n\u00e1vaznosti na zpr\u00e1vy z frontov\u00e9 linie, kter\u00e9 nazna\u010dovaly, \u017ee ukrajinsk\u00e9 jednotky v Avd\u011bjevce jsou v zoufal\u00e9 situaci. Vysok\u00fd velitel ukrajinsk\u00e9 3. \u00fato\u010dn\u00e9 brig\u00e1dy, kter\u00e1 byla ned\u00e1vno nal\u00e9hav\u011b p\u0159em\u00edst\u011bna do sektoru, v p\u00e1tek ozna\u010dil situaci za\u00a0<\/span><em><span>\u201ekritickou\u201c<\/span><\/em><span>\u00a0a dodal, \u017ee \u010d\u00e1sti jednotky byly obkl\u00ed\u010deny. N\u011bkolik zpr\u00e1v z m\u00e9di\u00ed tak\u00e9 nazna\u010dovalo, \u017ee se rusk\u00fdm jednotk\u00e1m poda\u0159ilo p\u0159e\u0159\u00edznout hlavn\u00ed logistickou trasu do bojovan\u00e9ho m\u011bsta.<\/span><\/p>\n<p><span>Zelenskyj se v sobotu na mnichovsk\u00e9 bezpe\u010dnostn\u00ed konferenci pokusil zleh\u010dit nejnov\u011bj\u0161\u00ed v\u00fdvoj a vysv\u011btlil, \u017ee\u00a0<\/span><em><span>\u201eaby se zabr\u00e1nilo obkl\u00ed\u010den\u00ed, bylo rozhodnuto st\u00e1hnout se na jin\u00e9 pozice\u201c.<\/span><\/em><span>\u00a0To bylo u\u010din\u011bno, aby\u00a0<\/span><em><span>&#8222;udr\u017eel maxim\u00e1ln\u00ed po\u010det Ukrajinc\u016f v bezpe\u010d\u00ed&#8220;,<\/span><\/em><span>\u00a0\u0159ekl prezident a trval na tom, \u017ee to byla spr\u00e1vn\u00e1 v\u00fdzva.<\/span><\/p>\n<p><span>Poznamenal tak\u00e9, \u017ee to\u00a0<\/span><em><span>\u201eneznamen\u00e1, \u017ee se lid\u00e9 st\u00e1hli kilometry zp\u011bt a Rusko cokoliv zajalo\u201c.<\/span><\/em><span>\u00a0Zelenskyj tvrdil, \u017ee Moskv\u011b se poda\u0159ilo\u00a0<\/span><em><span>\u201epouze zni\u010dit n\u011bkolik mal\u00fdch osad a m\u011bst\u201c,<\/span><\/em><span> p\u0159i\u010dem\u017e v\u011bt\u0161ina \u0161kod byla na \u017eivotech Ukrajinc\u016f.<\/span><\/p>\n<p><span>Navzdory posledn\u00edmu ne\u00fasp\u011bchu ukrajinsk\u00fd v\u016fdce trval na tom, \u017ee Kyjev st\u00e1le vyhraje, a tvrdil, \u017ee jej omezuje pouze nedostatek odpov\u00eddaj\u00edc\u00edch zbran\u00ed.\u00a0<\/span><em><span>\u201eZ\u00e1le\u017e\u00ed nejen na n\u00e1s. A situace v Avd\u011bjevce to potvrzuje. Bohu\u017eel, udr\u017eov\u00e1n\u00ed Ukrajiny v um\u011bl\u00e9m nedostatku zbran\u00ed&#8230; umo\u017e\u0148uje [rusk\u00e9mu prezidentovi Vladimiru] Putinovi p\u0159izp\u016fsobit se intenzit\u011b nep\u0159\u00e1telstv\u00ed,\u201c<\/span><\/em><span>\u00a0st\u011b\u017eoval si.<\/span><\/p>\n<p><span>Avd\u011bjevka je m\u011bstem v prvn\u00ed linii od roku 2014, kdy poprv\u00e9 vypuklo nep\u0159\u00e1telstv\u00ed v Donbasu po p\u0159evratu v Kyjev\u011b podporovan\u00e9m Z\u00e1padem. Oblast byla \u010dasto vyu\u017e\u00edv\u00e1na ukrajinskou arm\u00e1dou k ost\u0159elov\u00e1n\u00ed obytn\u00fdch \u010dtvrt\u00ed v Don\u011bcku, kter\u00e9 se nach\u00e1zej\u00ed pouh\u00fdch 20 km od m\u011bsta.<\/span><\/p>\n<p><span>Mezit\u00edm nejmenovan\u00fd p\u0159edstavitel Pentagonu v p\u00e1tek nazna\u010dil, \u017ee Ukrajina mo\u017en\u00e1 brzy nebude schopna udr\u017eet linii proti Rusku, pokud Kongres neschv\u00e1l\u00ed novou \u017e\u00e1dost o financov\u00e1n\u00ed. Ned\u00e1vno se Sn\u011bmovn\u011b reprezentant\u016f USA nepoda\u0159ilo schv\u00e1lit dodate\u010dn\u00fdch 60 miliard dolar\u016f na pomoc Ukrajin\u011b pot\u00e9, co republik\u00e1ni po\u017eadovali dal\u0161\u00ed opat\u0159en\u00ed ke zlep\u0161en\u00ed bezpe\u010dnosti na ji\u017en\u00ed hranici USA.<\/span><\/p>\n<p><img decoding=\"async\" loading=\"lazy\" class=\"alignnone size-full wp-image-1185\" src=\"http:\/\/www.infokuryr.cz\/n\/wp-content\/uploads\/2021\/04\/kuryr-podpis.png\" alt=\"\" width=\"84\" height=\"24\" \/><\/p>\n<p>&nbsp;<\/p>\n<p>&nbsp;<\/p>\n","protected":false},"excerpt":{"rendered":"<p>Ukrajin\u0161t\u00ed voj\u00e1ci se stahuj\u00ed, aby se vyhnuli obkl\u00ed\u010den\u00ed a zni\u010den\u00ed, \u0159ekl prezident Rozhodnut\u00ed ukrajinsk\u00e9 arm\u00e1dy&#8230;<\/p>\n","protected":false},"author":2,"featured_media":39731,"comment_status":"closed","ping_status":"closed","sticky":false,"template":"","format":"standard","meta":[],"categories":[7],"tags":[80,26,3295,1000],"_links":{"self":[{"href":"https:\/\/www.infokuryr.cz\/n\/wp-json\/wp\/v2\/posts\/47321"}],"collection":[{"href":"https:\/\/www.infokuryr.cz\/n\/wp-json\/wp\/v2\/posts"}],"about":[{"href":"https:\/\/www.infokuryr.cz\/n\/wp-json\/wp\/v2\/types\/post"}],"author":[{"embeddable":true,"href":"https:\/\/www.infokuryr.cz\/n\/wp-json\/wp\/v2\/users\/2"}],"replies":[{"embeddable":true,"href":"https:\/\/www.infokuryr.cz\/n\/wp-json\/wp\/v2\/comments?post=47321"}],"version-history":[{"count":0,"href":"https:\/\/www.infokuryr.cz\/n\/wp-json\/wp\/v2\/posts\/47321\/revisions"}],"wp:featuredmedia":[{"embeddable":true,"href":"https:\/\/www.infokuryr.cz\/n\/wp-json\/wp\/v2\/media\/39731"}],"wp:attachment":[{"href":"https:\/\/www.infokuryr.cz\/n\/wp-json\/wp\/v2\/media?parent=47321"}],"wp:term":[{"taxonomy":"category","embeddable":true,"href":"https:\/\/www.infokuryr.cz\/n\/wp-json\/wp\/v2\/categories?post=47321"},{"taxonomy":"post_tag","embeddable":true,"href":"https:\/\/www.infokuryr.cz\/n\/wp-json\/wp\/v2\/tags?post=47321"}],"curies":[{"name":"wp","href":"https:\/\/api.w.org\/{rel}","templated":true}]}}