{"id":47320,"date":"2024-02-18T00:48:20","date_gmt":"2024-02-17T23:48:20","guid":{"rendered":"https:\/\/www.infokuryr.cz\/n\/?p=47320"},"modified":"2024-02-17T19:16:51","modified_gmt":"2024-02-17T18:16:51","slug":"eu-suzuje-nova-skryta-inflace","status":"publish","type":"post","link":"https:\/\/www.infokuryr.cz\/n\/2024\/02\/18\/eu-suzuje-nova-skryta-inflace\/","title":{"rendered":"EU su\u017euje nov\u00e1 skryt\u00e1 inflace"},"content":{"rendered":"<div id=\"fb-root\"><\/div>\n<p><span style=\"font-size: 18pt;\"><strong>\u010clenka Evropsk\u00e9ho parlamentu Biljana Borzanov\u00e1 vyzvala z\u00e1konod\u00e1rn\u00fd sbor, aby se zab\u00fdval fenom\u00e9nem \u201eskimpflation\u201c, kter\u00fd podle n\u00ed za\u010dal ukrajinsk\u00fdm konfliktem<\/strong><\/span><\/p>\n<p><span>Kvalita zbo\u017e\u00ed a slu\u017eeb trp\u00ed v cel\u00e9 EU kv\u016fli \u201eskimpflaci\u201c,\u00a0<\/span><a href=\"https:\/\/www.europarl.europa.eu\/doceo\/document\/P-9-2024-000488_EN.html\" target=\"_blank\" rel=\"noopener noreferrer\"><span>varovala<\/span><\/a><span>\u00a0tento t\u00fdden poslankyn\u011b Evropsk\u00e9ho parlamentu Biljana Borzan z Chorvatska.<\/span><\/p>\n<p><span>Tento term\u00edn se vztahuje k \u00fasporn\u00e9 praxi\u00a0<\/span><em><span>\u201eu\u0161et\u0159ov\u00e1n\u00ed\u201c<\/span><\/em><span>\u00a0na kvalit\u011b produkt\u016f nebo slu\u017eeb p\u0159i zachov\u00e1n\u00ed st\u00e1l\u00fdch cen za \u00fa\u010delem ochrany mar\u017e\u00ed. Skimpflation se m\u016f\u017ee projevit v \u010demkoli, od sni\u017eov\u00e1n\u00ed po\u010dtu zam\u011bstnanc\u016f v obchodech, po nahrazov\u00e1n\u00ed vysoce kvalitn\u00edch surovin ve v\u00fdrobc\u00edch m\u00e9n\u011b kvalitn\u00edmi nebo pou\u017e\u00edv\u00e1n\u00ed levn\u011bj\u0161\u00edch v\u00fdrobn\u00edch metod nebo za\u0159\u00edzen\u00ed.<\/span><\/p>\n<p><span>Podle Borzana jsou supermarkety v EU su\u017eov\u00e1ny takov\u00fdmi praktikami od za\u010d\u00e1tku ukrajinsk\u00e9ho konfliktu, i kdy\u017e skute\u010dn\u00e9 hodnoty inflace\u00a0<\/span><em><span>\u201eji\u017e nejsou na rekordn\u011b vysok\u00fdch \u00farovn\u00edch\u201c.<\/span><\/em><\/p>\n<p><em><span>\u201eOd rusk\u00e9 invaze na Ukrajinu byly p\u0159i v\u00fdrob\u011b mnoha potravin\u00e1\u0159sk\u00fdch produkt\u016f kvalitn\u011bj\u0161\u00ed suroviny nahrazov\u00e1ny m\u00e9n\u011b kvalitn\u00edmi. Toto opat\u0159en\u00ed bylo p\u016fvodn\u011b zam\u00fd\u0161leno jako do\u010dasn\u00e9, ale p\u0159etrvalo dodnes. Nap\u0159\u00edklad nedostatek slune\u010dnicov\u00e9ho oleje vedl k jeho nahrazen\u00ed palmov\u00fdm olejem v n\u011bkter\u00fdch v\u00fdrobc\u00edch,\u201c<\/span><\/em><span>\u00a0napsal Borzan ve v\u00fdzv\u011b k Evropsk\u00e9 komisi zve\u0159ejn\u011bn\u00e9 na ofici\u00e1ln\u00edch str\u00e1nk\u00e1ch Evropsk\u00e9ho parlamentu. Poznamenala, \u017ee trh bloku\u00a0<\/span><em><span>\u201ese stabilizoval\u201c,<\/span><\/em><span>\u00a0ale \u017ee n\u011bkte\u0159\u00ed v\u00fdrobci nad\u00e1le pou\u017e\u00edvaj\u00ed palmov\u00fd olej, proto\u017ee je levn\u011bj\u0161\u00ed.<\/span><\/p>\n<p><em><span>&#8222;Znepokojiv\u00e9 je zejm\u00e9na to, \u017ee n\u011bkte\u0159\u00ed v\u00fdrobci neinformovali spot\u0159ebitele o zm\u011bn\u00e1ch slo\u017eek na obalech a nutri\u010dn\u00ed hodnoty ji\u017e neodpov\u00eddaj\u00ed p\u016fvodn\u00edm \u00fadaj\u016fm,&#8220;<\/span><\/em><span>\u00a0zd\u016fraznila. Vyzvala Komisi, aby tuto praxi analyzovala, aby zjistila, zda je\u00a0<\/span><em><span>pro spot\u0159ebitele \u201eklamav\u00e1\u201c<\/span><\/em><span>\u00a0, a aby p\u0159ipravila opat\u0159en\u00ed k jej\u00edmu potla\u010den\u00ed.<\/span><\/p>\n<p><span>Borzan\u016fv dopis zat\u00edm nedostal ofici\u00e1ln\u00ed odpov\u011b\u010f od z\u00e1konod\u00e1rn\u00e9ho sboru.<\/span><\/p>\n<p><span>EU byla v posledn\u00edch dvou letech zasa\u017eena kriz\u00ed \u017eivotn\u00edch n\u00e1klad\u016f, kdy rekordn\u00ed \u00farovn\u011b inflace stla\u010dily rozpo\u010dty dom\u00e1cnost\u00ed, zat\u00edmco mnoho spole\u010dnost\u00ed zaniklo kv\u016fli prudce rostouc\u00edm cen\u00e1m surovin a energie. Blok se jen t\u011bsn\u011b vyhnul ukon\u010den\u00ed roku 2023 reces\u00ed. \u0158ada analytik\u016f spojuje pot\u00ed\u017ee se sankcemi Bruselu v\u016f\u010di Rusku, kter\u00e9 vedly k tomu, \u017ee blok ztratil p\u0159\u00edstup k levn\u00fdm zdroj\u016fm energie v zemi.<\/span><\/p>\n<p><img decoding=\"async\" loading=\"lazy\" class=\"alignnone size-full wp-image-1185\" src=\"http:\/\/www.infokuryr.cz\/n\/wp-content\/uploads\/2021\/04\/kuryr-podpis.png\" alt=\"\" width=\"84\" height=\"24\" \/><\/p>\n<p>&nbsp;<\/p>\n<p>&nbsp;<\/p>\n","protected":false},"excerpt":{"rendered":"<p>\u010clenka Evropsk\u00e9ho parlamentu Biljana Borzanov\u00e1 vyzvala z\u00e1konod\u00e1rn\u00fd sbor, aby se zab\u00fdval fenom\u00e9nem \u201eskimpflation\u201c, kter\u00fd podle&#8230;<\/p>\n","protected":false},"author":2,"featured_media":20629,"comment_status":"closed","ping_status":"closed","sticky":false,"template":"","format":"standard","meta":[],"categories":[7],"tags":[59,41,683],"_links":{"self":[{"href":"https:\/\/www.infokuryr.cz\/n\/wp-json\/wp\/v2\/posts\/47320"}],"collection":[{"href":"https:\/\/www.infokuryr.cz\/n\/wp-json\/wp\/v2\/posts"}],"about":[{"href":"https:\/\/www.infokuryr.cz\/n\/wp-json\/wp\/v2\/types\/post"}],"author":[{"embeddable":true,"href":"https:\/\/www.infokuryr.cz\/n\/wp-json\/wp\/v2\/users\/2"}],"replies":[{"embeddable":true,"href":"https:\/\/www.infokuryr.cz\/n\/wp-json\/wp\/v2\/comments?post=47320"}],"version-history":[{"count":0,"href":"https:\/\/www.infokuryr.cz\/n\/wp-json\/wp\/v2\/posts\/47320\/revisions"}],"wp:featuredmedia":[{"embeddable":true,"href":"https:\/\/www.infokuryr.cz\/n\/wp-json\/wp\/v2\/media\/20629"}],"wp:attachment":[{"href":"https:\/\/www.infokuryr.cz\/n\/wp-json\/wp\/v2\/media?parent=47320"}],"wp:term":[{"taxonomy":"category","embeddable":true,"href":"https:\/\/www.infokuryr.cz\/n\/wp-json\/wp\/v2\/categories?post=47320"},{"taxonomy":"post_tag","embeddable":true,"href":"https:\/\/www.infokuryr.cz\/n\/wp-json\/wp\/v2\/tags?post=47320"}],"curies":[{"name":"wp","href":"https:\/\/api.w.org\/{rel}","templated":true}]}}