{"id":4732,"date":"2021-09-14T03:35:02","date_gmt":"2021-09-14T01:35:02","guid":{"rendered":"http:\/\/www.infokuryr.cz\/n\/?p=4732"},"modified":"2021-09-14T03:35:02","modified_gmt":"2021-09-14T01:35:02","slug":"nenavistne-pokrytectvi-v-britanii-posedle-tresty-za-zlociny-z-nenavisti-se-nenavist-vuci-odmitacum-ockovani-setkava-se-souhlasem-establishmentu","status":"publish","type":"post","link":"https:\/\/www.infokuryr.cz\/n\/2021\/09\/14\/nenavistne-pokrytectvi-v-britanii-posedle-tresty-za-zlociny-z-nenavisti-se-nenavist-vuci-odmitacum-ockovani-setkava-se-souhlasem-establishmentu\/","title":{"rendered":"Nen\u00e1vistn\u00e9 pokrytectv\u00ed: V Brit\u00e1nii posedl\u00e9 tresty za zlo\u010diny z nen\u00e1visti se nen\u00e1vist v\u016f\u010di odm\u00edta\u010d\u016fm o\u010dkov\u00e1n\u00ed setk\u00e1v\u00e1 se souhlasem establishmentu"},"content":{"rendered":"<div id=\"fb-root\"><\/div>\n<section class=\"perex\">V probuzen\u00e9 Brit\u00e1nii tolik sly\u0161\u00edme o &#8222;zlo\u010dinech z nen\u00e1visti&#8220; a o tom, jak je to hrozn\u00e9. Ale pr\u00e1v\u011b te\u010f jsme uprost\u0159ed mimo\u0159\u00e1dn\u011b odporn\u00e9 kampan\u011b proti t\u011bm, kte\u0159\u00ed si nep\u0159ej\u00ed o\u010dkov\u00e1n\u00ed vakc\u00ednou Covid, a n\u011bjak se ta nen\u00e1vist pova\u017euje za p\u0159ijatelnou.<\/p>\n<\/section>\n<section class=\"clanek-obsah\">\n<div class=\"ramecek\">\n<p>Na Dvou minut\u00e1ch nen\u00e1visti nebylo tak hrozn\u00e9, \u017ee se jich \u010dlov\u011bk musel \u00fa\u010dastnit, ale \u017ee bylo nemo\u017en\u00e9 nezapojit se. Po t\u0159iceti vte\u0159in\u00e1ch se u\u017e nikdo nemusel p\u0159etva\u0159ovat.<\/p>\n<p>Odporn\u00e1 ext\u00e1ze strachu a pomstychtivosti, touha zab\u00edjet, mu\u010dit, rozsekat obli\u010deje kov\u00e1\u0159sk\u00fdm kladivem, projela v\u0161emi jako elektrick\u00fd proud a zm\u011bnila ka\u017ed\u00e9ho i proti jeho v\u016fli v je\u010d\u00edc\u00edho \u0161\u00edlence. Byla to v\u0161ak zu\u0159ivost abstraktn\u00ed a p\u0159\u00edmo nesm\u011brovan\u00e1, tak\u017ee se dala p\u0159en\u00e9st z jednoho p\u0159edm\u011btu na druh\u00fd jako plamen z plamenometu.<\/p>\n<p>Z knihy George Orwella &#8222;1984&#8220;.<\/p>\n<\/div>\n<p>&#8222;Sobe\u010dt\u00ed idioti.&#8220; &#8222;Odm\u00edta\u010di.&#8220; &#8222;Antivaxer\u0161t\u00ed bl\u00e1zni.&#8220; &#8222;Dr\u017e\u00ed zemi jako v\u00fdkupn\u00e9.&#8220; &#8222;Hrozba pro jejich vlastn\u00ed i na\u0161e zdrav\u00ed.&#8220; &#8222;Jsou jako \u0159idi\u010di pod vlivem alkoholu.&#8220; Jen n\u011bkolik z ur\u00e1\u017eek, kter\u00e9 se snesly na Brity, kte\u0159\u00ed se navzdory nejv\u011bt\u0161\u00ed propaga\u010dn\u00ed kampani v na\u0161ich d\u011bjin\u00e1ch rozhodli, \u017ee si nep\u0159ej\u00ed vz\u00edt n\u011bkterou z nov\u011b uv\u00e1d\u011bn\u00fdch vakc\u00edn Covid.<\/p>\n<p>Svoboda volby? T\u011blesn\u00e1 autonomie? Zd\u00e1 se, \u017ee tato pr\u00e1va sho\u0159ela na prach, stejn\u011b jako v\u0161echna ostatn\u00ed z\u00e1kladn\u00ed pr\u00e1va, o kter\u00e1 jsme v Brit\u00e1nii za posledn\u00edch 15 m\u011bs\u00edc\u016f p\u0159i\u0161li. P\u00ed\u0161e se rok 2021, ale ve skute\u010dnosti \u017eijeme v Orwellov\u011b &#8222;1984&#8220; s ka\u017edodenn\u00edmi &#8222;dv\u011bma minutami nen\u00e1visti&#8220;.<\/p>\n<p>Cel\u00e1 \u0159ada protivn\u00fdch novinov\u00fdch publicist\u016f, rozhlasov\u00fdch &#8222;\u0161ok\u00e9r\u016f&#8220; a n\u011bkter\u00fdch &#8222;celebrit&#8220; se sna\u017e\u00ed b\u00fdt co nejhrub\u0161\u00ed k t\u011bm, kte\u0159\u00ed se necht\u011bj\u00ed d\u00e1t p\u00edchnout &#8211; a vyz\u00fdvaj\u00ed k pou\u017eit\u00ed extr\u00e9mn\u00edch opat\u0159en\u00ed proti nim, kter\u00e1 by se hodila sp\u00ed\u0161e do totalitn\u00edho st\u00e1tu v Evrop\u011b v polovin\u011b 30. let ne\u017e do zem\u011b, kter\u00e1 se st\u00e1le pova\u017euje za &#8222;demokratickou&#8220;. Nebo dokonce s Pretori\u00ed kolem roku 1965.<\/p>\n<p>Apartheid, kter\u00fd jsme v\u0161ichni odsuzovali, kdy\u017e platil v Jihoafrick\u00e9 republice, pro\u0161el v roce 2021 zm\u011bnou v oblasti ve\u0159ejn\u00e9ho zdrav\u00ed a je op\u011bt v m\u00f3d\u011b: &#8222;pasy pro o\u010dkov\u00e1n\u00ed Covid&#8220; nahradily &#8222;z\u00e1kony o pr\u016fkazech&#8220;.<\/p>\n<p>&#8222;<i>L\u00edb\u00ed se mi my\u0161lenka kovidov\u00fdch o\u010dkovac\u00edch pas\u016f pro v\u0161echno: lety, restaurace, kluby, fotbal, t\u011blocvi\u010dny, obchody atd. Je na\u010dase, aby se protivaxer\u0161t\u00ed mago\u0159i, kte\u0159\u00ed pop\u00edraj\u00ed covidy, nechali sly\u0161et, \u017ee blafuj\u00ed, a zak\u00e1zali si chodit kamkoli, kam chod\u00ed zodpov\u011bdn\u00ed ob\u010dan\u00e9,<\/i>&#8220;\u00a0<a href=\"https:\/\/twitter.com\/piersmorgan\/status\/1360933501739159552\" target=\"_blank\" rel=\"external noopener\">napsal<\/a>\u00a0na Twitteru medi\u00e1ln\u00ed \u017evanil Piers Morgan.<\/p>\n<p>Nick Cohen\u00a0<a href=\"https:\/\/www.theguardian.com\/commentisfree\/2021\/feb\/27\/it-is-only-a-matter-of-time-before-we-turn-on-the-unvaccinated\" target=\"_blank\" rel=\"external noopener\">napsal<\/a>\u00a0pro Observer \u010dl\u00e1nek s n\u00e1zvem &#8222;<i>Je jen ot\u00e1zkou \u010dasu, kdy se obr\u00e1t\u00edme proti neo\u010dkovan\u00fdm<\/i>&#8222;. &#8222;<i>Rozumn\u00ed lid\u00e9 se budou pt\u00e1t, pro\u010d by m\u011bli nad\u00e1le p\u0159ij\u00edmat omezen\u00ed sv\u00fdch svobod kv\u016fli nev\u011bdom\u00fdm blud\u016fm,<\/i>&#8220; napsal.<\/p>\n<p>Sloupka\u0159 Richard Littlejohn\u00a0<a href=\"https:\/\/www.dailymail.co.uk\/debate\/article-9276259\/RICHARD-LITTLEJOHN-No-jab-no-job-no-brainer.html\" target=\"_blank\" rel=\"external noopener\">za\u0161el je\u0161t\u011b d\u00e1l<\/a>\u00a0a vyzval neo\u010dkovan\u00e9, aby se ve\u0159ejn\u011b prohl\u00e1sili za &#8222;ne\u010dist\u00e9&#8220;. &#8222;<i>Pokud se n\u011bkter\u00fdm lidem nel\u00edb\u00ed my\u0161lenka, \u017ee by se m\u011bli nechat o\u010dkovat, je to t\u011b\u017ek\u00e9. J\u00e1 bych je nenutil. Ale mo\u017en\u00e1 by odm\u00edtaj\u00edc\u00ed m\u011bli nosit na krku zvonek a na sendvi\u010dov\u00e9 tabuli prohla\u0161ovat, \u017ee jsou &#8218;ne\u010dist\u00ed&#8216;,&#8220; napsal v den\u00edku Daily Mail v \u010dl\u00e1nku nazvan\u00e9m &#8222;\u017d\u00e1dn\u00e9 o\u010dkov\u00e1n\u00ed, \u017e\u00e1dn\u00e1 pr\u00e1ce &#8211; to je bez debat<\/i>&#8222;.<\/p>\n<p>Podobn\u011b se zachoval i Sean O&#8217;Grady, spolupracovn\u00edk \u00fadajn\u011b &#8222;liber\u00e1ln\u00edho&#8220; listu Independent.\u00a0<a href=\"https:\/\/www.independent.co.uk\/voices\/antivaxxers-vaccine-coronavirus-nhs-b1849437.html\" target=\"_blank\" rel=\"external noopener\">Jeho \u010dl\u00e1nek<\/a>, zve\u0159ejn\u011bn\u00fd po\u010d\u00e1tkem tohoto t\u00fddne, nesl n\u00e1zev &#8222;<i>Tohle ud\u011bl\u00e1me s antivaxery: \u017d\u00e1dn\u00e1 pr\u00e1ce. \u017d\u00e1dn\u00fd vstup. \u017d\u00e1dn\u00fd p\u0159\u00edstup do NHS.<\/i>&#8220;<\/p>\n<p>&#8222;<i>Nastal \u010das, kdy se bl\u00ed\u017e\u00ed t\u011b\u017ek\u00e1 rozhodnut\u00ed<\/i>,&#8220; uvedl O&#8217;Grady. &#8222;<i>Pokud nechceme, aby tato krize Covidu trvala v\u011b\u010dn\u011b, pot\u0159ebujeme n\u011bjak\u00e9 nov\u00e9 jednoduch\u00e9, n\u00e1vody: \u017d\u00e1dn\u00e9 o\u010dkov\u00e1n\u00ed, \u017e\u00e1dn\u00fd p\u0159\u00edstup ke zdravotn\u00ed p\u00e9\u010di NHS; \u017e\u00e1dn\u00e9 o\u010dkov\u00e1n\u00ed, \u017e\u00e1dn\u00e9 st\u00e1tn\u00ed vzd\u011bl\u00e1n\u00ed pro va\u0161e d\u011bti. \u017d\u00e1dn\u00e9 o\u010dkov\u00e1n\u00ed, \u017e\u00e1dn\u00fd p\u0159\u00edstup do hospod, restaurac\u00ed, divadel, kin, na stadiony. \u017d\u00e1dn\u00e9 o\u010dkov\u00e1n\u00ed, \u017e\u00e1dn\u00fd vstup do Spojen\u00e9ho kr\u00e1lovstv\u00ed a mnoho dal\u0161\u00edho.<\/i>&#8220; Mysl\u00edm, \u017ee jsme pochopili, kam m\u00ed\u0159\u00ed\u0161, Seane. Nezavedl bys povinn\u00e9 o\u010dkov\u00e1n\u00ed, ale neo\u010dkovan\u00ed by nemohli nikam chodit ani nic d\u011blat. A kdyby onemocn\u011bli? No, museli by prost\u011b zem\u0159\u00edt, proto\u017ee by nem\u011bli m\u00edt p\u0159\u00edstup ke zdravotn\u00ed p\u00e9\u010di NHS. To v\u0161e ve jm\u00e9nu &#8222;obecn\u00e9ho dobra&#8220;.<\/p>\n<p>Ve stejn\u00fd den, kdy byl zve\u0159ejn\u011bn O&#8217;Gradyho \u010dl\u00e1nek,\u00a0<a href=\"https:\/\/www.dailymail.co.uk\/debate\/article-9593417\/SARAH-VINE-let-selfish-idiots-dont-want-free-Covid-vaccines-hold-hostage.html\" target=\"_blank\" rel=\"external noopener\">p\u0159isp\u011bla sv\u00fdm p\u0159\u00edsp\u011bvkem<\/a>\u00a0i Sarah Vineov\u00e1. &#8222;<i>Nem\u016f\u017eeme dovolit, aby n\u00e1s idioti, kte\u0159\u00ed necht\u011bj\u00ed vakc\u00edny Covid, dr\u017eeli jako rukojm\u00ed<\/i>&#8222;, zn\u011bl n\u00e1zev jej\u00edho v\u00fdlevu zve\u0159ejn\u011bn\u00e9ho v Daily Mail. &#8222;<i>Jste hloup\u00ed. Hlup\u00e1ci jako necky,<\/i>&#8220; takto se obr\u00e1tila na ty, kte\u0159\u00ed si necht\u011bj\u00ed vz\u00edt vakc\u00ednu proti koronaviru. Koho zaj\u00edm\u00e1, co si tahle jedovat\u00e1 Vineov\u00e1 mysl\u00ed, sly\u0161\u00edm v\u00e1s pt\u00e1t se? Ale ve skute\u010dnosti na tom z\u00e1le\u017e\u00ed, proto\u017ee jej\u00edm man\u017eelem nen\u00ed nikdo jin\u00fd ne\u017e Michael Gove, ministr britsk\u00e9 vl\u00e1dy, kter\u00fd v sou\u010dasn\u00e9 dob\u011b vede revizi o\u010dkovac\u00edch pas\u016f. Pokud si Goveova man\u017eelka mysl\u00ed, \u017ee neo\u010dkovan\u00ed jsou &#8222;hloup\u00ed jako necky&#8220;, pak n\u00e1m to sotva d\u00e1v\u00e1 jistotu, \u017ee se jej\u00ed man\u017eel nerozhodne je diskriminovat.<\/p>\n<p>\u00datoky na &#8222;odm\u00edta\u010de&#8220; se objevuj\u00ed nejen v tisku. Je to i na rozhlasov\u00fdch vln\u00e1ch. Iain Dale tento t\u00fdden ve sv\u00e9m rozhlasov\u00e9m po\u0159adu na stanici LBC nad\u00e1val neo\u010dkovan\u00fdm. &#8222;<i>Skute\u010dnost, \u017ee lid\u00e9 st\u00e1le odm\u00edtaj\u00ed o\u010dkov\u00e1n\u00ed z jak\u00e9hokoli d\u016fvodu, je mi \u00fapln\u011b jedno, z jak\u00e9ho d\u016fvodu, nevystavuj\u00ed riziku jen sebe &#8211; vystavuj\u00ed riziku i ostatn\u00ed lidi,<\/i>&#8220; \u0159ekl. &#8222;<i>Pokud je v\u00e1m 50, 60, 70, 80 let a st\u00e1le jste nevyu\u017eili mo\u017enosti nechat se o\u010dkovat, ob\u00e1v\u00e1m se, \u017ee byste si m\u011bli ud\u011blat po\u0159\u00e1dek v hlav\u011b. Pot\u0159ebujete si nechat vy\u0161et\u0159it hlavu. Jste sobeck\u00fd jedinec.<\/i>&#8220;<\/p>\n<p>Opakujte po mn\u011b: &#8222;Jsem sobeck\u00fd \u010dlov\u011bk. Jsem sobec.&#8220; Zjevn\u011bj\u0161\u00ed u\u017e to opravdu b\u00fdt nem\u016f\u017ee.<\/p>\n<p>Dale alespo\u0148 nenavrhoval, aby se &#8222;odm\u00edta\u010d\u016fm&#8220; d\u00e1val do k\u00e1vy jed,\u00a0<a href=\"https:\/\/twitter.com\/BernieSpofforth\/status\/1394345793470013446\" target=\"_blank\" rel=\"external noopener\">jak to ud\u011blala jeho kolegyn\u011b z LBC Shelagh Fogartyov\u00e1<\/a>. &#8222;<i>J\u00e1 bych se s t\u011bmi lidmi (odm\u00edta\u010di o\u010dkov\u00e1n\u00ed) doslova poprala,<\/i>&#8220; \u0159ekla jednomu z volaj\u00edc\u00edch. &#8222;<i>Jak se s nimi m\u016f\u017eete setk\u00e1vat v pr\u00e1ci, ani\u017e byste jim nem\u011bli chu\u0165 otr\u00e1vit k\u00e1vu.<\/i>&#8220;<\/p>\n<p>Nebudeme si nic nalh\u00e1vat: Jde o zcela otev\u0159enou a zjevnou d\u00e9monizaci skupiny lid\u00ed bez jak\u00fdchkoli d\u016fsledk\u016f pro ty, kdo d\u00e9monizaci prov\u00e1d\u011bj\u00ed. A to v\u0161e se d\u011bje, abychom nezapomn\u011bli, v &#8222;wake&#8220; &#8211; probuzen\u00e9 dob\u011b, kdy cokoli \u0159eknete, m\u016f\u017ee b\u00fdt pova\u017eov\u00e1no za &#8222;ur\u00e1\u017eku&#8220;, &#8222;rasismus&#8220;, &#8222;sexismus&#8220;, &#8222;genderismus&#8220; nebo formu &#8222;ismu&#8220; \u010di &#8222;fobie&#8220;.<\/p>\n<p>Abyste vid\u011bli, jak je to hrozn\u00e9, sta\u010d\u00ed nahradit &#8222;neo\u010dkovan\u00e9&#8220; men\u0161inovou rasovou nebo n\u00e1bo\u017eenskou skupinou. Ale nen\u00e1vid\u011bt neo\u010dkovan\u00e9 je f\u00e9rov\u00e1 hra. Podle\u00a0<a href=\"https:\/\/www.cps.gov.uk\/crime-info\/hate-crime\" target=\"_blank\" rel=\"external noopener\">webov\u00fdch str\u00e1nek Crown Prosecution Service<\/a>\u00a0lze trestn\u00e9 \u010diny z nen\u00e1visti &#8222;pou\u017e\u00edt k popisu \u0159ady trestn\u00fdch \u010din\u016f, kdy je pachatel motivov\u00e1n nep\u0159\u00e1telstv\u00edm nebo projevuje nep\u0159\u00e1telstv\u00ed v\u016f\u010di posti\u017een\u00ed, rase, n\u00e1bo\u017eenstv\u00ed, sexu\u00e1ln\u00ed orientaci nebo transgenderov\u00e9 identit\u011b ob\u011bti&#8220;. O\u010dkovac\u00ed status nen\u00ed &#8222;chr\u00e1n\u011bnou charakteristikou&#8220;, tak\u017ee se zd\u00e1, \u017ee lid\u00e9 mohou b\u00fdt k neo\u010dkovan\u00fdm lidem nen\u00e1vistn\u00ed, jak cht\u011bj\u00ed.<\/p>\n<p>Ale to neznamen\u00e1, \u017ee to, co se d\u011bje, je spr\u00e1vn\u00e9. To zdaleka ne.<\/p>\n<p>Pokud je n\u011bkdo o\u010dkovan\u00fd, pro\u010d by se m\u011bl starat o to, \u017ee n\u011bkdo jin\u00fd o\u010dkovan\u00fd nen\u00ed? Nikdy p\u0159edt\u00edm jsme se o o\u010dkov\u00e1n\u00ed proti ch\u0159ipce takhle neh\u00e1dali. Bu\u010f vakc\u00edna o\u010dkovan\u00e9ho ochr\u00e1n\u00ed, nebo ne. Ani ti, kte\u0159\u00ed se rozhodli nenechat se o\u010dkovat proti ch\u0159ipce, nebyli ozna\u010dov\u00e1ni za &#8222;antivaxery&#8220;. M\u016f\u017eete b\u00fdt obecn\u011b pro o\u010dkov\u00e1n\u00ed, ale m\u00edt racion\u00e1ln\u00ed v\u00fdhrady typu &#8222;po\u010dkejme a uvid\u00edme&#8220; v\u016f\u010di nov\u011b uv\u00e1d\u011bn\u00fdm koronavirov\u00fdm vakc\u00edn\u00e1m, zejm\u00e9na pokud je va\u0161e \u0161ance, \u017ee onemocn\u00edte nebo dokonce zem\u0159ete na Covid, extr\u00e9mn\u011b n\u00edzk\u00e1. Ale tento nuancovan\u00fd postoj se v sou\u010dasn\u00e9 n\u00e1tlakov\u00e9 hysterii typu &#8222;prost\u011b si dejte to zatracen\u00e9 o\u010dkov\u00e1n\u00ed&#8220; prost\u011b neuzn\u00e1v\u00e1.<\/p>\n<p>Co se t\u00fd\u010de v\u011bty, \u017ee jsou to neo\u010dkovan\u00ed, kdo dr\u017e\u00ed zemi jako rukojm\u00ed, proto\u017ee ohro\u017euj\u00ed konec omezen\u00ed Covidu? Sarah Vineov\u00e1 by se opravdu m\u011bla pod\u00edvat bl\u00ed\u017ee k domovu. A to doslova. Byla to vl\u00e1da, jej\u00edm\u017e v\u00fdznamn\u00fdm \u010dlenem je jej\u00ed man\u017eel, kter\u00e1 n\u00e1s uji\u0161\u0165ovala, \u017ee \u017eivot se vr\u00e1t\u00ed do norm\u00e1lu, jakmile budou o\u010dkov\u00e1ni ti nejzraniteln\u011bj\u0161\u00ed. V\u00a0<a href=\"https:\/\/www.spectator.co.uk\/article\/were-going-to-have-a-great-summer-an-interview-with-matt-hancock\/amp\" target=\"_blank\" rel=\"external noopener\">lednov\u00e9m rozhovoru<\/a>\u00a0pro The Spectator ministr zdravotnictv\u00ed Matt Hancock prohl\u00e1sil, \u017ee jakmile budou o\u010dkov\u00e1ni ti nejzraniteln\u011bj\u0161\u00ed, &#8222;nech\u00e1 vybubnovat svobodu&#8220;.<\/p>\n<p>Ale st\u00e1le nem\u00e1me svobodu. C\u00edle se posunuly od o\u010dkov\u00e1n\u00ed &#8222;nejzraniteln\u011bj\u0161\u00edch&#8220; k o\u010dkov\u00e1n\u00ed v\u0161ech. Lze se divit, \u017ee se najdou tac\u00ed, kte\u0159\u00ed se ptaj\u00ed, zda to nen\u00ed motivov\u00e1no zaveden\u00edm o\u010dkovac\u00edch pas\u016f, kter\u00e9 by n\u00e1sledn\u011b mohly v\u00e9st k dal\u0161\u00edm digitalizovan\u00fdm syst\u00e9m\u016fm soci\u00e1ln\u00edho kreditu?<\/p>\n<p>V\u00fdrazn\u00fd posun oproti Hancockovi. V lednu v rozhovoru pro Spectator uvedl, \u017ee nahrazen\u00ed svobody z\u00e1vis\u00ed na zaveden\u00ed vakc\u00edn. Jazyk nyn\u00ed upravil. <a href=\"https:\/\/t.co\/9fcqoDlksMhttps:\/\/t.co\/IDe6CH0rBd\" target=\"_blank\" rel=\"external noopener\">https:\/\/t.co\/9fcqoDlksMhttps:\/\/t.co\/IDe6CH0rBd<\/a><\/p>\n<p>&#8211; Fraser Nelson (@FraserNelson)\u00a0<a href=\"https:\/\/twitter.com\/FraserNelson\/status\/1379021931605852164\" target=\"_blank\" rel=\"external noopener\">5. dubna 2021<\/a><\/p>\n<p>P\u0159\u00edhodn\u011b jsou v\u0161ak z pokra\u010duj\u00edc\u00edch omezen\u00ed obvi\u0148ov\u00e1ni &#8222;odm\u00edta\u010di&#8220; o\u010dkov\u00e1n\u00ed, kte\u0159\u00ed jsou aktu\u00e1ln\u00edm t\u00e9matem ka\u017edodenn\u00edch orwellovsk\u00fdch Dvou minut nen\u00e1visti, a nikoli \u00fa\u0159ady. V t\u00e9to toxick\u00e9 dob\u011b nebylo &#8222;rozd\u011bl a panuj&#8220; je\u0161t\u011b nikdy tak zjevn\u00e9.<\/p>\n<p><b>Neil Clark<\/b><\/p>\n<p>__________<br \/>\n<i>Neil Clark je novin\u00e1\u0159, spisovatel, hlasatel a bloger. Jeho oce\u0148ovan\u00fd blog najdete na adrese\u00a0<a href=\"https:\/\/www.neilclark66.blogspot.com\/\" target=\"_blank\" rel=\"external noopener\">www.neilclark66.blogspot.com<\/a>. O politice a sv\u011btov\u00fdch ud\u00e1lostech p\u00ed\u0161e na Twitteru\u00a0<a href=\"https:\/\/twitter.com\/NeilClark66\" target=\"_blank\" rel=\"external noopener\">@NeilClark66<\/a><\/i><\/p>\n<div class=\"podcarou\">\n<p><a href=\"https:\/\/www.rt.com\/op-ed\/524338-no-vaccine-hate-crime-hypocrisy\/\" target=\"_blank\" rel=\"external noopener\">Hateful hypocrisy: In hate crime-obsessed Britain, vilifying Covid vaccine \u2018refuseniks\u2019 comes with establishment approval<\/a> vy\u0161el 21.5.2021 na rt.com. P\u0159eklad\u00a0 Zv\u011bdavec.<\/p>\n<\/div>\n<\/section>\n<section class=\"clanek-pri\">\n<div class=\"socials\"><a href=\"http:\/\/www.zvedavec.org\/komentare\/2021\/09\/8848-v-britanii-posedle-tresty-za-zlociny-z-nenavisti-se-nenavist-vuci-odmitacum-ockovani-setkava-se-souhlasem-establish.htm\">Zvedavec.org<\/a><\/div>\n<\/section>\n<div><\/div>\n<div><\/div>\n","protected":false},"excerpt":{"rendered":"<p>V probuzen\u00e9 Brit\u00e1nii tolik sly\u0161\u00edme o &#8222;zlo\u010dinech z nen\u00e1visti&#8220; a o tom, jak je to&#8230;<\/p>\n","protected":false},"author":2,"featured_media":2758,"comment_status":"closed","ping_status":"closed","sticky":false,"template":"","format":"standard","meta":[],"categories":[7],"tags":[23,1058,48,303],"_links":{"self":[{"href":"https:\/\/www.infokuryr.cz\/n\/wp-json\/wp\/v2\/posts\/4732"}],"collection":[{"href":"https:\/\/www.infokuryr.cz\/n\/wp-json\/wp\/v2\/posts"}],"about":[{"href":"https:\/\/www.infokuryr.cz\/n\/wp-json\/wp\/v2\/types\/post"}],"author":[{"embeddable":true,"href":"https:\/\/www.infokuryr.cz\/n\/wp-json\/wp\/v2\/users\/2"}],"replies":[{"embeddable":true,"href":"https:\/\/www.infokuryr.cz\/n\/wp-json\/wp\/v2\/comments?post=4732"}],"version-history":[{"count":0,"href":"https:\/\/www.infokuryr.cz\/n\/wp-json\/wp\/v2\/posts\/4732\/revisions"}],"wp:featuredmedia":[{"embeddable":true,"href":"https:\/\/www.infokuryr.cz\/n\/wp-json\/wp\/v2\/media\/2758"}],"wp:attachment":[{"href":"https:\/\/www.infokuryr.cz\/n\/wp-json\/wp\/v2\/media?parent=4732"}],"wp:term":[{"taxonomy":"category","embeddable":true,"href":"https:\/\/www.infokuryr.cz\/n\/wp-json\/wp\/v2\/categories?post=4732"},{"taxonomy":"post_tag","embeddable":true,"href":"https:\/\/www.infokuryr.cz\/n\/wp-json\/wp\/v2\/tags?post=4732"}],"curies":[{"name":"wp","href":"https:\/\/api.w.org\/{rel}","templated":true}]}}