{"id":47291,"date":"2024-02-18T00:30:17","date_gmt":"2024-02-17T23:30:17","guid":{"rendered":"https:\/\/www.infokuryr.cz\/n\/?p=47291"},"modified":"2024-02-17T18:20:04","modified_gmt":"2024-02-17T17:20:04","slug":"petr-michalu-avdejevka-po-mariupolu-artemovsku-dalsi-pevnost","status":"publish","type":"post","link":"https:\/\/www.infokuryr.cz\/n\/2024\/02\/18\/petr-michalu-avdejevka-po-mariupolu-artemovsku-dalsi-pevnost\/","title":{"rendered":"Petr Michal\u016f: AVD\u011aJEVKA \u2013 po Mariupolu, Ar\u0165\u011bmovsku dal\u0161\u00ed pevnost &#8230;"},"content":{"rendered":"<div id=\"fb-root\"><\/div>\n<p><span style=\"font-size: 18pt;\"><strong>Avd\u011bjevka<\/strong><strong> \u2013 po Mariupolu, Ar\u0165\u011bmovsku dal\u0161\u00ed p<u>evnost ukra<\/u>j<u>insk<\/u>\u00fd<u>ch nacist\u016f<\/u>\/<u>banderovc\u016f<\/u>\/<u>terorist\u016f<\/u>\/<u>vrah\u016f<\/u>, <\/strong><strong>kter\u00e1 v\u00a0nejbli\u017e\u0161\u00edch hodin\u00e1ch kone\u010dn\u011b brzy padne!!<\/strong><\/span><\/p>\n<p><img decoding=\"async\" loading=\"lazy\" class=\"wp-image-47293 aligncenter\" src=\"http:\/\/www.infokuryr.cz\/n\/wp-content\/uploads\/2024\/02\/5-300x186.jpg\" alt=\"\" width=\"647\" height=\"401\" srcset=\"https:\/\/www.infokuryr.cz\/n\/wp-content\/uploads\/2024\/02\/5-300x186.jpg 300w, https:\/\/www.infokuryr.cz\/n\/wp-content\/uploads\/2024\/02\/5-1024x635.jpg 1024w, https:\/\/www.infokuryr.cz\/n\/wp-content\/uploads\/2024\/02\/5-768x476.jpg 768w, https:\/\/www.infokuryr.cz\/n\/wp-content\/uploads\/2024\/02\/5.jpg 1478w\" sizes=\"(max-width: 647px) 100vw, 647px\" \/><\/p>\n<p>Dva a p\u016fl neskute\u010dn\u00fdch, neuv\u011b\u0159iteln\u00fdch, t\u011b\u017ek\u00fdch a t\u011b\u017eko popsateln\u00fdch slovy rok\u016f jsem \u017eil a p\u016fsobil ve\u00a0m\u011bst\u011b <strong>Jasinovataja<\/strong>, kter\u00e1 p\u0159\u00edmo soused\u00ed s\u00a0m\u011bstem <strong>Avd\u011bjevka<\/strong>.<\/p>\n<p><strong>\u00a0\u00a0\u00a0\u00a0 Ob\u011b tato m\u011bsta se nach\u00e1z\u00ed v\u00a0Don\u011bck\u00e9 lidov\u00e9 republice<\/strong>, kter\u00e1 je ji\u017e cel\u00e1 ned\u00edlnou a nezpochybnitelnou sou\u010d\u00e1st\u00ed Rusk\u00e9 federace na z\u00e1klad\u011b svobodn\u00e9 v\u016fle zde \u017eij\u00edc\u00edho obyvatelstva, kter\u00e9 sv\u00e9 p\u0159\u00e1n\u00ed b\u00fdt op\u011btovn\u011b sou\u010d\u00e1st\u00ed Ruska vyj\u00e1d\u0159ilo sv\u00fdm hlasov\u00e1n\u00edm v\u00a0referendu, je\u017e se uskute\u010dnilo ve dnech 23. z\u00e1\u0159\u00ed a\u017e 27. z\u00e1\u0159\u00ed 2022 \u2013<strong> kdy 99,23% obyvatelstva Don\u011bcka hlasovalo pro vstup v sestavu Rusk\u00e9 federace.<\/strong><\/p>\n<p><strong>\u00a0\u00a0\u00a0\u00a0 Avd\u011bjevka<\/strong> je ale, bohu\u017eel, dosud (u\u017e ale jen kr\u00e1tce, na hodiny) je\u0161t\u011b <strong>okupovan\u00e1 ukrajinsk\u00fdmi banderovci\/nacisty.<\/strong> Na\u0161t\u011bst\u00ed se to ji\u017e brzy zm\u011bn\u00ed a m\u011bn\u00ed se to ka\u017ed\u00fdm okam\u017eikem, nebo\u0165 Rusov\u00e9 drt\u00ed ukronacisty po cel\u00e9 front\u011b a zde v\u00a0Avd\u011bjevce nezadr\u017eiteln\u011b jako lavina postupuj\u00ed krok za krokem a nemilosrdn\u011b likviduj\u00ed v\u0161echny ty ukro-n\u00e1cky.<\/p>\n<p><img decoding=\"async\" loading=\"lazy\" class=\"wp-image-47294 aligncenter\" src=\"http:\/\/www.infokuryr.cz\/n\/wp-content\/uploads\/2024\/02\/4-300x225.jpg\" alt=\"\" width=\"623\" height=\"467\" srcset=\"https:\/\/www.infokuryr.cz\/n\/wp-content\/uploads\/2024\/02\/4-300x225.jpg 300w, https:\/\/www.infokuryr.cz\/n\/wp-content\/uploads\/2024\/02\/4-1024x768.jpg 1024w, https:\/\/www.infokuryr.cz\/n\/wp-content\/uploads\/2024\/02\/4-768x576.jpg 768w, https:\/\/www.infokuryr.cz\/n\/wp-content\/uploads\/2024\/02\/4-1536x1152.jpg 1536w, https:\/\/www.infokuryr.cz\/n\/wp-content\/uploads\/2024\/02\/4-2048x1536.jpg 2048w\" sizes=\"(max-width: 623px) 100vw, 623px\" \/><\/p>\n<p>Zu\u0159\u00ed zde velice t\u011b\u017ek\u00e9 boje <em>(zrovna takov\u00e9 jako byly boje v\u00a0Mariupolu, v\u00a0Art\u011bmovsku),<\/em> v\u00a0nich\u017e Rusov\u00e9 maj\u00ed absolutn\u00ed p\u0159evahu a nelze je zastavit. Poda\u0159ilo se jim po urputn\u00fdch boj\u00edch rozd\u011blit m\u011bsto na dv\u011b \u010d\u00e1sti, ukro-n\u00e1ck\u016fm hroz\u00ed op\u011bt debakl, obkl\u00ed\u010den\u00ed, jsou od\u0159\u00edznuti od z\u00e1sobov\u00e1n\u00ed, a bu\u010f se vzdaj\u00ed, nebo ve sv\u00fdch podzemn\u00edch bunkrech <strong>pochc\u00edpaj\u00ed jako krysy.<\/strong> <strong><em>(Up\u0159\u00edmn\u011b \u2013 po tom, co jsem zde osobn\u011b za\u017eil, pro\u017eil a vid\u011bl na vlastn\u00ed o\u010di, jim to z\u00a0cel\u00e9ho srdce vroucn\u011b p\u0159eji! Nic jin\u00e9ho si toti\u017e tato Zelensk\u00e9ho ukro-nacistick\u00e1 svolo\u010d podporovan\u00e1 proti\u00fastavn\u011b, tj. protipr\u00e1vn\u011b, i \u010deskou fa\u0161istickou vl\u00e1dou a \u010deskou kolaborantskou svolo\u010d\u00ed nezaslou\u017e\u00ed!)<\/em><\/strong> <strong>KONE\u010cN\u011a!!<\/strong> <u>Za v\u0161echn<\/u>y<u> t<\/u>y<u> donbask\u00e9<\/u>,<u> don\u011bck\u00e9 <strong>D\u011aTSK\u00c9 AND\u011aLY<\/strong><\/u>, za v\u0161echny ty zabit\u00e9, \u017eeny, d\u00edvky, chlapce, d\u016fchodce, ni\u010d\u00edm vinn\u00e9 m\u00edrumilovn\u00e9 obyvatele Jasinovaty, Don\u011bcka, Gorlovky, Makejevky a spousty dal\u0161\u00edch donbask\u00fdch m\u011bst a vesnic, za zni\u010den\u00e9 domovy, \u0161koly, \u0161kolky, nemocnice, d\u011btsk\u00e1 h\u0159i\u0161t\u011b, tr\u017enice, autobusov\u00e1 a vlakov\u00e1 n\u00e1dra\u017e\u00ed aj. si nic jin\u00e9ho <strong>ne\u017e ne\u017e\u00edt nezaslou\u017e\u00ed!! Ano NE\u017d\u00cdT!! <\/strong><em>(i ten pom\u00fdlen\u00fd \u010desk\u00fd n\u00e1cek, kter\u00fd zde \u00fadajn\u011b zbyte\u010dn\u011b zahynul)<\/em><\/p>\n<p><img decoding=\"async\" loading=\"lazy\" class=\"wp-image-47295 aligncenter\" src=\"http:\/\/www.infokuryr.cz\/n\/wp-content\/uploads\/2024\/02\/3-300x225.jpg\" alt=\"\" width=\"644\" height=\"483\" srcset=\"https:\/\/www.infokuryr.cz\/n\/wp-content\/uploads\/2024\/02\/3-300x225.jpg 300w, https:\/\/www.infokuryr.cz\/n\/wp-content\/uploads\/2024\/02\/3-1024x768.jpg 1024w, https:\/\/www.infokuryr.cz\/n\/wp-content\/uploads\/2024\/02\/3-768x576.jpg 768w, https:\/\/www.infokuryr.cz\/n\/wp-content\/uploads\/2024\/02\/3-1536x1152.jpg 1536w, https:\/\/www.infokuryr.cz\/n\/wp-content\/uploads\/2024\/02\/3-2048x1536.jpg 2048w\" sizes=\"(max-width: 644px) 100vw, 644px\" \/><\/p>\n<p>V\u011b\u0159\u00edm, \u017ee brzy bude osvobozen\u00e9 ruskou arm\u00e1dou od ukro-nacistick\u00e9 okupace cel\u00e9 m\u011bsto Avd\u011bjevka, ukro-nacist\u00e9 budou rozdrceni a t\u00edm p\u00e1dem lid\u00e9 v \u0161irok\u00e9m okol\u00ed budou \u017e\u00edt o n\u011bco bezpe\u010dn\u011bji a\u017e pak do kone\u010dn\u00e9ho v\u00edt\u011bzstv\u00ed bojovn\u00edk\u016f proti fa\u0161ismu a bezpodm\u00edne\u010dn\u00e9 kapitulace cel\u00e9 Ukrajiny, kter\u00e1 pak p\u0159estane i existovat, a cel\u00e9 osvobozen\u00e9 \u00fazem\u00ed bude v\u010dlen\u011bno tam kam pat\u0159\u00ed \u2013 to je v Ruskou federaci.<\/p>\n<p><img decoding=\"async\" loading=\"lazy\" class=\"wp-image-47297 aligncenter\" src=\"http:\/\/www.infokuryr.cz\/n\/wp-content\/uploads\/2024\/02\/1-300x225.jpg\" alt=\"\" width=\"640\" height=\"480\" srcset=\"https:\/\/www.infokuryr.cz\/n\/wp-content\/uploads\/2024\/02\/1-300x225.jpg 300w, https:\/\/www.infokuryr.cz\/n\/wp-content\/uploads\/2024\/02\/1-1024x768.jpg 1024w, https:\/\/www.infokuryr.cz\/n\/wp-content\/uploads\/2024\/02\/1-768x576.jpg 768w, https:\/\/www.infokuryr.cz\/n\/wp-content\/uploads\/2024\/02\/1-1536x1152.jpg 1536w, https:\/\/www.infokuryr.cz\/n\/wp-content\/uploads\/2024\/02\/1-2048x1536.jpg 2048w\" sizes=\"(max-width: 640px) 100vw, 640px\" \/><\/p>\n<p>J\u00e1 v\u00edm, o \u010dem mluv\u00edm, o \u010dem p\u00ed\u0161i, nebo\u0165 dva a p\u016fl neskute\u010dn\u00fdch, neuv\u011b\u0159iteln\u00fdch, t\u011b\u017ek\u00fdch a t\u011b\u017eko popsateln\u00fdch slovy rok\u016f jsem \u017eil a p\u016fsobil ve\u00a0m\u011bst\u011b <strong>Jasinovataja<\/strong>, kter\u00e1 p\u0159\u00edmo soused\u00ed s\u00a0m\u011bstem <strong>Avd\u011bjevka<\/strong>. Dva a p\u016fl roku jsem den co den hled\u00edval p\u0159\u00edmo z na\u0161eho p\u016fsobi\u0161t\u011b, z na\u0161eho obydl\u00ed pr\u00e1v\u011b na ten chemick\u00fd z\u00e1vod a koks\u00e1rnu v Avd\u011bjevce, odkud n\u00e1s ukro-banderovci\/nacist\u00e9 ost\u0159elovali a zab\u00edjeli! Od t\u00e9 avd\u011bjevsk\u00e9 koks\u00e1rny n\u00e1s d\u011blilo sotva n\u011bkolik kilometr\u016f vzdu\u0161nou \u010dasou (3 km, maxim\u00e1ln\u011b 5 km).<\/p>\n<p><strong>Mgr. Petr Michal<\/strong><\/p>\n<p><img decoding=\"async\" loading=\"lazy\" class=\"alignnone wp-image-35494\" src=\"http:\/\/www.infokuryr.cz\/n\/wp-content\/uploads\/2023\/09\/petr-michalu-300x251.jpg\" alt=\"\" width=\"198\" height=\"166\" srcset=\"https:\/\/www.infokuryr.cz\/n\/wp-content\/uploads\/2023\/09\/petr-michalu-300x251.jpg 300w, https:\/\/www.infokuryr.cz\/n\/wp-content\/uploads\/2023\/09\/petr-michalu-768x641.jpg 768w, https:\/\/www.infokuryr.cz\/n\/wp-content\/uploads\/2023\/09\/petr-michalu.jpg 801w\" sizes=\"(max-width: 198px) 100vw, 198px\" \/><\/p>\n","protected":false},"excerpt":{"rendered":"<p>Avd\u011bjevka \u2013 po Mariupolu, Ar\u0165\u011bmovsku dal\u0161\u00ed pevnost ukrajinsk\u00fdch nacist\u016f\/banderovc\u016f\/terorist\u016f\/vrah\u016f, kter\u00e1 v\u00a0nejbli\u017e\u0161\u00edch hodin\u00e1ch kone\u010dn\u011b brzy padne!!&#8230;<\/p>\n","protected":false},"author":2,"featured_media":47292,"comment_status":"closed","ping_status":"closed","sticky":false,"template":"","format":"standard","meta":[],"categories":[6],"tags":[1917,29,22,26],"_links":{"self":[{"href":"https:\/\/www.infokuryr.cz\/n\/wp-json\/wp\/v2\/posts\/47291"}],"collection":[{"href":"https:\/\/www.infokuryr.cz\/n\/wp-json\/wp\/v2\/posts"}],"about":[{"href":"https:\/\/www.infokuryr.cz\/n\/wp-json\/wp\/v2\/types\/post"}],"author":[{"embeddable":true,"href":"https:\/\/www.infokuryr.cz\/n\/wp-json\/wp\/v2\/users\/2"}],"replies":[{"embeddable":true,"href":"https:\/\/www.infokuryr.cz\/n\/wp-json\/wp\/v2\/comments?post=47291"}],"version-history":[{"count":1,"href":"https:\/\/www.infokuryr.cz\/n\/wp-json\/wp\/v2\/posts\/47291\/revisions"}],"predecessor-version":[{"id":47298,"href":"https:\/\/www.infokuryr.cz\/n\/wp-json\/wp\/v2\/posts\/47291\/revisions\/47298"}],"wp:featuredmedia":[{"embeddable":true,"href":"https:\/\/www.infokuryr.cz\/n\/wp-json\/wp\/v2\/media\/47292"}],"wp:attachment":[{"href":"https:\/\/www.infokuryr.cz\/n\/wp-json\/wp\/v2\/media?parent=47291"}],"wp:term":[{"taxonomy":"category","embeddable":true,"href":"https:\/\/www.infokuryr.cz\/n\/wp-json\/wp\/v2\/categories?post=47291"},{"taxonomy":"post_tag","embeddable":true,"href":"https:\/\/www.infokuryr.cz\/n\/wp-json\/wp\/v2\/tags?post=47291"}],"curies":[{"name":"wp","href":"https:\/\/api.w.org\/{rel}","templated":true}]}}