{"id":47274,"date":"2024-02-18T00:36:32","date_gmt":"2024-02-17T23:36:32","guid":{"rendered":"https:\/\/www.infokuryr.cz\/n\/?p=47274"},"modified":"2024-02-17T17:13:49","modified_gmt":"2024-02-17T16:13:49","slug":"alexej-navalnyj-nasilny-homofobni-neonacista-a-milionarsky-podvodnik-jako-hrdina-levice","status":"publish","type":"post","link":"https:\/\/www.infokuryr.cz\/n\/2024\/02\/18\/alexej-navalnyj-nasilny-homofobni-neonacista-a-milionarsky-podvodnik-jako-hrdina-levice\/","title":{"rendered":"Alexej Navalnyj: N\u00e1siln\u00fd, homofobn\u00ed neonacista a milion\u00e1\u0159sk\u00fd podvodn\u00edk jako \u201ehrdina\u201c levice"},"content":{"rendered":"<div id=\"fb-root\"><\/div>\n<p><strong>Levicov\u00e1 m\u00e9dia maj\u00ed bu\u010f velkou sm\u016flu v my\u0161len\u00ed, velmi kr\u00e1tkou pam\u011b\u0165 \u2013 nebo tvrdou ruku zven\u010d\u00ed, kter\u00e1 je ovl\u00e1d\u00e1 a diktuje obsah. Neexistuje \u017e\u00e1dn\u00e9 jin\u00e9 vysv\u011btlen\u00ed pro kolektivn\u00ed stav zd\u011b\u0161en\u00ed, pokud jde o Alexeje Navaln\u00e9ho, \u200b\u200bkter\u00fd \u00fadajn\u011b zem\u0159el ve v\u011bzen\u00ed. Zlo\u010dinec Navalnyj byl loutkou zahrani\u010dn\u00edch slu\u017eeb \u2013 a velmi pochybn\u00e9ho charakteru. Ob\u00e1van\u00fd Martin Sellner nikdy ne\u0159ekl nic vzd\u00e1len\u011b tak extr\u00e9mn\u00edho. Sjednocen\u00e1 levice op\u011bt dokazuje sv\u00e9 nep\u0159\u00e1telstv\u00ed v\u016f\u010di realit\u011b a inteligenci.<\/strong><\/p>\n<p>Propagandistick\u00e1 ma\u0161in\u00e9rie NATO je v pln\u00e9m proudu. Bylo jasn\u011b na\u0159\u00edzeno truchlit pro Alexeje Navaln\u00e9ho. Tento mu\u017e je syst\u00e9mov\u00fdmi m\u00e9dii pova\u017eov\u00e1n za \u201enejd\u016fle\u017eit\u011bj\u0161\u00edho opozi\u010dn\u00edho p\u0159edstavitele Ruska\u201c nebo \u201enejd\u016fle\u017eit\u011bj\u0161\u00edho kritika Kremlu\u201c. Skute\u010dnost, \u017ee na cel\u00e9 v\u011bci nen\u00ed n\u011bco v po\u0159\u00e1dku a jeho p\u0159edpokl\u00e1dan\u00e1 smrt se p\u0159\u00edhodn\u011b shoduje s vystoupen\u00edm jeho man\u017eelky na mnichovsk\u00e9 bezpe\u010dnostn\u00ed konferenci, by m\u011bla b\u00fdt podez\u0159el\u00e1 i zarputil\u00fdm zast\u00e1nc\u016fm st\u00e1tn\u00edch narativ\u016f \u2013 nejpozd\u011bji, kdy\u017e si v\u0161imnete jej\u00edho v\u00edt\u011bzoslavn\u00e9ho \u00fasm\u011bvu:<\/p>\n<figure class=\"wp-block-embed is-type-rich is-provider-twitter wp-block-embed-twitter\">\n<div class=\"wp-block-embed__wrapper\">\n<div class=\"twitter-tweet twitter-tweet-rendered\"><a href=\"https:\/\/twitter.com\/maikpi70\/status\/1758728851377541626?ref_src=twsrc%5Etfw%7Ctwcamp%5Etweetembed%7Ctwterm%5E1758728851377541626%7Ctwgr%5E5217b6c0f331897beaac0b8155d58cf51045b21c%7Ctwcon%5Es1_&amp;ref_url=https%3A%2F%2Freport24.news%2Falexej-nawalny-gewaltbereiter-homophober-neonazi-und-millionenbetrueger-als-held-der-linken%2F\"><img decoding=\"async\" loading=\"lazy\" class=\"alignnone wp-image-47279 aligncenter\" src=\"http:\/\/www.infokuryr.cz\/n\/wp-content\/uploads\/2024\/02\/nav0-278x300.jpg\" alt=\"\" width=\"536\" height=\"579\" srcset=\"https:\/\/www.infokuryr.cz\/n\/wp-content\/uploads\/2024\/02\/nav0-278x300.jpg 278w, https:\/\/www.infokuryr.cz\/n\/wp-content\/uploads\/2024\/02\/nav0.jpg 548w\" sizes=\"(max-width: 536px) 100vw, 536px\" \/><\/a><\/div>\n<\/div>\n<\/figure>\n<p>Pokud se pt\u00e1te, koho \u00fadajn\u00e1 smrt Navaln\u00e9ho nejv\u00edce bol\u00ed, Putinovou odpov\u011bd\u00ed je Rusko \u2013 ale pouze v o\u010d\u00edch Z\u00e1padu. Je to propagandistick\u00fd triumf Z\u00e1padu, kter\u00fd sv\u011bt je\u0161t\u011b v\u00edce p\u0159ibli\u017euje t\u0159et\u00ed sv\u011btov\u00e9 v\u00e1lce. Nikdo v Rusku z tohoto incidentu nem\u011bl prosp\u011bch \u2013 a loutka z\u00e1padn\u00edch slu\u017eeb ve v\u011bzen\u00ed pro Putina rozhodn\u011b nebyla hrozbou. Navalnyj by se dokonale hodil \u2013 tak\u00e9 kv\u016fli sv\u00e9 pochybn\u00e9 povaze \u2013 k pr\u00e1ci na barevn\u00e9 revoluci jako stoupenec CIA a dal\u0161\u00edch slu\u017eeb v Rusku. Ale to tam nikdo nechce d\u011blat.<\/p>\n<h3 id=\"h-propaganda-macht-einen-kriminellen-zum-martyrer\" class=\"wp-block-heading\"><span style=\"font-size: 18pt;\">Propaganda prom\u011bn\u00ed zlo\u010dince v mu\u010dedn\u00edka<\/span><\/h3>\n<p>Navalnyj je zobrazen jako politick\u00fd v\u011bze\u0148 \u2013 a mnoz\u00ed tomuto p\u0159\u00edb\u011bhu propadnou, m\u00edsto aby provedli rychl\u00fd pr\u016fzkum. \u0158ekla to televize, otiskly to obl\u00edben\u00e9 noviny tak, to mus\u00ed b\u00fdt pravda. Nejpozd\u011bji z obdob\u00ed Covidu jsme se m\u011bli pou\u010dit: Pokud v\u0161echna syst\u00e9mov\u00e1 m\u00e9dia reprezentuj\u00ed stejn\u00fd n\u00e1zor \u2013 obvykle stejn\u00fdmi slovy \u2013 pak jsou zpr\u00e1vy le\u017e. M\u00e1 bu\u010f odv\u00e9st pozornost, nebo zakr\u00fdt \u2013 ale v ka\u017ed\u00e9m p\u0159\u00edpad\u011b dezinformovat a manipulovat. Pokud, jako v p\u0159\u00edpad\u011b Navaln\u00e9ho, \u200b\u200bv\u0161echna m\u00e9dia informuj\u00ed o tom sam\u00e9m a v\u0161ichni politici ze strany jednoty p\u0159edst\u00edranou soustrast, je n\u011bco \u0161patn\u011b. A ano, smrd\u00ed to do nebes.<\/p>\n<p>Navalnyj musel p\u016fvodn\u011b do v\u011bzen\u00ed, proto\u017ee on a jeho stejn\u011b zlo\u010dinn\u00ed brat\u0159i komer\u010dn\u011b podvedli globalistickou spole\u010dnost Yves Rocher a dal\u0161\u00ed spole\u010dnost v Rusku. Zlo\u010dineck\u00e1 organizace p\u0159edst\u00edrala poskytov\u00e1n\u00ed p\u0159epravn\u00edch slu\u017eeb \u2013 kter\u00e9 ve skute\u010dnosti prov\u00e1d\u011bla b\u011b\u017en\u00e1 rusk\u00e1 po\u0161ta. \u0160koda se odhaduje na 1,2 milionu eur. Yves Rocher p\u016fvodn\u011b nahl\u00e1sil bratry v Rusku, ale \u010d\u00e1sti spole\u010dnosti, kter\u00e9 nemaj\u00ed s\u00eddlo v Rusku, pot\u00e9 obvin\u011bn\u00ed st\u00e1hly a uvedly, \u017ee \u201enikdy nepodaly st\u00ed\u017enost na Navaln\u00e9ho\u201c. D\u0159\u00edve pr\u00fd Navalnyj po\u0161kodil st\u00e1tn\u00ed d\u0159eva\u0159skou spole\u010dnost Kirovles o 372 000 eur.<\/p>\n<h3 id=\"h-beschwerde-beim-gerichtshof-fur-menschenrechte\" class=\"wp-block-heading\"><span style=\"font-size: 18pt;\">St\u00ed\u017enost k soudu pro lidsk\u00e1 pr\u00e1va<\/span><\/h3>\n<p>Na co syst\u00e9mov\u00e1 medi\u00e1ln\u00ed jednotn\u00e1 fronta tak\u00e9 zapom\u00edn\u00e1, je fakt, \u017ee Navalnyj \u0161el se st\u00ed\u017enost\u00ed k Soudu pro lidsk\u00e1 pr\u00e1va, kde se cht\u011bl vykreslit jako politicky pron\u00e1sledovanou ob\u011b\u0165 sv\u00e9vole Ruska. Tam se uznalo, \u017ee pravd\u011bpodobn\u011b nem\u011bl v Rusku spravedliv\u00fd proces. Co soud nepotvrdil:<strong> \u017ee Navalnyj byl nevinn\u00fd nebo \u017ee byl pron\u00e1sledov\u00e1n z politick\u00fdch d\u016fvod\u016f.<\/strong> Proto\u017ee proces nedodr\u017eoval z\u00e1sady pr\u00e1vn\u00edho st\u00e1tu, dostal od\u0161kodn\u00e9 10 000 eur. Bylo tak\u00e9 zji\u0161t\u011bno, \u017ee v\u00fd\u0161e uveden\u00fd podvod s fale\u0161nou d\u00e1vkou nebyl v Rusku v dob\u011b ob\u017ealoby trestn\u00fd. Na druhou stranu je tu fakt, \u017ee brat\u0159i Navaln\u00fd do sv\u00fdch aktivit investovali hodn\u011b krimin\u00e1ln\u00ed energie \u2013 s\u00ed\u0165 firem zalo\u017een\u00fdch speci\u00e1ln\u011b na Kypru m\u011bla zast\u00edrat tok pen\u011bz.<\/p>\n<p>Prvn\u00ed odsouzen\u00ed Navaln\u00e9ho za obvin\u011bn\u00ed z podvodu vy\u00fastilo v podm\u00ednku. Na policii se m\u011bl hl\u00e1sit dvakr\u00e1t do m\u011bs\u00edce. To \u201eopozice\u201c n\u011bkolikr\u00e1t poru\u0161ila. N\u00e1sledoval divok\u00fd p\u0159\u00edb\u011bh o jeho \u00fadajn\u00e9 otrav\u011b \u2013 z n\u00ed\u017e se podle n\u011bmeck\u00e9 Charit\u00e9, kter\u00e1 se na l\u00e9\u010db\u011b pod\u00edlela, pln\u011b zotavil v \u0159\u00edjnu 2020.<\/p>\n<p>Podle informac\u00ed anti-spiegel.ru N\u011bmecko nikdy nep\u0159edalo d\u016fkazy ani chemick\u00e9 vzorce jedu, kter\u00fd \u00fadajn\u011b nalezlo, co\u017e potvrzuje i levicov\u011b orientovan\u00e1 Wikipedie. D\u016fvod: Navalnyj odm\u00edtl p\u0159edat l\u00e9ka\u0159sk\u00e9 informace do Ruska. Tak\u017ee mo\u017en\u00e9 propagandistick\u00e9 v\u00edt\u011bzstv\u00ed proti Rusku nebylo nikdy pln\u011b vyu\u017eito \u2013 \u00fadajn\u011b \u2013 ve prosp\u011bch z\u00e1jm\u016f ochrany dat. Rusko mohlo b\u00fdt je\u0161t\u011b v\u00edce mezin\u00e1rodn\u011b ostrakizov\u00e1no poskytnut\u00edm d\u016fkaz\u016f.<\/p>\n<p>Navalnyj se po uzdraven\u00ed nad\u00e1le odm\u00edtal hl\u00e1sit policii, proto byl na konci prosince vyd\u00e1n zatyka\u010d. 17. ledna 2021 byl Navalnyj zat\u010den p\u0159i vstupu do Ruska z N\u011bmecka. Navalnyj byl p\u016fvodn\u011b odsouzen k 30 dn\u016fm v\u011bzen\u00ed. Chcete-li zjistit, jak \u201ebrut\u00e1ln\u011b\u201c s n\u00edm zach\u00e1zel \u201ePutin\u016fv re\u017eim\u201c: Sm\u011bl nat\u00e1\u010det a vys\u00edlat sv\u016fj proces vlastn\u00edm mobiln\u00edm telefonem.<\/p>\n<h3 id=\"h-ursprunglich-in-haft-wegen-nicht-erfullter-bewahrungsauflagen\" class=\"wp-block-heading\"><span style=\"font-size: 18pt;\">P\u016fvodn\u011b ve vazb\u011b za nespln\u011bn\u00ed zku\u0161ebn\u00edch podm\u00ednek<\/span><\/h3>\n<p>Nakonec si musel v Rusku odpykat dev\u00edtilet\u00fd trest v\u011bzen\u00ed za poru\u0161en\u00ed zku\u0161ebn\u00edch podm\u00ednek. Rusko mezit\u00edm podalo nov\u00e1 obvin\u011bn\u00ed. Obvin\u011bn\u00ed se t\u00fdkala \u010dinnosti jedn\u00e9 z Navaln\u00e9ho \u201eprotikorup\u010dn\u00edch nadac\u00ed\u201c, kter\u00e1 byla zak\u00e1z\u00e1na ji\u017e v roce 2021. Nadace byla klasifikov\u00e1na jako \u201eextremistick\u00e1 skupina\u201c a dal\u0161\u00ed obvin\u011bn\u00ed bylo \u201efinancov\u00e1n\u00ed extremistick\u00fdch aktivit\u201c. Je nesporn\u00e9, \u017ee Rusko v\u017edy ukl\u00e1dalo velmi vysok\u00e9 tresty \u2013 v tomto p\u0159\u00edpad\u011b 22 let v\u011bzen\u00ed. Tyto tresty v\u0161ak nebyly zcela bezd\u016fvodn\u00e9 a \u010dist\u011b z politick\u00fdch d\u016fvod\u016f.<\/p>\n<p>Navaln\u00e9ho \u201en\u00e1hl\u00e1 a ne\u010dekan\u00e1\u201c smrt dob\u0159e zapad\u00e1 do milion\u016f \u00famrt\u00ed hl\u00e1\u0161en\u00fdch po cel\u00e9m sv\u011bt\u011b v d\u016fsledku vakc\u00edn mRNA na Covid-19. Po proch\u00e1zce se mu ud\u011blalo \u0161patn\u011b a pak ztratil v\u011bdom\u00ed. P\u0159\u00ed\u010dinou smrti by byla krevn\u00ed sra\u017eenina. To je jen pozn\u00e1mka pod \u010darou, kdy\u017e uv\u00e1\u017e\u00edme, kdo m\u00e1 z Navaln\u00e9ho smrti prosp\u011bch a jak dokonale zapad\u00e1 do globalistick\u00e9ho harmonogramu, v n\u011bm\u017e NATO denn\u011b eskaluje proti Rusku, existuje \u0159ada mo\u017en\u00fdch p\u0159edstav o okolnostech jeho smrti. Nad p\u0159edpokladem, \u017ee zahrani\u010dn\u00ed slu\u017eby nemohou v rusk\u00fdch v\u011bznic\u00edch fungovat, se lze jen m\u00edrn\u011b pousm\u00e1t.<\/p>\n<h3 id=\"h-rechtsextremer-gewaltbereiter-neonazi\" class=\"wp-block-heading\"><span style=\"font-size: 18pt;\">Pravicov\u00fd extremista, n\u00e1silnick\u00fd neonacista<\/span><\/h3>\n<p>Postava Navaln\u00e9ho je krajn\u011b sporn\u00e1. Prohl\u00e1\u0161en\u00ed, kter\u00e1 ve\u0159ejn\u011b pronesl, jsou jednozna\u010dn\u011b pravicov\u011b extremistick\u00e1 a n\u00e1siln\u00e1. O cizinc\u00edch a lidech jin\u00fdch ras, zejm\u00e9na o \u010ce\u010denc\u00edch, mluvil jako o \u0161v\u00e1bech, kter\u00e9 je t\u0159eba st\u0159\u00edlet \u2013 existuje i jak\u00e9si \u201ereklamn\u00ed video\u201c, v n\u011bm\u017e vyz\u00fdv\u00e1 obyvatelstvo k ozbrojen\u00ed. <strong>Mimochodem ruskou anexi Krymu pova\u017eoval za opr\u00e1vn\u011bnou<\/strong> \u2013 co\u017e n\u011bkter\u00e9 jeho p\u0159\u00e1tele z NATO tehdy velmi mrzelo.<\/p>\n<p><em>V dal\u0161\u00edm klipu vysv\u011btluje, \u017ee \u0161v\u00e1bi a mouchy jsou nechutn\u00e9 v\u011bci, ale lze je ovl\u00e1dat pl\u00e1ca\u010dkou na mouchy. Pak je polo\u017eena ot\u00e1zka, co byste m\u011bli d\u011blat, kdy\u017e jsou \u0161v\u00e1bi p\u0159\u00edli\u0161 velc\u00ed? A pak se objev\u00ed obr\u00e1zek \u010de\u010densk\u00fdch terorist\u016f a do studia vtrhne postava v orient\u00e1ln\u00edm kaftanu. Navalnyj ji zast\u0159el\u00ed a \u0159\u00edk\u00e1: &#8222;V tomto p\u0159\u00edpad\u011b doporu\u010duji pistoli.&#8220;<\/em><\/p>\n<p><em><cite>RND.de, 29. \u010dervence 2021<\/cite><\/em><\/p>\n<p>Existuj\u00ed videa z politick\u00fdch shrom\u00e1\u017ed\u011bn\u00ed, za kter\u00e1 byl Navalnyj zodpov\u011bdn\u00fd nebo vystupoval jako \u0159e\u010dn\u00edk \u2013 kde byl spole\u010dn\u011b uk\u00e1z\u00e1n s jeho Hitlerovo pozdravem \u2013 viz d\u016fkazn\u00ed video z X n\u00ed\u017ee.<\/p>\n<figure class=\"wp-block-embed is-type-rich is-provider-twitter wp-block-embed-twitter\">\n<div class=\"wp-block-embed__wrapper\">\n<div><img decoding=\"async\" loading=\"lazy\" class=\"wp-image-47277 aligncenter\" src=\"http:\/\/www.infokuryr.cz\/n\/wp-content\/uploads\/2024\/02\/naval1-253x300.jpg\" alt=\"\" width=\"533\" height=\"632\" srcset=\"https:\/\/www.infokuryr.cz\/n\/wp-content\/uploads\/2024\/02\/naval1-253x300.jpg 253w, https:\/\/www.infokuryr.cz\/n\/wp-content\/uploads\/2024\/02\/naval1.jpg 555w\" sizes=\"(max-width: 533px) 100vw, 533px\" \/><\/div>\n<\/div>\n<\/figure>\n<figure class=\"wp-block-embed is-type-rich is-provider-twitter wp-block-embed-twitter\">\n<div class=\"wp-block-embed__wrapper\">\n<div><a href=\"https:\/\/twitter.com\/joanybaby77\/status\/1758628189398552733?ref_src=twsrc%5Etfw%7Ctwcamp%5Etweetembed%7Ctwterm%5E1758628189398552733%7Ctwgr%5E5217b6c0f331897beaac0b8155d58cf51045b21c%7Ctwcon%5Es1_&amp;ref_url=https%3A%2F%2Freport24.news%2Falexej-nawalny-gewaltbereiter-homophober-neonazi-und-millionenbetrueger-als-held-der-linken%2F\"><img decoding=\"async\" loading=\"lazy\" class=\"wp-image-47278 aligncenter\" src=\"http:\/\/www.infokuryr.cz\/n\/wp-content\/uploads\/2024\/02\/naval2-215x300.jpg\" alt=\"\" width=\"539\" height=\"752\" srcset=\"https:\/\/www.infokuryr.cz\/n\/wp-content\/uploads\/2024\/02\/naval2-215x300.jpg 215w, https:\/\/www.infokuryr.cz\/n\/wp-content\/uploads\/2024\/02\/naval2.jpg 541w\" sizes=\"(max-width: 539px) 100vw, 539px\" \/><\/a><\/div>\n<\/div>\n<\/figure>\n<p>Kdy\u017e vypukl konflikt mezi Ruskem a Gruzi\u00ed, Navalnyj se uk\u00e1zal jako rasistick\u00fd agit\u00e1tor a vyzval k bombardov\u00e1n\u00ed Tbilisi, \u201ehlavn\u00edho m\u011bsta hlodavc\u016f\u201c. Opakovan\u011b tak\u00e9 na\u0161el jasn\u00e1 slova pro homosexu\u00e1ly, kdy\u017e \u0159ekl, \u017ee tito \u201ebu\u010f\u00e1ci\u201c by m\u011bli b\u00fdt zav\u0159eni. Aktivist\u00e9 za ob\u010dansk\u00e1 pr\u00e1va \u2013 na Z\u00e1pad\u011b by se jim \u0159\u00edkalo \u201eprobuzen\u00ed levi\u010d\u00e1ci\u201c, vysv\u011btlil, \u201ekvaziliber\u00e1ln\u00ed blouznivci\u201c.<\/p>\n<p><em>V polovin\u011b roku 2000 Navalnyj, tehdy m\u00e1lo zn\u00e1m\u00fd blogger, kter\u00e9mu bylo n\u011bco p\u0159es t\u0159icet, vynikal sv\u00fdmi pravicov\u011b-populistick\u00fdmi n\u00e1zory. Ve videu zve\u0159ejn\u011bn\u00e9m v roce 2007 nacionalistick\u00fdm hnut\u00edm \u201eThe People\u201c obhajoval vlastnictv\u00ed zbran\u00ed a obhajoval n\u00e1sil\u00ed proti islamist\u016fm. V roce 2008 na sv\u00e9m blogu nazval Gruz\u00ednce \u201ehlodavci\u201c a vyzval k jejich deportaci z Ruska. P\u0159\u00edle\u017eitost\u00ed byla srpnov\u00e1 v\u00e1lka mezi Ruskem a Gruzi\u00ed v Ji\u017en\u00ed Osetii. V t\u00e9 dob\u011b tak\u00e9 Navalnyj pochodoval v tzv. \u201eRusk\u00fdch pochodech\u201c, kolektivn\u00edm hnut\u00ed nacionalistick\u00fdch, ale i pravicov\u011b extremistick\u00fdch sil, kter\u00e9 mimo jin\u00e9 rozdm\u00fdch\u00e1valo sentiment proti Kavkazan\u016fm.<\/em><\/p>\n<p><em><cite>DW.com 25. \u00fanora 2021<\/cite><\/em><\/p>\n<p>Pokud byl Navalnyj \u201enejd\u016fle\u017eit\u011bj\u0161\u00edm kritikem Kremlu\u201c, pak to tak\u00e9 hodn\u011b vypov\u00edd\u00e1 o kremelsk\u00fdch kritic\u00edch a jejich p\u0159\u00e1tel\u00edch. Ka\u017ed\u00fd, kdo nyn\u00ed bez rozd\u00edlu obch\u00e1z\u00ed, nad\u00e1v\u00e1 Putinovi a Putinovu Rusku a vykresluje Navaln\u00e9ho jako ob\u011b\u0165 Kremlu, se pravd\u011bpodobn\u011b op\u011bt stal ob\u011bt\u00ed mainstreamov\u00e9 propagandy. <strong>P\u0159\u00edpad Navalnyj je vyu\u017e\u00edv\u00e1n k tomu, aby hnal Z\u00e1pad o krok d\u00e1le do v\u00e1lky proti Rusku. Skute\u010dnost, \u017ee k tomu mus\u00ed b\u00fdt vyu\u017eita smrt neonacisty, vypov\u00edd\u00e1 o mor\u00e1ln\u00ed zka\u017eenosti t\u011bch, kte\u0159\u00ed za t\u00edm stoj\u00ed.<\/strong><\/p>\n<p>N\u00ed\u017ee je \u201eslavn\u00e9\u201c video Navaln\u00e9ho, \u200b\u200bkde prohla\u0161uje \u010ce\u010dence za \u0161v\u00e1by a st\u0159\u00edl\u00ed je.<\/p>\n<div class=\"video-wrapper\"><iframe loading=\"lazy\" title=\"P\u0159ehr\u00e1va\u010d videa YouTube\" src=\"https:\/\/www.youtube.com\/embed\/Q8ILxqIEEMg?si=kjgMxqEfkRay2oEr\" width=\"560\" height=\"315\" frameborder=\"0\" allowfullscreen=\"allowfullscreen\" data-mce-fragment=\"1\"><\/iframe><\/div>\n<h3 id=\"h-mainstream-quellen-uber-die-hintergrunde-nawalnys\" class=\"wp-block-heading\"><span style=\"font-size: 18pt;\">Mainstreamov\u00e9 zdroje o Navaln\u00e9ho pozad\u00ed<\/span><\/h3>\n<p>N\u00ed\u017ee v\u00e1m nab\u00edz\u00edme kr\u00e1tk\u00fd, ne\u00fapln\u00fd v\u00fd\u010det Navaln\u00e9ho aktu\u00e1ln\u00ed politick\u00e9 orientace a mentality, jak se je\u0161t\u011b p\u0159ed n\u011bkolika lety mohl do\u010d\u00edst v mainstreamov\u00fdch m\u00e9di\u00edch. U\u017eijte si to a myslete na sebe.<\/p>\n<ul>\n<li><a href=\"https:\/\/www.wienerzeitung.at\/h\/die-vielen-gesichter-des-alexej-nawalny\" target=\"_blank\" rel=\"noreferrer noopener\">7. b\u0159ezna 2021 &#8211; Mnoho tv\u00e1\u0159\u00ed Alexeje Navaln\u00e9ho &#8211; Wiener Zeitung<\/a><\/li>\n<li><a href=\"https:\/\/www.deutschlandfunk.de\/populismus-und-nationalismus-nawalnys-politische-agenda-100.html\" target=\"_blank\" rel=\"noreferrer noopener\">28. ledna 2021 \u2013 Populismus a nacionalismus, Navaln\u00e9ho politick\u00e1 agenda \u2013 Deutschlandfunk<\/a><\/li>\n<li><a href=\"https:\/\/www.mopo.de\/news\/rassistisch-rechtsradikal-homophob-nawalny-die-dunklen-seiten-des-kremlkritikers-37373234\/\" target=\"_blank\" rel=\"noreferrer noopener\">26. z\u00e1\u0159\u00ed 2020 \u2013 Rasista, pravicov\u00fd extremista, homofob? Navalnyj: Temn\u00e1 strana \u201ekritika Kremlu\u201c \u2013 MOPO<\/a><\/li>\n<li><a href=\"https:\/\/www.dw.com\/de\/amnesty-streit-vergangenheit-holt-nawalny-ein\/a-56703769\" target=\"_blank\" rel=\"noreferrer noopener\">25. \u00fanora 2021 \u2013 Spor o amnestii: V\u010dera doh\u00e1n\u00ed Navaln\u00e9ho \u2013 DW<\/a><\/li>\n<li><a href=\"https:\/\/www.deutschlandfunkkultur.de\/rassismusvorwuerfe-gegen-nawalny-ein-grosses-geschenk-fuer-100.html\" target=\"_blank\" rel=\"noreferrer noopener\">25. \u00fanora 2021 \u2013 Obvin\u011bn\u00ed Navaln\u00e9ho z rasismu, \u201eSkv\u011bl\u00fd d\u00e1rek pro ruskou propagandu\u201c \u2013 Deutschlandfunk<\/a><\/li>\n<li><a href=\"https:\/\/www.ostpol.de\/beitrag\/4921-nawalny-retter-oder-rassist\">22. \u010dervna 2017 \u2013 Navalnyj \u2013 spasitel nebo rasista? \u2013 Ostpol.de<\/a><em>Koment\u00e1\u0159 od Williho Hubera<\/em><em><span>Koment\u00e1\u0159 od Williho Hubera\n<p><\/span><\/em><\/li>\n<\/ul>\n","protected":false},"excerpt":{"rendered":"<p>Levicov\u00e1 m\u00e9dia maj\u00ed bu\u010f velkou sm\u016flu v my\u0161len\u00ed, velmi kr\u00e1tkou pam\u011b\u0165 \u2013 nebo tvrdou ruku&#8230;<\/p>\n","protected":false},"author":2,"featured_media":47275,"comment_status":"closed","ping_status":"closed","sticky":false,"template":"","format":"standard","meta":[],"categories":[7],"tags":[29,158,301],"_links":{"self":[{"href":"https:\/\/www.infokuryr.cz\/n\/wp-json\/wp\/v2\/posts\/47274"}],"collection":[{"href":"https:\/\/www.infokuryr.cz\/n\/wp-json\/wp\/v2\/posts"}],"about":[{"href":"https:\/\/www.infokuryr.cz\/n\/wp-json\/wp\/v2\/types\/post"}],"author":[{"embeddable":true,"href":"https:\/\/www.infokuryr.cz\/n\/wp-json\/wp\/v2\/users\/2"}],"replies":[{"embeddable":true,"href":"https:\/\/www.infokuryr.cz\/n\/wp-json\/wp\/v2\/comments?post=47274"}],"version-history":[{"count":1,"href":"https:\/\/www.infokuryr.cz\/n\/wp-json\/wp\/v2\/posts\/47274\/revisions"}],"predecessor-version":[{"id":47276,"href":"https:\/\/www.infokuryr.cz\/n\/wp-json\/wp\/v2\/posts\/47274\/revisions\/47276"}],"wp:featuredmedia":[{"embeddable":true,"href":"https:\/\/www.infokuryr.cz\/n\/wp-json\/wp\/v2\/media\/47275"}],"wp:attachment":[{"href":"https:\/\/www.infokuryr.cz\/n\/wp-json\/wp\/v2\/media?parent=47274"}],"wp:term":[{"taxonomy":"category","embeddable":true,"href":"https:\/\/www.infokuryr.cz\/n\/wp-json\/wp\/v2\/categories?post=47274"},{"taxonomy":"post_tag","embeddable":true,"href":"https:\/\/www.infokuryr.cz\/n\/wp-json\/wp\/v2\/tags?post=47274"}],"curies":[{"name":"wp","href":"https:\/\/api.w.org\/{rel}","templated":true}]}}