{"id":4727,"date":"2021-09-14T03:17:46","date_gmt":"2021-09-14T01:17:46","guid":{"rendered":"http:\/\/www.infokuryr.cz\/n\/?p=4727"},"modified":"2021-09-14T03:17:46","modified_gmt":"2021-09-14T01:17:46","slug":"merkelova-ve-varsave-zazehnavala-polexit","status":"publish","type":"post","link":"https:\/\/www.infokuryr.cz\/n\/2021\/09\/14\/merkelova-ve-varsave-zazehnavala-polexit\/","title":{"rendered":"Merkelov\u00e1 ve Var\u0161av\u011b za\u017eehn\u00e1vala Polexit"},"content":{"rendered":"<div id=\"fb-root\"><\/div>\n<p>Jak vidno na brexitu, exity z EU v\u00edce po\u0161kod\u00ed j\u00ed ne\u017e existuj\u00edc\u00ed zemi. Polexit by nepochybn\u011b byla pro EU r\u00e1na. Na rozd\u00edl od beran\u016f (a ovc\u00ed) v Bruselu, Merkelov\u00e1 nelenila a vydala se do Var\u0161avy nasadit v\u0161echny sv\u00e9 zb\u00fdvaj\u00edc\u00ed p\u00e1ky. Prezident Duda u\u017e ji ov\u0161em necht\u011bl ani vid\u011bt, a tak polsk\u00fd st\u00e1t reprezentoval premi\u00e9r Morawiecki.<\/p>\n<p>Merkelov\u00e1 nab\u00eddla, \u017ee se ve v\u011bci sporu Polsko EU bude anga\u017eovat za urovn\u00e1n\u00ed, nakolik takov\u00e9to v\u011bci p\u0159\u00edslu\u0161\u00ed \u0159e\u0161it p\u0159edev\u0161\u00edm dialogem (a ne jako doposud). &#8222;Politika je p\u0159ece v\u00edc, ne\u017e j\u00edt k soudu&#8220;, vrhla na dosavadn\u00ed bruselsk\u00e9 jednaj\u00edc\u00ed \u010dinovn\u00edky st\u00edn tuposti Merkelov\u00e9.<\/p>\n<p><a href=\"https:\/\/www.rp.pl\/dyplomacja\/art18910261-angela-merkel-obawia-sie-polexitu-kanclerz-pomoze-rozwiazac-spor-z-bruksela\">ZDROJ<\/a><\/p>\n<p>&nbsp;<\/p>\n","protected":false},"excerpt":{"rendered":"<p>Jak vidno na brexitu, exity z EU v\u00edce po\u0161kod\u00ed j\u00ed ne\u017e existuj\u00edc\u00ed zemi. Polexit by&#8230;<\/p>\n","protected":false},"author":2,"featured_media":2616,"comment_status":"closed","ping_status":"closed","sticky":false,"template":"","format":"standard","meta":[],"categories":[7],"tags":[41,505,31],"_links":{"self":[{"href":"https:\/\/www.infokuryr.cz\/n\/wp-json\/wp\/v2\/posts\/4727"}],"collection":[{"href":"https:\/\/www.infokuryr.cz\/n\/wp-json\/wp\/v2\/posts"}],"about":[{"href":"https:\/\/www.infokuryr.cz\/n\/wp-json\/wp\/v2\/types\/post"}],"author":[{"embeddable":true,"href":"https:\/\/www.infokuryr.cz\/n\/wp-json\/wp\/v2\/users\/2"}],"replies":[{"embeddable":true,"href":"https:\/\/www.infokuryr.cz\/n\/wp-json\/wp\/v2\/comments?post=4727"}],"version-history":[{"count":0,"href":"https:\/\/www.infokuryr.cz\/n\/wp-json\/wp\/v2\/posts\/4727\/revisions"}],"wp:featuredmedia":[{"embeddable":true,"href":"https:\/\/www.infokuryr.cz\/n\/wp-json\/wp\/v2\/media\/2616"}],"wp:attachment":[{"href":"https:\/\/www.infokuryr.cz\/n\/wp-json\/wp\/v2\/media?parent=4727"}],"wp:term":[{"taxonomy":"category","embeddable":true,"href":"https:\/\/www.infokuryr.cz\/n\/wp-json\/wp\/v2\/categories?post=4727"},{"taxonomy":"post_tag","embeddable":true,"href":"https:\/\/www.infokuryr.cz\/n\/wp-json\/wp\/v2\/tags?post=4727"}],"curies":[{"name":"wp","href":"https:\/\/api.w.org\/{rel}","templated":true}]}}