{"id":47263,"date":"2024-02-17T06:11:59","date_gmt":"2024-02-17T05:11:59","guid":{"rendered":"https:\/\/www.infokuryr.cz\/n\/?p=47263"},"modified":"2024-02-17T11:46:10","modified_gmt":"2024-02-17T10:46:10","slug":"ruske-ministerstvo-zahranici-komentuje-reakce-zapadu-na-navalneho-smrt","status":"publish","type":"post","link":"https:\/\/www.infokuryr.cz\/n\/2024\/02\/17\/ruske-ministerstvo-zahranici-komentuje-reakce-zapadu-na-navalneho-smrt\/","title":{"rendered":"Rusk\u00e9 ministerstvo zahrani\u010d\u00ed komentuje reakce Z\u00e1padu na Navaln\u00e9ho smrt"},"content":{"rendered":"<div id=\"fb-root\"><\/div>\n<p><span style=\"font-size: 18pt;\"><strong>Prohl\u00e1\u0161en\u00ed obvi\u0148uj\u00edc\u00ed Moskvu p\u0159i\u0161la b\u011bhem n\u011bkolika minut a zd\u00e1lo se, \u017ee n\u00e1sledovala \u0161ablonu<\/strong><\/span><\/p>\n<p>Zd\u00e1 se, \u017ee USA a jejich evrop\u0161t\u00ed spojenci pou\u017eili p\u0159ipraven\u00e9 body k jedn\u00e1n\u00ed, aby okam\u017eit\u011b obvinili Rusko z \u00famrt\u00ed blogera Alexeje Navaln\u00e9ho v jeho sibi\u0159sk\u00e9m v\u011bzen\u00ed, uvedlo v p\u00e1tek rusk\u00e9 ministerstvo zahrani\u010d\u00ed.<\/p>\n<p>Navalnyj (47), zkolaboval b\u011bhem sv\u00e9 ka\u017edodenn\u00ed proch\u00e1zky a pozd\u011bji byl prohl\u00e1\u0161en za mrtv\u00e9ho. P\u0159\u00ed\u010dina smrti se st\u00e1le zji\u0161\u0165uje.<\/p>\n<p>Reakce Z\u00e1padu\u00a0<em>\u201eop\u011bt uk\u00e1zaly sv\u00e9 pokrytectv\u00ed, cynismus a nedostatek z\u00e1sad,\u201c<\/em>\u00a0uvedlo v prohl\u00e1\u0161en\u00ed moskevsk\u00e9 ministerstvo zahrani\u010d\u00ed.<\/p>\n<p>Feder\u00e1ln\u00ed v\u011bze\u0148sk\u00e1 slu\u017eba Ruska pro Jamalsko-n\u011bn\u011bckou autonomn\u00ed oblast ozn\u00e1mila Navaln\u00e9ho smrt ve 14:19 moskevsk\u00e9ho \u010dasu a\u00a0<em>\u201espousta obvin\u011bn\u00ed z kop\u00edrov\u00e1n\u00ed se za\u010dala hrnout doslova o 15 minut pozd\u011bji\u201c.<\/em><\/p>\n<p>Prvn\u00ed zpr\u00e1va p\u0159i\u0161la od \u0161v\u00e9dsk\u00e9ho ministra zahrani\u010d\u00ed Tobiase Billstroma (\u00a0<em>\u201eohavn\u00fd zlo\u010din\u201c<\/em>\u00a0) a norsk\u00e9ho ministra zahrani\u010d\u00ed Barta Eideho (\u00a0<em>\u201et\u011b\u017ek\u00e9 b\u0159emeno odpov\u011bdnosti\u201c<\/em>\u00a0) ve 14:35, zat\u00edmco loty\u0161sk\u00fd prezident Edgars Rinkevics se p\u0159ipojil (\u00a0<em>\u201ebrut\u00e1ln\u011b zavra\u017ed\u011bn\u201c<\/em> ) o \u0161est minut pozd\u011bji.<\/p>\n<p>\u010cesk\u00fd FM Jan Lipavsky n\u00e1sledoval p\u0159\u00edklad a obvinil Rusko z toho, \u017ee je\u00a0<em>\u201ekrut\u00fdm st\u00e1tem, kter\u00fd zab\u00edj\u00ed lidi, kte\u0159\u00ed sn\u00ed o kr\u00e1sn\u00e9 a lep\u0161\u00ed budoucnosti\u201c.\u00a0<\/em>O minutu pozd\u011bji Francouz Stephane Sejourne prohl\u00e1sil, \u017ee Navalnyj bojoval proti\u00a0<em>\u201esyst\u00e9mu \u00fatlaku\u201c.<\/em><\/p>\n<p>P\u0159edseda Evropsk\u00e9 rady Charles Michel v 15:02 prohl\u00e1sil , \u017ee\u00a0EU\u00a0<em>\u201ep\u0159ipisuje odpov\u011bdnost za tuto tragickou smrt v\u00fdhradn\u011b rusk\u00e9mu re\u017eimu .\u00a0<\/em>O osm minut pozd\u011bji ukrajinsk\u00fd prezident Vladimir Zelenskyj prohl\u00e1sil, \u017ee Navaln\u00e9ho\u00a0<em>\u201ezjevn\u011b zabil [rusk\u00fd prezident Vladimir] Putin\u201c.<\/em><\/p>\n<p>V litanii pokra\u010doval holandsk\u00fd premi\u00e9r Mark Rutte (\u00a0<em>\u201ebezprecedentn\u00ed krutost\u201c<\/em>\u00a0) v 15:20, moldavsk\u00e1 prezidentka Maia Sandu (\u00a0<em>\u201edo o\u010d\u00ed bij\u00edc\u00ed \u00fatlak\u201c<\/em>\u00a0) o deset minut pozd\u011bji a n\u011bmeck\u00e1 FM Annalena B\u00e4rbock p\u011bt minut pot\u00e9, kdy\u017e prohl\u00e1sili, \u017ee Navalny\u00a0<em>\u201emus\u00ed zem\u0159\u00edt\u201c<\/em>\u00a0, proto\u017ee byl\u00a0<em>\u201esymbolem svobodn\u00e9ho a demokratick\u00e9ho Ruska\u201c.<\/em><\/p>\n<p>Pot\u00e9 se ozvala p\u0159edsedkyn\u011b Evropsk\u00e9 komise Ursula von der Leyenov\u00e1, v 17:28 n\u011bmeck\u00fd kancl\u00e9\u0159 Olaf Scholz, americk\u00fd ministr zahrani\u010d\u00ed Antony Blinken a nakonec francouzsk\u00fd prezident Emmanuel Macron.<\/p>\n<p>B\u011bhem pouh\u00fdch dvou hodin byli z\u00e1padn\u00ed politici a m\u00e9dia schopni\u00a0<em>\u201ez\u00edskat v\u00fdsledky forenzn\u00edho zkoum\u00e1n\u00ed, kter\u00e9 je\u0161t\u011b nebylo provedeno, prov\u00e9st vy\u0161et\u0159ov\u00e1n\u00ed, obvinit Moskvu a vyn\u00e9st rozsudek,\u201c<\/em> poznamenalo rusk\u00e9 ministerstvo zahrani\u010d\u00ed s t\u00edm, \u017ee reakce musela b\u00fdt p\u0159ipravena p\u0159edem a podle \u0161ablony <em>\u201eobvi\u0148ovat Rusko bez ohledu na to, co se stalo\u201c<\/em>\u00a0.<\/p>\n<p><em>\u201eMohli bychom uv\u011b\u0159it v tuto neuv\u011b\u0159itelnou, z\u00e1zra\u010dnou rychlost, kdyby cel\u00fd sv\u011bt jen nesledoval bezmocn\u00e9 \u201avy\u0161et\u0159ov\u00e1n\u00ed\u2018 teroristick\u00fdch \u00fatok\u016f na plynovod Nord Stream, kter\u00fd se t\u00e1hl po mnoho m\u011bs\u00edc\u016f a byl pr\u00e1zdn\u00fd,\u201c dodalo<\/em> ministerstvo.<\/p>\n<p><span style=\"color: #993366; font-size: 18pt;\"><strong>Pozn\u00e1mka redakce:<\/strong><\/span><\/p>\n<p><span style=\"color: #993366;\"><strong>Sly\u0161eli jste v z\u00e1padn\u00edch m\u00e9di\u00ed a z \u00fast z\u00e1padn\u00edch p\u0159edstavitel\u016f o zabit\u00ed, v ukrajinsk\u00e9 v\u011bznici, zn\u00e1m\u00e9ho novin\u00e1\u0159e Gonzala Liry? Nic, v\u0161ichni ml\u010deli a p\u0159itom tento novin\u00e1\u0159 byl opravdu politick\u00fd v\u011bze\u0148 Zelensk\u00e9ho re\u017eimu oproti Navaln\u00e9mu, kter\u00fd byl ve v\u011bznici za krimin\u00e1ln\u00ed \u010diny!\u00a0<\/strong><\/span><\/p>\n<p>RT provedla srovn\u00e1n\u00ed, kolik \u010dl\u00e1nk\u016f o jeho smrti v ukrajinsk\u00e9m v\u011bzen\u00ed p\u0159inesla z\u00e1padn\u00ed m\u00e9dia v porovn\u00e1n\u00ed s \u010dl\u00e1nky o smrti Navaln\u00e9ho v rusk\u00e9m v\u011bzen\u00ed. Ta tabulka nepot\u0159ebuje koment\u00e1\u0159. Tomu se \u0159\u00edk\u00e1 pokrytectv\u00ed a licom\u011brnost z\u00e1padn\u00edch m\u00e9di\u00ed.<\/p>\n<p><img decoding=\"async\" loading=\"lazy\" class=\"wp-image-47265 aligncenter\" src=\"http:\/\/www.infokuryr.cz\/n\/wp-content\/uploads\/2024\/02\/lira-navalnyj-clanky-300x300.jpg\" alt=\"\" width=\"515\" height=\"515\" srcset=\"https:\/\/www.infokuryr.cz\/n\/wp-content\/uploads\/2024\/02\/lira-navalnyj-clanky-300x300.jpg 300w, https:\/\/www.infokuryr.cz\/n\/wp-content\/uploads\/2024\/02\/lira-navalnyj-clanky-150x150.jpg 150w\" sizes=\"(max-width: 515px) 100vw, 515px\" \/><\/p>\n<p>Kdy\u017e um\u0159e v rusk\u00e9m v\u011bzen\u00ed rusk\u00fd extr\u00e9mista, kter\u00fd pracoval pro britskou MI6, tak se z\u00e1padn\u00ed m\u00e9dia mohou zbl\u00e1znit. Kdy\u017e ale v ukrajinsk\u00e9m v\u011bzen\u00ed um\u0159e v\u00e1le\u010dn\u00fd zpravodaj a ob\u010dansk\u00fd aktivista, kter\u00fd\u00a0<strong>odhaloval pravdu o ukrajinsk\u00e9m nacismu, o zlo\u010dinech ukrajinsk\u00e9 arm\u00e1dy, o st\u0159\u00edlen\u00ed ukrajinsk\u00e9ho d\u011blost\u0159electva na reziden\u010dn\u00ed z\u00f3ny v Don\u011bcku<\/strong>\u00a0jenom kv\u016fli tomu, \u017ee v t\u011bch bytovk\u00e1ch bydl\u00ed civilist\u00e9 hl\u00e1s\u00edc\u00ed se k rusk\u00e9 n\u00e1rodnosti, tak z\u00e1padn\u00ed m\u00e9dia ml\u010d\u00ed.<\/p>\n<p><span style=\"color: #ff0000; font-size: 14pt;\"><strong>O poprav\u011b, Zelensk\u00e9ho re\u017eimem, novin\u00e1\u0159e Liry jsme psali: <a style=\"color: #ff0000;\" href=\"https:\/\/www.infokuryr.cz\/n\/2024\/01\/15\/americky-valecny-zpravodaj-gonzalo-lira-byl-umucen-ve-vezeni-v-charkove\/\">ZDE <\/a>a\u00a0<a style=\"color: #ff0000;\" href=\"https:\/\/www.infokuryr.cz\/n\/2024\/01\/14\/gonzalo-lira-americka-vlada-povolila-ukrajine-zabit-americkeho-novinare-ktery-kritizoval-diktatora-zelenskeho\/\">ZDE<\/a><\/strong><\/span><\/p>\n<p><img decoding=\"async\" loading=\"lazy\" class=\"alignnone size-full wp-image-1185\" src=\"http:\/\/www.infokuryr.cz\/n\/wp-content\/uploads\/2021\/04\/kuryr-podpis.png\" alt=\"\" width=\"84\" height=\"24\" \/><\/p>\n<p>&nbsp;<\/p>\n<p>&nbsp;<\/p>\n","protected":false},"excerpt":{"rendered":"<p>Prohl\u00e1\u0161en\u00ed obvi\u0148uj\u00edc\u00ed Moskvu p\u0159i\u0161la b\u011bhem n\u011bkolika minut a zd\u00e1lo se, \u017ee n\u00e1sledovala \u0161ablonu Zd\u00e1 se,&#8230;<\/p>\n","protected":false},"author":2,"featured_media":22627,"comment_status":"closed","ping_status":"closed","sticky":false,"template":"","format":"standard","meta":[],"categories":[7],"tags":[301,811,22],"_links":{"self":[{"href":"https:\/\/www.infokuryr.cz\/n\/wp-json\/wp\/v2\/posts\/47263"}],"collection":[{"href":"https:\/\/www.infokuryr.cz\/n\/wp-json\/wp\/v2\/posts"}],"about":[{"href":"https:\/\/www.infokuryr.cz\/n\/wp-json\/wp\/v2\/types\/post"}],"author":[{"embeddable":true,"href":"https:\/\/www.infokuryr.cz\/n\/wp-json\/wp\/v2\/users\/2"}],"replies":[{"embeddable":true,"href":"https:\/\/www.infokuryr.cz\/n\/wp-json\/wp\/v2\/comments?post=47263"}],"version-history":[{"count":1,"href":"https:\/\/www.infokuryr.cz\/n\/wp-json\/wp\/v2\/posts\/47263\/revisions"}],"predecessor-version":[{"id":47264,"href":"https:\/\/www.infokuryr.cz\/n\/wp-json\/wp\/v2\/posts\/47263\/revisions\/47264"}],"wp:featuredmedia":[{"embeddable":true,"href":"https:\/\/www.infokuryr.cz\/n\/wp-json\/wp\/v2\/media\/22627"}],"wp:attachment":[{"href":"https:\/\/www.infokuryr.cz\/n\/wp-json\/wp\/v2\/media?parent=47263"}],"wp:term":[{"taxonomy":"category","embeddable":true,"href":"https:\/\/www.infokuryr.cz\/n\/wp-json\/wp\/v2\/categories?post=47263"},{"taxonomy":"post_tag","embeddable":true,"href":"https:\/\/www.infokuryr.cz\/n\/wp-json\/wp\/v2\/tags?post=47263"}],"curies":[{"name":"wp","href":"https:\/\/api.w.org\/{rel}","templated":true}]}}