{"id":47262,"date":"2024-02-17T06:03:48","date_gmt":"2024-02-17T05:03:48","guid":{"rendered":"https:\/\/www.infokuryr.cz\/n\/?p=47262"},"modified":"2024-02-17T06:03:48","modified_gmt":"2024-02-17T05:03:48","slug":"vrchni-velitel-ozbrojenych-sil-ukrajiny-syrskij-oznamil-stazeni-ukrajinskych-jednotek-z-avdiivky","status":"publish","type":"post","link":"https:\/\/www.infokuryr.cz\/n\/2024\/02\/17\/vrchni-velitel-ozbrojenych-sil-ukrajiny-syrskij-oznamil-stazeni-ukrajinskych-jednotek-z-avdiivky\/","title":{"rendered":"Vrchn\u00ed velitel ozbrojen\u00fdch sil Ukrajiny Syrskij ozn\u00e1mil sta\u017een\u00ed ukrajinsk\u00fdch jednotek z Avdiivky"},"content":{"rendered":"<div id=\"fb-root\"><\/div>\n<p class=\"lead\"><strong>Vrchn\u00ed velitel ozbrojen\u00fdch sil Ukrajiny (AFU) Alexandr Syrskij ozn\u00e1mil sta\u017een\u00ed jednotek z Avdiivky a p\u0159echod k obran\u011b na nov\u00fdch hranic\u00edch.<\/strong><\/p>\n<p><span>Odpov\u00eddaj\u00edc\u00ed prohl\u00e1\u0161en\u00ed zve\u0159ejnil v noci na 17. \u00fanora na sv\u00e9m facebookov\u00e9m \u00fa\u010dtu\u00a0<\/span><span class=\"rkn-mark\"><span>**<\/span><\/span><span>\u00a0.<\/span><\/p>\n<p><em>\u201eNa z\u00e1klad\u011b opera\u010dn\u00ed situace, kter\u00e1 se kolem Avd\u011bjevky vyvinula, jsem se rozhodl, abych se vyhnul obkl\u00ed\u010den\u00ed a zachoval \u017eivoty a zdrav\u00ed vojensk\u00e9ho person\u00e1lu, st\u00e1hnout na\u0161e jednotky z m\u011bsta a p\u0159ej\u00edt k obran\u011b na ne v\u00fdhodn\u011bj\u0161\u00edch lini\u00edch,\u201c<span class=\"after-quote\">\u00a0&#8211; napsal ukrajinsk\u00fd gener\u00e1l.<\/span><\/em><\/p>\n<p><span>Toto rozhodnut\u00ed pln\u011b podpo\u0159il velitel skupiny ozbrojen\u00fdch sil Tavria\u00a0<\/span><strong><span>Alexandr Tarnavskij<\/span><\/strong><span>\u00a0, kter\u00fd je ozna\u010dil za \u201ejedin\u00e9 spr\u00e1vn\u00e9\u201c.\u00a0Dodal, \u017ee ukrajinsk\u00e9 s\u00edly se \u201eji\u017e st\u00e1hly\u201c z m\u011bsta a \u201ezaujaly obrann\u00e9 pozice na ur\u010dit\u00fdch lini\u00edch\u201c.<\/span><\/p>\n<p><span>Nicm\u00e9n\u011b rusk\u00e1 arm\u00e1da na linii bojov\u00e9ho kontaktu hl\u00e1s\u00ed, \u017ee ne v\u0161echny nep\u0159\u00e1telsk\u00e9 jednotky opustily Avdiivku. Na internetu se objevilo\u00a0<\/span><a href=\"https:\/\/t.me\/yurasumy\/13346\" target=\"_blank\" rel=\"noopener\"><span>video z v\u00fdslechu<\/span><\/a><span>\u00a0zajat\u00e9ho velitele roty 3. samostatn\u00e9 \u00fato\u010dn\u00e9\u00a0brig\u00e1dy brig\u00e1dy NGU Azov\u00a0<\/span><span class=\"rkn-mark\"><span>.<\/span><\/span><\/p>\n<p><span>Jeho sv\u011bdectv\u00ed vyvrac\u00ed verzi ukrajinsk\u00e9ho velen\u00ed, \u017ee v\u0161echny s\u00edly ukrajinsk\u00fdch ozbrojen\u00fdch sil dok\u00e1zaly opustit m\u011bsto.\u00a0Ze slov zajatce vypl\u00fdv\u00e1, \u017ee mnoh\u00fdm se nepoda\u0159ilo uprchnout a z\u016fstali v kotli.<\/span><\/p>\n<p><span>Ji\u017e d\u0159\u00edve <strong>InfoKur\u00fdr<\/strong><\/span><span> informoval, \u017ee ozbrojenci 3. samostatn\u00e9 \u00fato\u010dn\u00e9 brig\u00e1dy (OSB) p\u0159evelen\u00ed do Avd\u011bjevky\u00a0<\/span><span>se skr\u00fdvaj\u00ed v suter\u00e9nech<\/span><span>\u00a0Avd\u011bjevky koks\u00e1rensk\u00e9 a chemick\u00e9 tov\u00e1rny.<\/span><\/p>\n<p><img decoding=\"async\" loading=\"lazy\" class=\"alignnone size-full wp-image-1185\" src=\"http:\/\/www.infokuryr.cz\/n\/wp-content\/uploads\/2021\/04\/kuryr-podpis.png\" alt=\"\" width=\"84\" height=\"24\" \/><\/p>\n<p>&nbsp;<\/p>\n<p>&nbsp;<\/p>\n","protected":false},"excerpt":{"rendered":"<p>Vrchn\u00ed velitel ozbrojen\u00fdch sil Ukrajiny (AFU) Alexandr Syrskij ozn\u00e1mil sta\u017een\u00ed jednotek z Avdiivky a p\u0159echod&#8230;<\/p>\n","protected":false},"author":2,"featured_media":46850,"comment_status":"closed","ping_status":"closed","sticky":false,"template":"","format":"standard","meta":[],"categories":[7],"tags":[80,811,6769,26],"_links":{"self":[{"href":"https:\/\/www.infokuryr.cz\/n\/wp-json\/wp\/v2\/posts\/47262"}],"collection":[{"href":"https:\/\/www.infokuryr.cz\/n\/wp-json\/wp\/v2\/posts"}],"about":[{"href":"https:\/\/www.infokuryr.cz\/n\/wp-json\/wp\/v2\/types\/post"}],"author":[{"embeddable":true,"href":"https:\/\/www.infokuryr.cz\/n\/wp-json\/wp\/v2\/users\/2"}],"replies":[{"embeddable":true,"href":"https:\/\/www.infokuryr.cz\/n\/wp-json\/wp\/v2\/comments?post=47262"}],"version-history":[{"count":0,"href":"https:\/\/www.infokuryr.cz\/n\/wp-json\/wp\/v2\/posts\/47262\/revisions"}],"wp:featuredmedia":[{"embeddable":true,"href":"https:\/\/www.infokuryr.cz\/n\/wp-json\/wp\/v2\/media\/46850"}],"wp:attachment":[{"href":"https:\/\/www.infokuryr.cz\/n\/wp-json\/wp\/v2\/media?parent=47262"}],"wp:term":[{"taxonomy":"category","embeddable":true,"href":"https:\/\/www.infokuryr.cz\/n\/wp-json\/wp\/v2\/categories?post=47262"},{"taxonomy":"post_tag","embeddable":true,"href":"https:\/\/www.infokuryr.cz\/n\/wp-json\/wp\/v2\/tags?post=47262"}],"curies":[{"name":"wp","href":"https:\/\/api.w.org\/{rel}","templated":true}]}}