{"id":47260,"date":"2024-02-17T05:59:07","date_gmt":"2024-02-17T04:59:07","guid":{"rendered":"https:\/\/www.infokuryr.cz\/n\/?p=47260"},"modified":"2024-02-17T05:59:07","modified_gmt":"2024-02-17T04:59:07","slug":"vysmaty-alexej-navalny-v-soudni-videokonferenci-ve-ctvrtek-mel-dalsi-stani-a-byl-v-dobre-kondici","status":"publish","type":"post","link":"https:\/\/www.infokuryr.cz\/n\/2024\/02\/17\/vysmaty-alexej-navalny-v-soudni-videokonferenci-ve-ctvrtek-mel-dalsi-stani-a-byl-v-dobre-kondici\/","title":{"rendered":"Vysm\u00e1t\u00fd Alexej Navaln\u00fd v soudn\u00ed videokonferenci ve \u010dtvrtek m\u011bl dal\u0161\u00ed st\u00e1n\u00ed a byl v dobr\u00e9 kondici&#8230;"},"content":{"rendered":"<div id=\"fb-root\"><\/div>\n<h4>Vysm\u00e1t\u00fd Alexej Navaln\u00fd v soudn\u00ed videokonferenci ve \u010dtvrtek m\u011bl dal\u0161\u00ed st\u00e1n\u00ed a byl v dobr\u00e9 kondici, ale druh\u00fd den po proch\u00e1zce padl na zem v cele, dr\u017eel se za hru\u010f a ztratil v\u011bdom\u00ed! L\u00e9ka\u0159i pr\u00fd ji\u017e ur\u010dili, \u017ee Navaln\u00fd zem\u0159el na myokarditidu a akutn\u00ed tromb\u00f3zu! A pro\u010d v cel\u00e9 EU um\u00edr\u00e1 o 10% v\u00edce lid\u00ed ne\u017e p\u0159ed covidem, s v\u00fdjimkou dvou zem\u00ed?<\/h4>\n<p>Rusk\u00fd opozi\u010dn\u00ed politik Alexej Navaln\u00fd zem\u0159el v p\u00e1tek v trestaneck\u00e9 kolonii, a to n\u011bkolik des\u00edtek minut po proch\u00e1zce. Podle rusk\u00e9 v\u011bze\u0148sk\u00e9 slu\u017eby padl v cele na podlahu a dr\u017eel se jednou rukou za levou stranu hrud\u011b. Jednalo se o typick\u00e9 p\u0159\u00edznaky infarktu. Den p\u0159edt\u00edm p\u0159itom st\u00e1l ve video konferenci p\u0159ed soudem, sm\u00e1l se a dokonce vtipkoval\u00a0<strong>[<a href=\"https:\/\/href.li\/?https:\/\/www.reuters.com\/world\/europe\/court-day-before-his-death-alexei-navalny-laughed-cracked-jokes-2024-02-16\/\" target=\"_blank\" rel=\"nofollow noopener\">1<\/a>]<\/strong>.<\/p>\n<p><strong>Podle zdroj\u016f rusk\u00e9 televize RT ji\u017e l\u00e9ka\u0159i ur\u010dili p\u0159\u00ed\u010dinu smrti, a to krevn\u00ed sra\u017eeninu v c\u00e9vn\u00edm syst\u00e9mu srde\u010dn\u00edho svalu s charakteristick\u00fdmi projevy otoku c\u00e9v<\/strong>, co\u017e ukazuje na myokarditidu, kter\u00e1 je velmi \u010dast\u00fdm vedlej\u0161\u00edm projevem opakovan\u00fdch o\u010dkov\u00e1n\u00ed proti Covid-19. Opakovan\u00e1 o\u010dkov\u00e1n\u00ed zp\u016fsobuj\u00ed v srdci autoimunitn\u00ed odezvu a vznik akutn\u00edho z\u00e1n\u011btu srde\u010dn\u00edch c\u00e9v. Tyto c\u00e9vy ote\u010dou, nafouknou se a dojde ke z\u00fa\u017een\u00ed pr\u016ftoku krve c\u00e9vami a k jejich postupn\u00e9mu ucp\u00e1n\u00ed.<\/p>\n<figure id=\"attachment_58629\" class=\"wp-caption aligncenter\" style=\"width: 696px;\"><a href=\"https:\/\/aeronet.news\/wp-content\/uploads\/AlexNavalnyBW.jpg\"><img decoding=\"async\" loading=\"lazy\" class=\"wp-image-58629 \" src=\"https:\/\/aeronet.news\/wp-content\/uploads\/AlexNavalnyBW-1024x740.jpg\" sizes=\"(max-width: 700px) 100vw, 700px\" srcset=\"https:\/\/aeronet.news\/wp-content\/uploads\/AlexNavalnyBW-1024x740.jpg 1024w, https:\/\/aeronet.news\/wp-content\/uploads\/AlexNavalnyBW-300x217.jpg 300w, https:\/\/aeronet.news\/wp-content\/uploads\/AlexNavalnyBW-768x555.jpg 768w, https:\/\/aeronet.news\/wp-content\/uploads\/AlexNavalnyBW-700x506.jpg 700w, https:\/\/aeronet.news\/wp-content\/uploads\/AlexNavalnyBW-326x235.jpg 326w, https:\/\/aeronet.news\/wp-content\/uploads\/AlexNavalnyBW-494x357.jpg 494w, https:\/\/aeronet.news\/wp-content\/uploads\/AlexNavalnyBW-668x483.jpg 668w, https:\/\/aeronet.news\/wp-content\/uploads\/AlexNavalnyBW-198x143.jpg 198w, https:\/\/aeronet.news\/wp-content\/uploads\/AlexNavalnyBW.jpg 1280w\" alt=\"\" width=\"696\" height=\"503\" \/><\/a><figcaption class=\"wp-caption-text\">Alexej Navalny (1976 \u2013 2024) u soudu<\/figcaption><\/figure>\n<p>Jedn\u00e1 se o \u010dasovanou bombu, proto\u017ee se ukazuje, \u017ee riziko myokarditidy roste s po\u010dtem opakovan\u00fdch d\u00e1vek proti nemoci Covid-19. \u010c\u00edm v\u00edce booster\u016f, t\u00edm v\u011bt\u0161\u00ed riziko. Spou\u0161t\u011b\u010dem infarkt\u016f je p\u0159itom poka\u017ed\u00e9 jeden z\u00e1sadn\u00ed faktor, a to je n\u00e1hl\u00e9 zv\u00fd\u0161en\u00ed t\u011blesn\u00e9 teploty a objemu pr\u016ftoku krve c\u00e9vami. Rizikov\u00fdm tak jsou p\u0159edev\u0161\u00edm hork\u00e9 sprchy, hork\u00e9 koupele a p\u0159echod ze zimy do vyh\u0159\u00e1t\u00e9 m\u00edstnosti.<\/p>\n<p>A z\u0159ejm\u011b to se stalo osudn\u00fdm Navaln\u00e9mu, \u017ee zkolaboval t\u011bsn\u011b po vych\u00e1zce. Ned\u00e1vno jsme informovali\u00a0<strong>[<a href=\"https:\/\/aeronet.news\/v-izraeli-zemrel-8-lety-chlapec-ktery-se-ve-veku-5-let-stal-tvari-televizni-kampane-na-podporu-lockdownu-a-covidovych-opatreni-chlapec-z-lekarske-rodiny-zemrel-ve-vane-na-srdecni-zastavu\/\">2<\/a>]<\/strong>\u00a0o tom, \u017ee v Izraeli zem\u0159el mal\u00fd chlapec, syn l\u00e9ka\u0159e, a to b\u011bhem koup\u00e1n\u00ed v hork\u00e9 van\u011b. Chlapci selhalo srdce, do\u0161lo k tromb\u00f3ze a d\u00edt\u011b zem\u0159elo. Chlapec byl podle informac\u00ed o\u010dkov\u00e1n n\u011bkolika d\u00e1vkami Pfizeru.<\/p>\n<h6><span style=\"font-size: 18pt;\">Navaln\u00fd zem\u0159el na z\u00e1n\u011bt srde\u010dn\u00edho svalu, z\u0159ejm\u011b po n\u011bkolikan\u00e1sobn\u00fdch o\u010dkov\u00e1n\u00edch na Covid-19<\/span><\/h6>\n<p>Stejn\u00e9 infarkty potk\u00e1vaj\u00ed vrcholov\u00e9 o\u010dkovan\u00e9 sportovce, tenisty, fotbalisty, prost\u011b osoby s vysok\u00fdm n\u00e1rokem na srde\u010dn\u00ed \u010dinnost a pumpov\u00e1n\u00ed krve. V t\u011bchto p\u0159\u00edpadech doch\u00e1z\u00ed k uvoln\u011bn\u00ed tromb\u016f a k ucp\u00e1n\u00ed otekl\u00fdch srde\u010dn\u00edch c\u00e9v. Myokarditida je z\u00e1ke\u0159n\u00e1 v tom, \u017ee nebol\u00ed a ned\u00e1 se poznat podle pocitu. D\u00e1 se ale detekovat p\u0159i zv\u00fd\u0161en\u00e9 t\u011blesn\u00e9 n\u00e1maze.\u00a0<strong>Kdy\u017e za\u010dnete b\u011bhat nebo vykon\u00e1vat fyzicky nam\u00e1havou pr\u00e1ci, najednou se v\u00e1m za\u010dne bez vysv\u011btlen\u00ed to\u010dit hlava.<\/strong>\u00a0Je to kv\u016fli tomu, \u017ee otekl\u00fdmi c\u00e9vami v srdci prot\u00e9k\u00e1 mal\u00fd objem krve a srdce tak nedok\u00e1\u017ee p\u0159e\u010derpat dostatek okysli\u010den\u00e9 krve z plic do org\u00e1n\u016f a mozku.<\/p>\n<figure id=\"attachment_42755\" class=\"wp-caption aligncenter\" style=\"width: 984px;\"><a href=\"https:\/\/aeronet.news\/wp-content\/uploads\/NavalnyProtestMoscow.jpg\"><img decoding=\"async\" loading=\"lazy\" class=\"wp-image-42755 \" src=\"https:\/\/aeronet.news\/wp-content\/uploads\/NavalnyProtestMoscow.jpg\" sizes=\"(max-width: 1000px) 100vw, 1000px\" srcset=\"https:\/\/aeronet.news\/wp-content\/uploads\/NavalnyProtestMoscow.jpg 1000w, https:\/\/aeronet.news\/wp-content\/uploads\/NavalnyProtestMoscow-300x201.jpg 300w, https:\/\/aeronet.news\/wp-content\/uploads\/NavalnyProtestMoscow-768x514.jpg 768w, https:\/\/aeronet.news\/wp-content\/uploads\/NavalnyProtestMoscow-700x468.jpg 700w, https:\/\/aeronet.news\/wp-content\/uploads\/NavalnyProtestMoscow-534x357.jpg 534w, https:\/\/aeronet.news\/wp-content\/uploads\/NavalnyProtestMoscow-722x483.jpg 722w\" alt=\"\" width=\"984\" height=\"658\" \/><\/a><figcaption class=\"wp-caption-text\">Navaln\u00fd v \u010dele protest\u016f<\/figcaption><\/figure>\n<p>Sportovci to poznaj\u00ed akutn\u00edm propadem vrcholov\u00e9 sportovn\u00ed \u00farovn\u011b, kdy najednou nejsou schopni dosahovat p\u0159edchoz\u00edch sportovn\u00edch v\u00fdkon\u016f a nemaj\u00ed pro to \u017e\u00e1dn\u00e9 logick\u00e9 vysv\u011btlen\u00ed. Vakc\u00ednky proti wuhansk\u00e9mu bojov\u00e9mu viru tak maj\u00ed fat\u00e1ln\u00ed vedlej\u0161\u00ed projevy a nehraje roli, jestli jde o mRNA vakc\u00edny ze Z\u00e1padu, anebo o klasick\u00e9 vektorov\u00e9 vakc\u00edny jako je Sputnik. Tou hlavn\u00ed rol\u00ed, kter\u00e1 zp\u016fsobuje myokarditidu, jsou sekvence viru z Wuhanu, kter\u00e9 jsou sice ve vakc\u00edn\u00e1ch umrtven\u00e9, ale jejich antigeny zp\u016fsobuj\u00ed u n\u011bkter\u00fdch osob reakci a propuknut\u00ed myokarditidy. N\u00e1r\u016fst srde\u010dn\u00edch z\u00e1n\u011bt\u016f toti\u017e raketov\u011b vzrostl i v Rusku, kde se o\u010dkuje drtiv\u011b pouze vektorov\u00fdm Sputnikem od korporace Gamaleya. Rusk\u00e1 m\u00e9dia p\u0159inesla\u00a0<strong>[<a href=\"https:\/\/href.li\/?https:\/\/www.rt.com\/russia\/592537-opposition-figure-alexey-navalny-dead\/\" target=\"_blank\" rel=\"nofollow noopener\">3<\/a>]<\/strong>\u00a0o ud\u00e1losti souhrnn\u00e9 informace.<\/p>\n<h6><span style=\"font-size: 18pt;\">Co napsal rusk\u00fd tisk<\/span><\/h6>\n<p>V\u011bzn\u011bn\u00fd p\u0159edstavitel rusk\u00e9 opozice Alexej Navalnyj zem\u0159el, informovala v p\u00e1tek odpoledne v\u011bze\u0148sk\u00e1 slu\u017eba Jamalo-n\u011bneck\u00e9 oblasti, kde si odpyk\u00e1val trest. Sedma\u010dty\u0159icetilet\u00fd Navalnyj se po vych\u00e1zce za\u010dal c\u00edtit \u0161patn\u011b a podle prohl\u00e1\u0161en\u00ed ztratil v\u011bdom\u00ed. Rusk\u00e1 m\u00e9dia uvedla, \u017ee l\u00e9ka\u0159i konstatovali smrt Navaln\u00e9ho po 14. hodin\u011b m\u00edstn\u00edho \u010dasu. \u201c<em>Byla provedena v\u0161echna nezbytn\u00e1 resuscita\u010dn\u00ed opat\u0159en\u00ed, ale nepoda\u0159ilo se dos\u00e1hnout pozitivn\u00edho v\u00fdsledku,<\/em>\u201d nast\u00ednily \u00fa\u0159ady.\u00a0<strong>P\u0159\u00ed\u010dina smrti se zji\u0161\u0165uje, ale podle zdroje rusk\u00e9 slu\u017eby RT v\u0161ak m\u011bl opozi\u010dn\u00ed p\u0159edstavitel krevn\u00ed sra\u017eeninu.<\/strong><\/p>\n<p>Navalnyj byl uv\u011bzn\u011bn na za\u010d\u00e1tku roku 2021 kv\u016fli dlouholet\u00e9 kauze podvodu, do n\u00ed\u017e byl zapleten francouzsk\u00fd maloobchodn\u00ed \u0159et\u011bzec Yves Rocher. P\u0159edloni v l\u00e9t\u011b vzbudil velkou mezin\u00e1rodn\u00ed pozornost po \u00fadajn\u00e9 otrav\u011b na Sibi\u0159i, kter\u00e1 vedla k jeho p\u0159evozu do N\u011bmecka. Po n\u00e1vratu byl odsouzen k prvn\u00edmu z n\u011bkolika trest\u016f v\u011bzen\u00ed. Zpo\u010d\u00e1tku byl um\u00edst\u011bn do za\u0159\u00edzen\u00ed se zv\u00fd\u0161enou ostrahou ve Vladimirsk\u00e9 oblasti. V roce 2023 byl odsouzen k 19 let\u016fm \u201c<em>zvl\u00e1\u0161tn\u00edho re\u017eimu<\/em>\u201d za \u201c<em>extremismus<\/em>\u201c. Koncem lo\u0148sk\u00e9ho roku byl p\u0159evezen do kolonie \u201c<em>Pol\u00e1rn\u00ed vlk<\/em>\u201d v Jamalo-Nen\u011bcku, kter\u00e1 se nach\u00e1z\u00ed 40 km za pol\u00e1rn\u00edm kruhem.<\/p>\n<p>Kreml uvedl, \u017ee prezident Vladimir Putin byl o Navaln\u00e9ho smrti informov\u00e1n. Mluv\u010d\u00ed Dmitrij Peskov odk\u00e1zal dotazy na Feder\u00e1ln\u00ed v\u011bze\u0148skou slu\u017ebu a dodal, \u017ee p\u0159\u00ed\u010dina je v sou\u010dasn\u00e9 dob\u011b nejasn\u00e1. Navaln\u00e9ho pr\u00e1vn\u00edk Leonid Solovjov se odm\u00edtl vyj\u00e1d\u0159it, vysv\u011btlil v\u0161ak, \u017ee jeho klient ve st\u0159edu absolvoval sch\u016fzku. \u201c<em>Tehdy bylo v\u0161echno norm\u00e1ln\u00ed,<\/em>\u201d trval na sv\u00e9m. Navalnyj se ve \u010dtvrtek p\u0159ipojil k soudn\u00edmu jedn\u00e1n\u00ed prost\u0159ednictv\u00edm videolinky, uvedla agentura TASS s odvol\u00e1n\u00edm na tiskovou slu\u017ebu soudu. Zdravotn\u011b byl v pohod\u011b a usm\u00edval se.<\/p>\n<p>B\u00fdval\u00fd rusk\u00fd nacionalistick\u00fd aktivista Navalnyj na sebe poprv\u00e9 upozornil jako jeden z v\u016fdc\u016f \u201c<em>Rusk\u00e9ho pochodu<\/em>\u201c, krajn\u011b pravicov\u00e9ho shrom\u00e1\u017ed\u011bn\u00ed, kter\u00e9 se d\u0159\u00edve konalo ka\u017edoro\u010dn\u011b. N\u00e1sledn\u011b sehr\u00e1l v\u00fdznamnou roli v liber\u00e1ln\u011b veden\u00fdch protestech v Rusku v letech 2011-2012, kter\u00e9 se soust\u0159edily na moskevsk\u00e9m Bolotn\u00e9m n\u00e1m\u011bst\u00ed. V roce 2013 z\u00edskal 27 % hlas\u016f ve volb\u00e1ch moskevsk\u00e9ho starosty. Pozd\u011bji zalo\u017eil \u0161ir\u0161\u00ed hnut\u00ed \u2013 kter\u00e9 produkovalo zpr\u00e1vy o \u00fadajn\u00e9 korupci \u2013 a pokusil se z\u00fa\u010dastnit prezidentsk\u00e9ho kl\u00e1n\u00ed v roce 2018. Navalnyj, moskevsk\u00fd rod\u00e1k, byl \u017eenat\u00fd a m\u011bl dv\u011b d\u011bti.<\/p>\n<h6><span style=\"font-size: 18pt;\">V \u010cesku i v cel\u00e9 EU za\u010dalo um\u00edrat v pr\u016fm\u011bru o 10% v\u00edce lid\u00ed ka\u017ed\u00fd rok ne\u017e p\u0159ed covidem! Co se to sakra d\u011bje?<\/span><\/h6>\n<p>Smrt Navaln\u00e9ho bude vyu\u017eita k dal\u0161\u00ed protirusk\u00e9 hysterii v zem\u00edch kolektivn\u00edho Z\u00e1padu, ale pravda je takov\u00e1, \u017ee Navaln\u00fd byl ve speci\u00e1ln\u00edm chr\u00e1n\u011bn\u00e9m re\u017eimu, aby se mu nic nestalo, proto\u017ee jeho smrti se Kreml ob\u00e1val pr\u00e1v\u011b kv\u016fli tomu, \u017ee by se z n\u011bho stal mu\u010dedn\u00edk. V tomto ohledu se ukazuje, \u017ee opakovan\u00e9 boostery vakcina\u010dn\u00edch roztok\u016f se v t\u011blech n\u011bkter\u00fdch osob chovaj\u00ed v podstat\u011b jako \u010dasovan\u00e9 bomby, kter\u00e9 mohou tyto osoby kdykoliv zab\u00edt, pokud nastanou p\u0159\u00edhodn\u00e9 podm\u00ednky v t\u011ble, a to bu\u010f vysok\u00e1 fyzick\u00e1 z\u00e1t\u011b\u017e anebo n\u00e1hl\u00e9 oh\u0159\u00e1t\u00ed organismu vedouc\u00ed k rozta\u017een\u00ed c\u00e9v a k uvoln\u011bn\u00ed tromb\u016f. V t\u00e9to ro\u010dn\u00ed dob\u011b je za pol\u00e1rn\u00edm kruhem obrovsk\u00fd mr\u00e1z a prudk\u00e9 p\u0159echody ze zimy do tepla jsou p\u0159esn\u011b t\u00edm rizikov\u00fdm faktorem pro spu\u0161t\u011bn\u00ed akutn\u00ed myokarditidy. A v \u010cesku se shodou okolnost\u00ed d\u011bje n\u011bco d\u011bsiv\u00e9ho.<\/p>\n<figure id=\"attachment_58626\" class=\"wp-caption aligncenter\" style=\"width: 722px;\"><a href=\"https:\/\/aeronet.news\/wp-content\/uploads\/DeathRatesEU122023.jpg\"><img decoding=\"async\" loading=\"lazy\" class=\"wp-image-58626 \" src=\"https:\/\/aeronet.news\/wp-content\/uploads\/DeathRatesEU122023.jpg\" sizes=\"(max-width: 700px) 100vw, 700px\" srcset=\"https:\/\/aeronet.news\/wp-content\/uploads\/DeathRatesEU122023.jpg 700w, https:\/\/aeronet.news\/wp-content\/uploads\/DeathRatesEU122023-300x218.jpg 300w, https:\/\/aeronet.news\/wp-content\/uploads\/DeathRatesEU122023-492x357.jpg 492w, https:\/\/aeronet.news\/wp-content\/uploads\/DeathRatesEU122023-666x483.jpg 666w, https:\/\/aeronet.news\/wp-content\/uploads\/DeathRatesEU122023-198x143.jpg 198w\" alt=\"\" width=\"722\" height=\"524\" \/><\/a><figcaption class=\"wp-caption-text\">Pouze dv\u011b zem\u011b EU maj\u00ed pokles meziro\u010dn\u00ed \u00famrtnosti. Dv\u011b zem\u011b, kde se nejm\u00e9n\u011b o\u010dkovalo proti Covidu<\/figcaption><\/figure>\n<p><strong>Statistika \u010cS\u00da toti\u017e pr\u00e1v\u011b odhalila [<a href=\"https:\/\/href.li\/?https:\/\/www.kurzy.cz\/zpravy\/757998-pocty-zemrelych-v-cesku-ke-konci-roku-2023-vykazuji-nadprumerne-hodnoty-z-udaju-zverejnenych-csu\/\" target=\"_blank\" rel=\"nofollow noopener\">4<\/a>], \u017ee za rok 2023 zem\u0159elo v \u010cR o neuv\u011b\u0159iteln\u00fdch 10% v\u00edce lid\u00ed ne\u017e v letech p\u0159ed covidem a tento stav je setrval\u00fd.<\/strong>\u00a0Znamen\u00e1 to, \u017ee trvale um\u00edr\u00e1 o 10% v\u00edce lid\u00ed ne\u017e p\u0159ed \u00fanikem wuhansk\u00e9ho bojov\u00e9ho viru poch\u00e1zej\u00edc\u00ed z americk\u00e9ho vojensk\u00e9ho v\u00fdzkumu. Zbytky tohoto bojov\u00e9ho viru jsou podle v\u0161eho trvale zabudovan\u00e9 v lidsk\u00e9m genomu a povedou k trval\u00e9mu n\u00e1r\u016fstu vy\u0161\u0161\u00edho \u00famrt\u00ed. Potvrzuj\u00ed to i celoevropsk\u00e1 data, kdy ke konci lo\u0148sk\u00e9ho roku zem\u0159elo v EU o 9,5% v\u00edce osob. Eurostat uve\u0159ejnil d\u011bsivou tabulku\u00a0<strong>[<a href=\"https:\/\/href.li\/?https:\/\/ec.europa.eu\/eurostat\/statistics-explained\/index.php?title=Excess_mortality_-_statistics\" target=\"_blank\" rel=\"nofollow noopener\">5<\/a>]<\/strong>, kter\u00e1 ukazuje, \u017ee n\u00e1r\u016fst zv\u00fd\u0161en\u00fdch \u00famrt\u00ed v EU nepostihl jenom Rumunsko a Bulharsko.<\/p>\n<h6><span style=\"font-size: 18pt;\">Pouze ve dvou zem\u00edch EU um\u00edr\u00e1 m\u00e9n\u011b lid\u00ed ne\u017e p\u0159ed \u00e9rou covidu. Shodou okolnost\u00ed se jedn\u00e1 o st\u00e1ty, kter\u00e9 nejm\u00e9n\u011b o\u010dkovaly proti covidu!<\/span><\/h6>\n<p>Data Eurostatu si v\u0161\u00edmala p\u0159itom m\u011bs\u00edce 12\/2023 v porovn\u00e1n\u00ed se stejn\u00fdm m\u011bs\u00edcem v p\u0159edchoz\u00edch letech. To ale nehraje tak z\u00e1sadn\u00ed roli, proto\u017ee ten vzorec je naprosto d\u011bsiv\u00fd. Najednou prost\u011b v cel\u00e9 EU um\u00edr\u00e1 ka\u017ed\u00fd rok o 10% v\u00edce lid\u00ed. A nemus\u00edme rozv\u00edjet velk\u00e9 konspirace, aby n\u00e1m do\u0161lo, \u010d\u00edm to asi tak m\u016f\u017ee b\u00fdt. Jak\u00e1 velk\u00e1 ud\u00e1lost prob\u011bhla v posledn\u00edch letech? No p\u0159ece covidov\u00e1 plandemie a masov\u00e9 o\u010dkov\u00e1n\u00ed. V\u00fdsledkem procesu je ka\u017ed\u00fd rok o 10% vy\u0161\u0161\u00ed \u00famrtnost ve v\u0161ech zem\u00edch EU, s v\u00fdjimkou dvou zem\u00ed.<\/p>\n<figure id=\"attachment_58627\" class=\"wp-caption aligncenter\" style=\"width: 738px;\"><a href=\"https:\/\/aeronet.news\/wp-content\/uploads\/LeastVaxxedReport.jpg\"><img decoding=\"async\" loading=\"lazy\" class=\"wp-image-58627 \" src=\"https:\/\/aeronet.news\/wp-content\/uploads\/LeastVaxxedReport-1024x783.jpg\" sizes=\"(max-width: 700px) 100vw, 700px\" srcset=\"https:\/\/aeronet.news\/wp-content\/uploads\/LeastVaxxedReport-1024x783.jpg 1024w, https:\/\/aeronet.news\/wp-content\/uploads\/LeastVaxxedReport-300x229.jpg 300w, https:\/\/aeronet.news\/wp-content\/uploads\/LeastVaxxedReport-768x587.jpg 768w, https:\/\/aeronet.news\/wp-content\/uploads\/LeastVaxxedReport-700x535.jpg 700w, https:\/\/aeronet.news\/wp-content\/uploads\/LeastVaxxedReport-467x357.jpg 467w, https:\/\/aeronet.news\/wp-content\/uploads\/LeastVaxxedReport-632x483.jpg 632w, https:\/\/aeronet.news\/wp-content\/uploads\/LeastVaxxedReport.jpg 1087w\" alt=\"\" width=\"738\" height=\"564\" \/><\/a><figcaption class=\"wp-caption-text\">\u010cl\u00e1nek z listopadu 2021 informoval o tom, \u017ee Bulharsko a Rumunsko jsou nejm\u00e9n\u011b proo\u010dkovan\u00e9 st\u00e1ty v EU<\/figcaption><\/figure>\n<p>A chcete \u0161okuj\u00edc\u00ed pointu? Euractiv koncem roku 2021, tedy kr\u00e1tce p\u0159ed koncem plandemie a za\u010d\u00e1tkem v\u00e1lky na Ukrajin\u011b, p\u0159inesl \u010dl\u00e1nek\u00a0<strong>[<a href=\"https:\/\/href.li\/?https:\/\/www.euractiv.com\/section\/health-consumers\/news\/least-vaccinated-eu-states-bulgaria-romania-report-record-high-covid-19-deaths\/\" target=\"_blank\" rel=\"nofollow noopener\">6<\/a>]<\/strong>, \u017ee nejmen\u0161\u00ed proo\u010dkov\u00e1n\u00ed proti Covid-19 je v EU ve dvou zem\u00edch, a to h\u00e1dejte ve kter\u00fdch? Ano, v Bulharsku a v Rumunsku! A je to venku! Tyto dv\u011b zem\u011b, kter\u00e9 se nejm\u00e9n\u011b o\u010dkovaly do konce roku 2021 v cel\u00e9 EU, maj\u00ed dnes v roce 2024 nejen nejmen\u0161\u00ed n\u00e1r\u016fst \u00famrt\u00ed, ale pr\u00e1v\u011b naopak.\u00a0<strong>V t\u011bchto dvou zem\u00edch um\u00edr\u00e1 nyn\u00ed m\u00e9n\u011b lid\u00ed ne\u017e p\u0159ed pandemi\u00ed!<\/strong>\u00a0Tabulka Eurostatu to jasn\u011b prokazuje. Tak co, u\u017e ch\u00e1pete, na co um\u0159el Navaln\u00fd? A ch\u00e1pete, na co um\u00edr\u00e1 v cel\u00e9 EU o 10% v\u00edce lid\u00ed? Ta data m\u00e1te venku a jsou ve\u0159ejn\u011b k dispozici. Sta\u010d\u00ed si jich v\u0161imnout a d\u00e1t si konceptu\u00e1ln\u011b data dohromady. Kdo se neo\u010dkoval, bude \u017e\u00edt d\u00e9le! A t\u00edm je to dan\u00e9!<\/p>\n<h6><span style=\"font-size: 18pt;\">Krokod\u00fdl\u00ed slzy a jekot m\u00e9di\u00ed za smrt Navaln\u00e9ho v rusk\u00e9m v\u011bzen\u00ed, ale naprost\u00e9 ticho za smrt novin\u00e1\u0159e Gonzalo Liry v ukrajinsk\u00e9m krimin\u00e1lu<\/span><\/h6>\n<p>Za pozornost stoj\u00ed i obrovsk\u00fd \u0159ev z\u00e1padn\u00edch m\u00e9di\u00ed, kter\u00e1 na\u0159\u00edkaj\u00ed kv\u016fli smrti rusk\u00e9ho opozi\u010dn\u00edka Navaln\u00e9ho ve v\u011bzen\u00ed, ale\u00a0<strong>p\u0159ed pouh\u00fdm m\u011bs\u00edcem byla ta sam\u00e1 z\u00e1padn\u00ed m\u00e9dia \u00fapln\u011b zticha, kdy\u017e pro zm\u011bnu v ukrajinsk\u00e9m v\u011bzen\u00ed na z\u00e1pal plic a v d\u016fsledku dolo\u017een\u00e9ho mu\u010den\u00ed zem\u0159el americk\u00fd novin\u00e1\u0159 Gonzalo Lira.<\/strong>\u00a0O jeho smrti jsme na Aeronetu rovn\u011b\u017e informovali\u00a0<strong>[<a href=\"https:\/\/aeronet.news\/americky-valecny-zpravodaj-gonzalo-lira-byl-umucen-ve-vezeni-v-charkove-za-ticheho-souhlasu-americke-vlady-z-vezeni-se-mu-podarilo-pres-obhajce-poslat-dopis-sestre-kde-popisuje-desive-umirani\/\">7<\/a>]<\/strong>. Ten zem\u0159el 11. ledna v charkovsk\u00e9 nemocnici na akutn\u00ed z\u00e1pal plic a rusk\u00e1 televize RT provedla srovn\u00e1n\u00ed, kolik \u010dl\u00e1nk\u016f o jeho smrti v ukrajinsk\u00e9m v\u011bzen\u00ed p\u0159inesla z\u00e1padn\u00ed m\u00e9dia v porovn\u00e1n\u00ed s \u010dl\u00e1nky o smrti Navaln\u00e9ho v rusk\u00e9m v\u011bzen\u00ed. Ta tabulka nepot\u0159ebuje koment\u00e1\u0159. Tomu se \u0159\u00edk\u00e1 pokrytectv\u00ed a licom\u011brnost z\u00e1padn\u00edch m\u00e9di\u00ed.<\/p>\n<figure id=\"attachment_58635\" class=\"wp-caption aligncenter\" style=\"width: 705px;\"><a href=\"https:\/\/aeronet.news\/wp-content\/uploads\/LiraNavalnyChart.jpg\"><img decoding=\"async\" loading=\"lazy\" class=\"wp-image-58635 \" src=\"https:\/\/aeronet.news\/wp-content\/uploads\/LiraNavalnyChart-1024x979.jpg\" sizes=\"(max-width: 700px) 100vw, 700px\" srcset=\"https:\/\/aeronet.news\/wp-content\/uploads\/LiraNavalnyChart-1024x979.jpg 1024w, https:\/\/aeronet.news\/wp-content\/uploads\/LiraNavalnyChart-300x287.jpg 300w, https:\/\/aeronet.news\/wp-content\/uploads\/LiraNavalnyChart-768x734.jpg 768w, https:\/\/aeronet.news\/wp-content\/uploads\/LiraNavalnyChart-700x669.jpg 700w, https:\/\/aeronet.news\/wp-content\/uploads\/LiraNavalnyChart-373x357.jpg 373w, https:\/\/aeronet.news\/wp-content\/uploads\/LiraNavalnyChart-505x483.jpg 505w, https:\/\/aeronet.news\/wp-content\/uploads\/LiraNavalnyChart.jpg 1200w\" alt=\"\" width=\"705\" height=\"674\" \/><\/a><figcaption class=\"wp-caption-text\">Kolika \u010dl\u00e1nky pokr\u00fdvala americk\u00e1 m\u00e9dia zpravodajstv\u00ed o smrti Gonzala Liry a Alexeje Navaln\u00e9ho<\/figcaption><\/figure>\n<p>Kdy\u017e um\u0159e v rusk\u00e9m v\u011bzen\u00ed rusk\u00fd extr\u00e9mista, kter\u00fd pracoval pro britskou MI6, tak se z\u00e1padn\u00ed m\u00e9dia mohou zbl\u00e1znit. Kdy\u017e ale v ukrajinsk\u00e9m v\u011bzen\u00ed um\u0159e v\u00e1le\u010dn\u00fd zpravodaj a ob\u010dansk\u00fd aktivista, kter\u00fd\u00a0<strong>odhaloval pravdu o ukrajinsk\u00e9m nacismu, o zlo\u010dinech ukrajinsk\u00e9 arm\u00e1dy, o st\u0159\u00edlen\u00ed ukrajinsk\u00e9ho d\u011blost\u0159electva na reziden\u010dn\u00ed z\u00f3ny v Don\u011bcku<\/strong>\u00a0jenom kv\u016fli tomu, \u017ee v t\u011bch bytovk\u00e1ch bydl\u00ed civilist\u00e9 hl\u00e1s\u00edc\u00ed se k rusk\u00e9 n\u00e1rodnosti, tak z\u00e1padn\u00ed m\u00e9dia ml\u010d\u00ed. Licom\u011brnost a pokrytectv\u00ed vych\u00e1z\u00ed z toho, \u017ee Navaln\u00fd byl agentem z\u00e1padn\u00edch tajn\u00fdch slu\u017eeb a jeho c\u00edlem bylo p\u0159ichystat v Rusku st\u00e1tn\u00ed p\u0159evrat, co\u017e se mu nepoda\u0159ilo. Jeho smrt v\u0161ak bude propagandisticky a beze zbytku vyt\u011b\u017eena pro pot\u0159eby protirusk\u00e9 hysterie.<\/p>\n<p><a href=\"https:\/\/aeronet.news\/vysmaty-alexej-navalny-v-soudni-videokonferenci-ve-ctvrtek-mel-dalsi-stani-a-byl-v-dobre-kondici-ale-druhy-den-po-prochazce-padl-na-zem-v-cele-drzel-se-za-hrud-a-ztratil-vedomi\/\">-VK- \u0160\u00e9fredaktor AE News<\/a><\/p>\n<p>&nbsp;<\/p>\n<p><a href=\"https:\/\/stranapro.cz\/\"><img decoding=\"async\" loading=\"lazy\" class=\"wp-image-40286 aligncenter\" src=\"http:\/\/www.infokuryr.cz\/n\/wp-content\/uploads\/2023\/11\/12pro-300x87.png\" alt=\"\" width=\"966\" height=\"280\" srcset=\"https:\/\/www.infokuryr.cz\/n\/wp-content\/uploads\/2023\/11\/12pro-300x87.png 300w, https:\/\/www.infokuryr.cz\/n\/wp-content\/uploads\/2023\/11\/12pro.png 366w\" sizes=\"(max-width: 966px) 100vw, 966px\" \/><\/a><\/p>\n<p>&nbsp;<\/p>\n<p>&nbsp;<\/p>\n","protected":false},"excerpt":{"rendered":"<p>Vysm\u00e1t\u00fd Alexej Navaln\u00fd v soudn\u00ed videokonferenci ve \u010dtvrtek m\u011bl dal\u0161\u00ed st\u00e1n\u00ed a byl v dobr\u00e9&#8230;<\/p>\n","protected":false},"author":2,"featured_media":47261,"comment_status":"closed","ping_status":"closed","sticky":false,"template":"","format":"standard","meta":[],"categories":[6],"tags":[1042,23,2340,301,474],"_links":{"self":[{"href":"https:\/\/www.infokuryr.cz\/n\/wp-json\/wp\/v2\/posts\/47260"}],"collection":[{"href":"https:\/\/www.infokuryr.cz\/n\/wp-json\/wp\/v2\/posts"}],"about":[{"href":"https:\/\/www.infokuryr.cz\/n\/wp-json\/wp\/v2\/types\/post"}],"author":[{"embeddable":true,"href":"https:\/\/www.infokuryr.cz\/n\/wp-json\/wp\/v2\/users\/2"}],"replies":[{"embeddable":true,"href":"https:\/\/www.infokuryr.cz\/n\/wp-json\/wp\/v2\/comments?post=47260"}],"version-history":[{"count":0,"href":"https:\/\/www.infokuryr.cz\/n\/wp-json\/wp\/v2\/posts\/47260\/revisions"}],"wp:featuredmedia":[{"embeddable":true,"href":"https:\/\/www.infokuryr.cz\/n\/wp-json\/wp\/v2\/media\/47261"}],"wp:attachment":[{"href":"https:\/\/www.infokuryr.cz\/n\/wp-json\/wp\/v2\/media?parent=47260"}],"wp:term":[{"taxonomy":"category","embeddable":true,"href":"https:\/\/www.infokuryr.cz\/n\/wp-json\/wp\/v2\/categories?post=47260"},{"taxonomy":"post_tag","embeddable":true,"href":"https:\/\/www.infokuryr.cz\/n\/wp-json\/wp\/v2\/tags?post=47260"}],"curies":[{"name":"wp","href":"https:\/\/api.w.org\/{rel}","templated":true}]}}