{"id":47259,"date":"2024-02-17T05:55:59","date_gmt":"2024-02-17T04:55:59","guid":{"rendered":"https:\/\/www.infokuryr.cz\/n\/?p=47259"},"modified":"2024-02-17T05:55:59","modified_gmt":"2024-02-17T04:55:59","slug":"americti-zakonodarci-pozaduji-pro-bidena-kognitivni-test","status":"publish","type":"post","link":"https:\/\/www.infokuryr.cz\/n\/2024\/02\/17\/americti-zakonodarci-pozaduji-pro-bidena-kognitivni-test\/","title":{"rendered":"Ameri\u010dt\u00ed z\u00e1konod\u00e1rci po\u017eaduj\u00ed pro Bidena kognitivn\u00ed test"},"content":{"rendered":"<div id=\"fb-root\"><\/div>\n<p><span style=\"font-size: 18pt;\"><strong>Dopis podepsan\u00fd 84 sn\u011bmovn\u00edmi republik\u00e1ny vyzval prezidenta, aby po usv\u011bd\u010duj\u00edc\u00ed zpr\u00e1v\u011b prok\u00e1zal svou du\u0161evn\u00ed zdatnost<\/strong><\/span><\/p>\n<p><span>B\u00fdval\u00fd l\u00e9ka\u0159 B\u00edl\u00e9ho domu a 83 dal\u0161\u00edch republik\u00e1n\u016f ze Sn\u011bmovny reprezentant\u016f USA vyj\u00e1d\u0159ilo\u00a0<\/span><em><span>\u201ev\u00e1\u017en\u00e9 obavy\u201c<\/span><\/em><span>\u00a0o kognitivn\u00edch schopnostech prezidenta Joea Bidena a prohl\u00e1sili, \u017ee by m\u011bl b\u00fdt testov\u00e1n, aby se prok\u00e1zala jeho zp\u016fsobilost pro \u00fa\u0159ad, pot\u00e9, co zpr\u00e1va st\u00e1tn\u00edho z\u00e1stupce nazna\u010dovala, \u017ee je p\u0159\u00edli\u0161 star\u00fd a zmaten\u00fd, aby mohl stanout p\u0159ed soudem. .<\/span><\/p>\n<p><span>Americk\u00fd z\u00e1stupce Ronny Jackson, texask\u00fd republik\u00e1n, kter\u00fd slou\u017eil jako l\u00e9ka\u0159 B\u00edl\u00e9ho domu za tehdej\u0161\u00edch prezident\u016f Donalda Trumpa a Baracka Obamy, napsal ve \u010dtvrtek Bidenovi dopis, v n\u011bm\u017e vyzval vrchn\u00edho velitele, aby provedl kognitivn\u00ed test.<\/span><\/p>\n<p><em><span>\u201ePokud jste p\u0159\u00edli\u0161 ment\u00e1ln\u011b posti\u017een\u00ed na to, abyste stanuli p\u0159ed soudem, jak tvrd\u00ed va\u0161e vlastn\u00ed ministerstvo spravedlnosti, pak se ob\u00e1v\u00e1me, \u017ee v\u00e1\u0161 du\u0161evn\u00ed stav nen\u00ed na takov\u00e9 \u00farovni, aby mohl slou\u017eit jako v\u016fdce svobodn\u00e9ho sv\u011bta,\u201c uvedl<\/span><\/em><span>\u00a0Jackson v dopise. kterou spolupodepsalo 83 dal\u0161\u00edch republik\u00e1nsk\u00fdch z\u00e1konod\u00e1rc\u016f.\u00a0Dodal, \u017ee pokud Biden nebude ochoten nebo schopen podstoupit kognitivn\u00ed zkou\u0161ku, \u010dlenov\u00e9 jeho kabinetu by m\u011bli zah\u00e1jit \u0159\u00edzen\u00ed podle 25. dodatku americk\u00e9 \u00fastavy, aby ho z funkce odvolali.<\/span><\/p>\n<div class=\"rtcode\">\n<div class=\"twitter-tweet twitter-tweet-rendered\"><iframe id=\"twitter-widget-0\" class=\"\" title=\"X Post\" src=\"https:\/\/platform.twitter.com\/embed\/Tweet.html?creatorScreenName=RT_com&amp;dnt=false&amp;embedId=twitter-widget-0&amp;features=eyJ0ZndfdGltZWxpbmVfbGlzdCI6eyJidWNrZXQiOltdLCJ2ZXJzaW9uIjpudWxsfSwidGZ3X2ZvbGxvd2VyX2NvdW50X3N1bnNldCI6eyJidWNrZXQiOnRydWUsInZlcnNpb24iOm51bGx9LCJ0ZndfdHdlZXRfZWRpdF9iYWNrZW5kIjp7ImJ1Y2tldCI6Im9uIiwidmVyc2lvbiI6bnVsbH0sInRmd19yZWZzcmNfc2Vzc2lvbiI6eyJidWNrZXQiOiJvbiIsInZlcnNpb24iOm51bGx9LCJ0ZndfZm9zbnJfc29mdF9pbnRlcnZlbnRpb25zX2VuYWJsZWQiOnsiYnVja2V0Ijoib24iLCJ2ZXJzaW9uIjpudWxsfSwidGZ3X21peGVkX21lZGlhXzE1ODk3Ijp7ImJ1Y2tldCI6InRyZWF0bWVudCIsInZlcnNpb24iOm51bGx9LCJ0ZndfZXhwZXJpbWVudHNfY29va2llX2V4cGlyYXRpb24iOnsiYnVja2V0IjoxMjA5NjAwLCJ2ZXJzaW9uIjpudWxsfSwidGZ3X3Nob3dfYmlyZHdhdGNoX3Bpdm90c19lbmFibGVkIjp7ImJ1Y2tldCI6Im9uIiwidmVyc2lvbiI6bnVsbH0sInRmd19kdXBsaWNhdGVfc2NyaWJlc190b19zZXR0aW5ncyI6eyJidWNrZXQiOiJvbiIsInZlcnNpb24iOm51bGx9LCJ0ZndfdXNlX3Byb2ZpbGVfaW1hZ2Vfc2hhcGVfZW5hYmxlZCI6eyJidWNrZXQiOiJvbiIsInZlcnNpb24iOm51bGx9LCJ0ZndfdmlkZW9faGxzX2R5bmFtaWNfbWFuaWZlc3RzXzE1MDgyIjp7ImJ1Y2tldCI6InRydWVfYml0cmF0ZSIsInZlcnNpb24iOm51bGx9LCJ0ZndfbGVnYWN5X3RpbWVsaW5lX3N1bnNldCI6eyJidWNrZXQiOnRydWUsInZlcnNpb24iOm51bGx9LCJ0ZndfdHdlZXRfZWRpdF9mcm9udGVuZCI6eyJidWNrZXQiOiJvbiIsInZlcnNpb24iOm51bGx9fQ%3D%3D&amp;frame=false&amp;hideCard=false&amp;hideThread=false&amp;id=1758513431412445465&amp;lang=cs&amp;origin=https%3A%2F%2Fswentr.site%2Fnews%2F592572-biden-lawmakers-cognitive-test%2F&amp;sessionId=bbbd91c5c70d8b3dedbfd70429c6a960882a9104&amp;siteScreenName=RT_com&amp;theme=light&amp;widgetsVersion=2615f7e52b7e0%3A1702314776716&amp;width=550px\" frameborder=\"0\" scrolling=\"no\" allowfullscreen=\"allowfullscreen\" data-tweet-id=\"1758513431412445465\" data-mce-fragment=\"1\"><\/iframe><\/div>\n<\/div>\n<p><span>Zpr\u00e1va zvl\u00e1\u0161tn\u00edho poradce americk\u00e9ho ministerstva spravedlnosti Roberta Hura z minul\u00e9ho t\u00fddne se t\u00fdkala vy\u0161et\u0159ov\u00e1n\u00ed Bidenova \u0161patn\u00e9ho nakl\u00e1d\u00e1n\u00ed s utajovan\u00fdmi dokumenty, kter\u00e9 si ponechal po odchodu z funkce viceprezidenta v roce 2017. Zvl\u00e1\u0161tn\u00ed pr\u00e1vn\u00ed z\u00e1stupce uvedl, \u017ee na\u0161el d\u016fkazy, \u017ee Biden ohrozil n\u00e1rodn\u00ed bezpe\u010dnost, ale dodal, \u017ee prezident by nem\u011bl b\u00fdt trestn\u011b st\u00edh\u00e1n, \u010d\u00e1ste\u010dn\u011b proto, \u017ee by se porota zdr\u00e1hala odsoudit osmdes\u00e1tn\u00edka, kter\u00fd v rozhovorech p\u016fsob\u00ed jako\u00a0<\/span><em><span>\u201estar\u00fd mu\u017e se \u0161patnou pam\u011bt\u00ed, kter\u00fd to mysl\u00ed dob\u0159e\u201c.<\/span><\/em><\/p>\n<p><span>81let\u00fd Biden, nejstar\u0161\u00ed prezident v historii USA, svolal tiskovou konferenci pot\u00e9, co byla zve\u0159ejn\u011bna Hurova zpr\u00e1va, aby obh\u00e1jil svou kognitivn\u00ed zdatnost.\u00a0<\/span><em><span>&#8222;Moje pam\u011b\u0165 je v po\u0159\u00e1dku,&#8220;<\/span><\/em><span>\u00a0trval na sv\u00e9m.\u00a0O n\u011bkolik minut pozd\u011bji ozna\u010dil egyptsk\u00e9ho prezidenta Abdal Fattah el-Sisiho za v\u016fdce Mexika.\u00a0Smutek p\u0159i\u0161el ve stejn\u00fd t\u00fdden, kdy tvrdil, \u017ee m\u011bl rozhovory se dv\u011bma sv\u011btov\u00fdmi v\u016fdci, kte\u0159\u00ed zem\u0159eli p\u0159ed lety.<\/span><\/p>\n<p><em><span>&#8222;B\u011bhem posledn\u00edch t\u0159\u00ed let se v\u00e1\u0161 ment\u00e1ln\u00ed \u00fapadek a zapomn\u011bn\u00ed staly je\u0161t\u011b zjevn\u011bj\u0161\u00ed,&#8220;<\/span><\/em><span>\u00a0uvedl Jackson a dal\u0161\u00ed z\u00e1konod\u00e1rci v dopise Bidenovi.\u00a0<\/span><em><span>&#8222;B\u011b\u017en\u00fdm jevem je vid\u011bt, jak \u0161oupe\u0161 nohama, klop\u00fdt\u00e1\u0161 p\u0159i ch\u016fzi, ml\u00e1t\u00ed\u0161 slova, zapom\u00edn\u00e1\u0161 jm\u00e9na, ztr\u00e1c\u00ed\u0161 my\u0161lenkov\u00e9 pochody a vypad\u00e1\u0161 zmaten\u011b nebo sp\u00ed, kdy\u017e vystupuje\u0161 na ve\u0159ejnosti tady doma i na sv\u011btov\u00e9 sc\u00e9n\u011b.&#8220;<\/span><\/em><\/p>\n<p><span>Bidenova p\u0159\u00ed\u0161t\u00ed ro\u010dn\u00ed l\u00e9ka\u0159sk\u00e1 prohl\u00eddka nebude zahrnovat kognitivn\u00ed test, \u0159ekla v pond\u011bl\u00ed novin\u00e1\u0159\u016fm mluv\u010d\u00ed B\u00edl\u00e9ho domu Karine Jean-Pierreov\u00e1.\u00a0Jej\u00ed zam\u011bstnanci odm\u00edtli dotazy m\u00e9di\u00ed ohledn\u011b Jacksonov\u00fdch po\u017eadavk\u016f na takov\u00e9 vy\u0161et\u0159en\u00ed t\u00edm, \u017ee odpov\u011bd\u011bli obr\u00e1zky p\u0159ipodob\u0148uj\u00edc\u00edmi kongresmana ke kreslen\u00e9mu l\u00e9ka\u0159i zn\u00e1m\u00e9mu \u0161arlat\u00e1nstv\u00edm.<\/span><\/p>\n<p><img decoding=\"async\" loading=\"lazy\" class=\"alignnone size-full wp-image-1185\" src=\"http:\/\/www.infokuryr.cz\/n\/wp-content\/uploads\/2021\/04\/kuryr-podpis.png\" alt=\"\" width=\"84\" height=\"24\" \/><\/p>\n<p>&nbsp;<\/p>\n<p>&nbsp;<\/p>\n","protected":false},"excerpt":{"rendered":"<p>Dopis podepsan\u00fd 84 sn\u011bmovn\u00edmi republik\u00e1ny vyzval prezidenta, aby po usv\u011bd\u010duj\u00edc\u00ed zpr\u00e1v\u011b prok\u00e1zal svou du\u0161evn\u00ed zdatnost&#8230;<\/p>\n","protected":false},"author":2,"featured_media":42248,"comment_status":"closed","ping_status":"closed","sticky":false,"template":"","format":"standard","meta":[],"categories":[7],"tags":[72,37,21],"_links":{"self":[{"href":"https:\/\/www.infokuryr.cz\/n\/wp-json\/wp\/v2\/posts\/47259"}],"collection":[{"href":"https:\/\/www.infokuryr.cz\/n\/wp-json\/wp\/v2\/posts"}],"about":[{"href":"https:\/\/www.infokuryr.cz\/n\/wp-json\/wp\/v2\/types\/post"}],"author":[{"embeddable":true,"href":"https:\/\/www.infokuryr.cz\/n\/wp-json\/wp\/v2\/users\/2"}],"replies":[{"embeddable":true,"href":"https:\/\/www.infokuryr.cz\/n\/wp-json\/wp\/v2\/comments?post=47259"}],"version-history":[{"count":0,"href":"https:\/\/www.infokuryr.cz\/n\/wp-json\/wp\/v2\/posts\/47259\/revisions"}],"wp:featuredmedia":[{"embeddable":true,"href":"https:\/\/www.infokuryr.cz\/n\/wp-json\/wp\/v2\/media\/42248"}],"wp:attachment":[{"href":"https:\/\/www.infokuryr.cz\/n\/wp-json\/wp\/v2\/media?parent=47259"}],"wp:term":[{"taxonomy":"category","embeddable":true,"href":"https:\/\/www.infokuryr.cz\/n\/wp-json\/wp\/v2\/categories?post=47259"},{"taxonomy":"post_tag","embeddable":true,"href":"https:\/\/www.infokuryr.cz\/n\/wp-json\/wp\/v2\/tags?post=47259"}],"curies":[{"name":"wp","href":"https:\/\/api.w.org\/{rel}","templated":true}]}}