{"id":4725,"date":"2021-09-14T03:12:55","date_gmt":"2021-09-14T01:12:55","guid":{"rendered":"http:\/\/www.infokuryr.cz\/n\/?p=4725"},"modified":"2021-09-14T03:12:55","modified_gmt":"2021-09-14T01:12:55","slug":"herecka-stojici-za-kampani-metoo-americka-elita-potrebuje-nevzdelany-narod","status":"publish","type":"post","link":"https:\/\/www.infokuryr.cz\/n\/2021\/09\/14\/herecka-stojici-za-kampani-metoo-americka-elita-potrebuje-nevzdelany-narod\/","title":{"rendered":"Here\u010dka stoj\u00edc\u00ed za kampan\u00ed MeToo: Americk\u00e1 elita pot\u0159ebuje nevzd\u011blan\u00fd n\u00e1rod"},"content":{"rendered":"<div id=\"fb-root\"><\/div>\n<p><strong>Tato zem\u011b nen\u00ed pro v\u0161echny, ale pro ty, co r\u00e1di l\u00edtaj\u00ed na Bahamy, prohl\u00e1sila americk\u00e1 here\u010dka Rose McGowanov\u00e1, jedna z p\u0159edn\u00edch p\u0159edstavitelek hnut\u00ed MeToo. Podle n\u00ed sou\u010dasn\u00e1 elita z\u00e1m\u011brn\u011b vychov\u00e1v\u00e1 nevzd\u011blan\u00e9 lidi. Rozhodla se proto podpo\u0159it odvol\u00e1n\u00ed demokratick\u00e9ho guvern\u00e9ra Kalifornie a fand\u00ed republik\u00e1nsk\u00e9mu kandid\u00e1tovi.<\/strong><\/p>\n<p>Rose McGowanov\u00e1, kter\u00e1 pomohla zlomit vaz hollywoodsk\u00e9mu producentovi a\u00a0sexu\u00e1ln\u00edmu n\u00e1siln\u00edkovi\u00a0Harvey Weinsteinovi, vystoupila na podporu \u010derno\u0161sk\u00e9ho rozhlasov\u00e9ho moder\u00e1tora Larryho Eldera. Ten nyn\u00ed usiluje o guvern\u00e9rsk\u00fd post Kalifornie za Republik\u00e1nskou stranu.<\/p>\n<p>McGowanov\u00e1 na ve\u0159ejn\u00e9m vystoupen\u00ed na podporu Eldera prohl\u00e1sila, \u017ee ve sv\u011bt\u011b \u010dasto sl\u00fdch\u00e1, \u017ee Ameri\u010dan\u00e9 jsou nejm\u00e9n\u011b vzd\u011blan\u00fdm n\u00e1rodem na sv\u011bt\u011b. Here\u010dka ale zd\u016fraznila, \u017ee ve skute\u010dnosti jsou Ameri\u010dan\u00e9 \u201enedostate\u010dn\u011b vzd\u011blan\u00ed\u201c, co\u017e je i z\u00e1m\u011br vl\u00e1dnouc\u00ed elity.<\/p>\n<p>\u201eJe to systematick\u00e9 a je v\u00e1m to \u010din\u011bno z\u00e1m\u011brn\u011b, aby z v\u00e1s u\u010dinili spoluvin\u00edky ma\u0161iny, ze kter\u00e9 t\u011b\u017e\u00ed pouze velmi m\u00e1lo lid\u00ed. Nen\u00ed to zem\u011b nebo st\u00e1t pro v\u0161echny, ale pouze pro n\u011bkter\u00e9. Je to zem\u011b pro lidi, kte\u0159\u00ed maj\u00ed r\u00e1di sv\u016fj nagelovan\u00fd \u00fa\u010des a Bahamy,\u201c poznamenala here\u010dka.<\/p>\n<p>Vyzvala sv\u00e9 spoluob\u010dany, aby byli zase svobodn\u00ed a vrazili \u201ek\u016fl do srdce zla\u201c.<\/p>\n<p>\u201eMas\u00edruj\u00ed v\u00e1m mysl, nech\u00e1vaj\u00ed v\u00e1s ve strachu, nech\u00e1vaj\u00ed v\u00e1s na pochyb\u00e1ch,\u201c dodala.<\/p>\n<p>Podle n\u00ed se ji\u017e nem\u016f\u017ee ozna\u010dovat za demokratku, proto\u017ee v\u0161ichni, kdo ji obt\u011b\u017eovali a zneu\u017e\u00edvali, byli \u00fadajn\u011b demokrat\u00e9.<\/p>\n<p>V \u00fater\u00fd v Kalifornii prob\u011bhnou odvolac\u00ed guvern\u00e9rsk\u00e9 volby, kter\u00e9 vyvolala petice ob\u010dan\u016f. Odvol\u00e1n\u00ed \u010del\u00ed sou\u010dasn\u00fd guvern\u00e9r Gavin Newsom za Demokratickou stranu. Toho kritizuj\u00ed za nezvl\u00e1dnut\u00ed epidemie koronaviru a za to, \u017ee nedodr\u017eoval epidemiologick\u00e1 na\u0159\u00edzen\u00ed, kter\u00e1 s\u00e1m vydal. D\u00e1le mu auto\u0159i petice vy\u010d\u00edtaj\u00ed probl\u00e9my s dod\u00e1vkami elekt\u0159iny, vysok\u00e9 dan\u011b i kriminalitu, kterou z \u010d\u00e1sti zp\u016fsobuj\u00ed neleg\u00e1ln\u00ed migranti.<\/p>\n<p>Za Newsomem pevn\u011b stoj\u00ed nejen Demokratick\u00e1 strana, ale i finan\u010dn\u00edk\u00a0George Soros, re\u017eis\u00e9r a producent Steven Spielberg \u010di technologi\u010dt\u00ed giganti. Jeho kampa\u0148 stoj\u00ed \u00factyhodn\u00fdch 58 milion\u016f dolar\u016f, co\u017e je rekord v d\u011bjin\u00e1ch Kalifornie.<\/p>\n<p>Podle kalifornsk\u00fdch z\u00e1kon\u016f, obyvatel\u00e9 st\u00e1tu na odvolac\u00edch volb\u00e1ch odpov\u00eddaj\u00ed na dv\u011b ot\u00e1zky. Nejprve se vyjad\u0159uj\u00ed, zda cht\u011bj\u00ed odvolat sou\u010dasnou hlavu st\u00e1tu a pak vyb\u00edraj\u00ed alternativn\u00edho kandid\u00e1ta ze seznamu, kter\u00fdm ale nem\u016f\u017ee b\u00fdt st\u00e1vaj\u00edc\u00ed guvern\u00e9r. Pokud se v\u011bt\u0161ina vyslov\u00ed ve prosp\u011bch odvol\u00e1n\u00ed, nov\u00fdm guvern\u00e9rem se stane ten, kdo z\u00edsk\u00e1 nejv\u00edce preferenc\u00ed ve druh\u00e9 ot\u00e1zce.<\/p>\n<p>Podle pr\u016fzkum\u016f 57,5 % Kalifor\u0148an\u016f chce Newsoma nechat vl\u00e1dnout d\u00e1l. Nicm\u00e9n\u011b, v p\u0159\u00edpad\u011b, \u017ee by byl odvol\u00e1n, je jasn\u00fdm favoritem Elder, kter\u00fd na svou kampa\u0148 z\u00edskal 13 milion\u016f dolar\u016f.<\/p>\n<p>McGowanov\u00e1 d\u0159\u00edve obvinila Newsomovu \u017eenu, \u017ee ji navrhovala \u00faplatek v\u00fdm\u011bnou za ml\u010den\u00ed ve\u00a0Weinsteinov\u011b kauze. \u010cinila tak \u00fadajn\u011b na popud producentova advok\u00e1ta Davida Boiese.<\/p>\n<p>\u201eTak\u017ee ta \u017eena, nev\u00edm, n\u011bjak\u00e1 blond\u00fdna s p\u0159\u00edjmen\u00edm Newsomov\u00e1, mi vol\u00e1 a \u0159\u00edk\u00e1, \u017ee David Boies chce v\u011bd\u011bt, co chci, abych byla \u0161\u0165astn\u00e1,\u201c prohl\u00e1sila here\u010dka.<\/p>\n<p><a href=\"https:\/\/cz.sputniknews.com\/20210913\/herecka-stojici-za-kampani-metoo-americka-elita-potrebuje-nevzdelany-narod-15823948.html\">ZDROJ<\/a><\/p>\n<p>&nbsp;<\/p>\n","protected":false},"excerpt":{"rendered":"<p>Tato zem\u011b nen\u00ed pro v\u0161echny, ale pro ty, co r\u00e1di l\u00edtaj\u00ed na Bahamy, prohl\u00e1sila americk\u00e1&#8230;<\/p>\n","protected":false},"author":2,"featured_media":4726,"comment_status":"closed","ping_status":"closed","sticky":false,"template":"","format":"standard","meta":[],"categories":[7],"tags":[169,1192,37,678],"_links":{"self":[{"href":"https:\/\/www.infokuryr.cz\/n\/wp-json\/wp\/v2\/posts\/4725"}],"collection":[{"href":"https:\/\/www.infokuryr.cz\/n\/wp-json\/wp\/v2\/posts"}],"about":[{"href":"https:\/\/www.infokuryr.cz\/n\/wp-json\/wp\/v2\/types\/post"}],"author":[{"embeddable":true,"href":"https:\/\/www.infokuryr.cz\/n\/wp-json\/wp\/v2\/users\/2"}],"replies":[{"embeddable":true,"href":"https:\/\/www.infokuryr.cz\/n\/wp-json\/wp\/v2\/comments?post=4725"}],"version-history":[{"count":0,"href":"https:\/\/www.infokuryr.cz\/n\/wp-json\/wp\/v2\/posts\/4725\/revisions"}],"wp:featuredmedia":[{"embeddable":true,"href":"https:\/\/www.infokuryr.cz\/n\/wp-json\/wp\/v2\/media\/4726"}],"wp:attachment":[{"href":"https:\/\/www.infokuryr.cz\/n\/wp-json\/wp\/v2\/media?parent=4725"}],"wp:term":[{"taxonomy":"category","embeddable":true,"href":"https:\/\/www.infokuryr.cz\/n\/wp-json\/wp\/v2\/categories?post=4725"},{"taxonomy":"post_tag","embeddable":true,"href":"https:\/\/www.infokuryr.cz\/n\/wp-json\/wp\/v2\/tags?post=4725"}],"curies":[{"name":"wp","href":"https:\/\/api.w.org\/{rel}","templated":true}]}}