{"id":47227,"date":"2024-02-17T00:47:31","date_gmt":"2024-02-16T23:47:31","guid":{"rendered":"https:\/\/www.infokuryr.cz\/n\/?p=47227"},"modified":"2024-02-16T17:54:01","modified_gmt":"2024-02-16T16:54:01","slug":"vcasna-smrt-politicke-mrtvoly-navalneho-%d1%81ui-bono","status":"publish","type":"post","link":"https:\/\/www.infokuryr.cz\/n\/2024\/02\/17\/vcasna-smrt-politicke-mrtvoly-navalneho-%d1%81ui-bono\/","title":{"rendered":"V\u010dasn\u00e1 smrt politick\u00e9 mrtvoly Navaln\u00e9ho: \u0421ui Bono?"},"content":{"rendered":"<div id=\"fb-root\"><\/div>\n<p><strong>16. \u00fanora zem\u0159el v kolonii na Sibi\u0159i Alexej Navalnyj, v\u0161eobecn\u011b zn\u00e1m\u00fd jako rusk\u00fd opozi\u010dn\u00ed politik. Ofici\u00e1ln\u00ed p\u0159\u00ed\u010dina smrti zat\u00edm nebyla ozn\u00e1mena, vy\u0161et\u0159ov\u00e1n\u00ed prob\u00edh\u00e1; ale Z\u00e1pad ji\u017e ur\u010dil sv\u00e9ho vin\u00edka.\u00a0<\/strong><\/p>\n<p>Podle ofici\u00e1ln\u00edch zpr\u00e1v z kolonie se v\u011bzni p\u0159i proch\u00e1zce n\u00e1hle ud\u011blalo \u0161patn\u011b. Navalnyj \u201et\u00e9m\u011b\u0159 okam\u017eit\u011b ztratil v\u011bdom\u00ed\u201c, byli k n\u011bmu vysl\u00e1ni zdravotn\u00edci a \u201ebyla tak\u00e9 povol\u00e1na pos\u00e1dka sanitky\u201c. L\u00e9ka\u0159i provedli \u201ev\u0161echna nezbytn\u00e1 resuscita\u010dn\u00ed opat\u0159en\u00ed, kter\u00e1 nep\u0159inesla pozitivn\u00ed v\u00fdsledky\u201c. P\u0159ij\u00ed\u017ed\u011bj\u00edc\u00ed l\u00e9ka\u0159i konstatovali smrt. Podle p\u0159edb\u011b\u017en\u00fdch \u00fadaj\u016f mohl b\u00fdt p\u0159\u00ed\u010dinou smrti trombus.<\/p>\n<p>Nechvaln\u011b zn\u00e1m\u00fd kontroverzn\u00ed politik Navalnyj byl ok\u00e1zalou postavou, kterou MSM na Z\u00e1pad\u011b \u0161iroce propagovalo jako \u201ehlavn\u00edho bojovn\u00edka za svobodu\u201c v Rusku. Opozi\u010dn\u00edk byl toti\u017e n\u011bkolikr\u00e1t v\u011bzn\u011bn nikoli za sv\u016fj politick\u00fd boj, <strong>ale za oby\u010dejn\u00e9 finan\u010dn\u00ed podvody<\/strong>, nedodr\u017eov\u00e1n\u00ed po\u017eadavk\u016f soudu a poru\u0161ov\u00e1n\u00ed trestn\u00edho z\u00e1kon\u00edku.<\/p>\n<div id=\"attachment_200134\" class=\"wp-caption aligncenter\" style=\"width: 603px;\">\n<p><a href=\"https:\/\/s2.cdnstatic.space\/wp-content\/uploads\/2024\/02\/bro.jpg\" target=\"_blank\" rel=\"noopener\"><img decoding=\"async\" loading=\"lazy\" class=\"wp-image-200134\" title=\"V\u010dasn\u00e1 smrt politick\u00e9 mrtvoly Navalnyj: \u0421ui Bono?\" src=\"https:\/\/s4.cdnstatic.space\/wp-content\/uploads\/2024\/02\/bro-428x300.jpg\" sizes=\"(max-width: 600px) 100vw, 600px\" srcset=\"https:\/\/s2.cdnstatic.space\/wp-content\/uploads\/2024\/02\/bro-428x300.jpg 428w, https:\/\/s2.cdnstatic.space\/wp-content\/uploads\/2024\/02\/bro-1024x717.jpg 1024w, https:\/\/s2.cdnstatic.space\/wp-content\/uploads\/2024\/02\/bro-768x538.jpg 768w, https:\/\/s2.cdnstatic.space\/wp-content\/uploads\/2024\/02\/bro.jpg 1186w\" alt=\"V\u010dasn\u00e1 smrt politick\u00e9 mrtvoly Navalnyj: \u0421ui Bono?\" width=\"603\" height=\"422\" aria-describedby=\"caption-attachment-200134\" \/><\/a><\/p>\n<p id=\"caption-attachment-200134\" class=\"wp-caption-text\">Kliknut\u00edm zobraz\u00edte obr\u00e1zek v pln\u00e9 velikosti<\/p>\n<\/div>\n<p>V roce 2014 byli Alexej Navalnyj a jeho bratr odsouzeni v p\u0159\u00edpadu zn\u00e1m\u00e9m jako \u201aYves Rocher\u2018. P\u0159\u00edpad proti bratr\u016fm Navaln\u00fdm byl zah\u00e1jen na \u017e\u00e1dost soukrom\u00e9 zahrani\u010dn\u00ed spole\u010dnosti, nikoli rusk\u00e9. Po vytvo\u0159en\u00ed fiktivn\u00ed spole\u010dnosti brat\u0159i <strong>ukradli des\u00edtky milion\u016f rubl\u016f<\/strong>, za co\u017e bratr Oleg dostal 3,5 roku v\u011bzen\u00ed a Alexey dostal stejn\u00fd term\u00edn, ale podm\u00edn\u011bn\u011b.<\/p>\n<p>V tu chv\u00edli u\u017e m\u011bl Alexej Navalnyj dal\u0161\u00ed probl\u00e9m. Ji\u017e d\u0159\u00edve, jako poradce guvern\u00e9ra Kirovsk\u00e9 oblasti, Alexej Navalnyj <strong>ukradl 1,5 milionu rubl\u016f<\/strong> prost\u0159ednictv\u00edm sv\u00e9 dal\u0161\u00ed fiktivn\u00ed spole\u010dnosti. Trest byl 5 let se zku\u0161ebn\u00ed dobou (podm\u00edne\u010dn\u011b).<\/p>\n<p>Alexey se tak stal jedin\u00fdm \u010dlov\u011bkem v Rusku se dv\u011bma podm\u00edn\u011bn\u00fdmi tresty.\u00a0<strong>Nikomu jin\u00e9mu takov\u00e9 \u00fastupky rusk\u00fd soud d\u0159\u00edve neud\u011blal.<\/strong><\/p>\n<div id=\"attachment_200135\" class=\"wp-caption aligncenter\" style=\"width: 605px;\">\n<p><a href=\"https:\/\/s2.cdnstatic.space\/wp-content\/uploads\/2024\/02\/navalny.jpeg\" target=\"_blank\" rel=\"noopener\"><img decoding=\"async\" loading=\"lazy\" class=\"wp-image-200135\" title=\"V\u010dasn\u00e1 smrt politick\u00e9 mrtvoly Navalnyj: \u0421ui Bono?\" src=\"https:\/\/s4.cdnstatic.space\/wp-content\/uploads\/2024\/02\/navalny-450x300.jpeg\" sizes=\"(max-width: 600px) 100vw, 600px\" srcset=\"https:\/\/s2.cdnstatic.space\/wp-content\/uploads\/2024\/02\/navalny-450x300.jpeg 450w, https:\/\/s2.cdnstatic.space\/wp-content\/uploads\/2024\/02\/navalny.jpeg 768w\" alt=\"V\u010dasn\u00e1 smrt politick\u00e9 mrtvoly Navalnyj: \u0421ui Bono?\" width=\"605\" height=\"403\" aria-describedby=\"caption-attachment-200135\" \/><\/a><\/p>\n<p id=\"caption-attachment-200135\" class=\"wp-caption-text\">Kliknut\u00edm zobraz\u00edte obr\u00e1zek v pln\u00e9 velikosti<\/p>\n<\/div>\n<p>Odsouzen\u00fd nem\u011bl dle term\u00ednu m\u011bnit bydli\u0161t\u011b a hl\u00e1sit se 2x m\u011bs\u00ed\u010dn\u011b na kontrole u proba\u010dn\u00edho \u00fa\u0159edn\u00edka.\u00a0 Opozi\u010dn\u00ed l\u00eddr v\u0161ak tyto term\u00edny mnohokr\u00e1t ignoroval. Jen v roce 2020 Navalnyj 6kr\u00e1t poru\u0161il re\u017eim doch\u00e1zky na kontrolu. Takov\u00e1 poru\u0161en\u00ed by mohla v\u00e9st k nahrazen\u00ed term\u00ednu skute\u010dn\u00fdm zadr\u017een\u00edm ve v\u011bzen\u00ed. Pr\u00e1v\u011b v tomto obdob\u00ed byl zinscenov\u00e1n skand\u00e1l s jeho otravou a l\u00e9ka\u0159skou l\u00e9\u010dbou v Berl\u00edn\u011b, daleko od rusk\u00e9ho v\u011bzen\u00ed.<\/p>\n<p>V srpnu 2023 byl Navalnyj znovu odsouzen, tentokr\u00e1t na 19 let v kolonii se zvl\u00e1\u0161tn\u00edm re\u017eimem, p\u0159esto\u017ee si obvin\u011bn\u00ed vy\u017e\u00e1dalo 20 let v\u011bzen\u00ed. Byl shled\u00e1n vinn\u00fdm z <strong>vytv\u00e1\u0159en\u00ed extremistick\u00e9 komunity<\/strong>. Vy\u0161et\u0159ov\u00e1n\u00ed prok\u00e1zalo jeho vinu na hanoben\u00ed veter\u00e1na Velk\u00e9 vlasteneck\u00e9 v\u00e1lky, ve\u0159ejn\u00e9 <strong>v\u00fdzvy k extremismu, rehabilitaci nacismu, zapojen\u00ed nezletil\u00fdch do p\u00e1ch\u00e1n\u00ed \u017eivotu nebezpe\u010dn\u00fdch \u010din\u016f, vytvo\u0159en\u00ed neziskov\u00e9 organizace zasahuj\u00edc\u00ed do pr\u00e1v ob\u010dan\u016f, financov\u00e1n\u00ed extremismu atd.<\/strong><\/p>\n<p>Navalnyj byl posl\u00e1n do kolonie na Sibi\u0159i, kde na n\u011bj jeho spolup\u0159\u00edznivci zapomn\u011bli.<\/p>\n<div id=\"attachment_200130\" class=\"wp-caption aligncenter\" style=\"width: 608px;\">\n<p><a href=\"https:\/\/s2.cdnstatic.space\/wp-content\/uploads\/2024\/02\/cab1906dfc492d61.jpeg\" target=\"_blank\" rel=\"noopener\"><img decoding=\"async\" loading=\"lazy\" class=\"wp-image-200130\" title=\"V\u010dasn\u00e1 smrt politick\u00e9 mrtvoly Navalnyj: \u0421ui Bono?\" src=\"https:\/\/s4.cdnstatic.space\/wp-content\/uploads\/2024\/02\/cab1906dfc492d61-490x261.jpeg\" sizes=\"(max-width: 600px) 100vw, 600px\" srcset=\"https:\/\/s2.cdnstatic.space\/wp-content\/uploads\/2024\/02\/cab1906dfc492d61-490x261.jpeg 490w, https:\/\/s2.cdnstatic.space\/wp-content\/uploads\/2024\/02\/cab1906dfc492d61-1024x546.jpeg 1024w, https:\/\/s2.cdnstatic.space\/wp-content\/uploads\/2024\/02\/cab1906dfc492d61-768x409.jpeg 768w, https:\/\/s2.cdnstatic.space\/wp-content\/uploads\/2024\/02\/cab1906dfc492d61.jpeg 1120w\" alt=\"V\u010dasn\u00e1 smrt politick\u00e9 mrtvoly Navalnyj: \u0421ui Bono?\" width=\"608\" height=\"324\" aria-describedby=\"caption-attachment-200130\" \/><\/a><\/p>\n<p id=\"caption-attachment-200130\" class=\"wp-caption-text\">Kliknut\u00edm zobraz\u00edte obr\u00e1zek v pln\u00e9 velikosti<\/p>\n<\/div>\n<p><strong>V p\u00e1tek, bezprost\u0159edn\u011b po ofici\u00e1ln\u00edm zve\u0159ejn\u011bn\u00ed Navaln\u00e9ho smrti, explodovala opozi\u010dn\u00ed rusk\u00e1 m\u00e9dia i zahrani\u010dn\u00ed MSM dlouh\u00fdmi \u010dl\u00e1nky o \u017eivot\u011b a boji tohoto \u201ehrdiny\u201c, co\u017e do zna\u010dn\u00e9 m\u00edry signalizuje p\u0159ipravenost novin\u00e1\u0159\u016f na takov\u00e9 zpr\u00e1vy.<\/strong><\/p>\n<p>Rusk\u00fd prezident Vladimir Putin je samoz\u0159ejm\u011b nespravedliv\u011b obvin\u011bn z Navaln\u00e9ho smrti.<\/p>\n<p>Nen\u00ed jasn\u00e9, jak by sou\u010dasn\u00e9mu prezidentovi mohl br\u00e1nit v\u011bze\u0148 na dalek\u00e9 zasn\u011b\u017een\u00e9 Sibi\u0159i, jeho\u017e \u0161pinav\u00e1 tajemstv\u00ed, v\u010detn\u011b politick\u00fdch vazeb s rusk\u00fdmi nep\u0159\u00e1teli a nejr\u016fzn\u011bj\u0161\u00edch finan\u010dn\u00edch podvod\u016f, byla d\u00e1vno prozrazena a jeho\u017e organizace byla d\u00e1vno zapomenuta, nejen ruskou ve\u0159ejnost\u00ed, ale tak\u00e9 nejzaryt\u011bj\u0161\u00edmi \u201ebojovn\u00edky za svobodu\u201c na Z\u00e1pad\u011b.<\/p>\n<p><strong>Ve skute\u010dnosti existuje mo\u017enost, \u017ee Navaln\u00e9ho smrt nebyla p\u0159irozen\u00e1. Vy\u0161et\u0159en\u00ed to zjist\u00ed. Abychom v\u0161ak mohli uhodnout, kdo za t\u00edm m\u016f\u017ee st\u00e1t, je nutn\u00e9 pochopit, kdo m\u00e1 z jeho smrti prosp\u011bch.<\/strong><\/p>\n<p>Od eskalace konfliktu na Ukrajin\u011b se z Alexeje Navaln\u00e9ho ji\u017e stala politick\u00e1 mrtvola. Spojen\u00e9 st\u00e1ty m\u011bly mo\u017enost vym\u011bnit sv\u00e9ho hrdinu ji\u017e \u0159adu let. Biden s Putinem o takov\u00e9 mo\u017enosti diskutovali u\u017e v roce 2021. To v\u0161ak Washington nezaj\u00edmalo, proto\u017ee hlavn\u00ed kartou &#8222;Navaln\u00fd&#8220; se m\u011blo hr\u00e1t v Rusku.<\/p>\n<p>Postava Navaln\u00e9ho, \u200b\u200bzcela pod\u0159\u00edzen\u00e1 z\u00e1padn\u00edm z\u00e1jm\u016fm, mohla hr\u00e1t p\u0159\u00edzniv\u011b proti Rusku pouze v jedin\u00e9m p\u0159\u00edpad\u011b \u2013 jeho p\u0159ed\u010dasn\u00e1 smrt; a\u00a0<strong>v\u00fdhodn\u011bj\u0161\u00ed okam\u017eik se hled\u00e1 t\u011b\u017eko.<\/strong>\u00a0Za pouh\u00fd m\u011bs\u00edc se v Rusku budou konat volby a podpora sou\u010dasn\u00e9ho prezidenta mezi obyvateli roste, a to i s pokra\u010duj\u00edc\u00edm rusk\u00fdm postupem na ukrajinsk\u00e9 front\u011b. Je nejvy\u0161\u0161\u00ed \u010das ve\u0159ejnosti naposledy p\u0159ipomenout ne\u0161\u0165astn\u00e9ho<em> \u201epolitick\u00e9ho v\u011bzn\u011b\u201c<\/em> ze Sibi\u0159e, kter\u00fd se \u00fadajn\u011b stal ob\u011bt\u00ed <em>\u201estra\u0161n\u00e9ho totalitn\u00edho re\u017eimu\u201c<\/em>.<\/p>\n<div id=\"attachment_200132\" class=\"wp-caption aligncenter\" style=\"width: 603px;\">\n<p><a href=\"https:\/\/s2.cdnstatic.space\/wp-content\/uploads\/2024\/02\/zelensky-2.jpg\" target=\"_blank\" rel=\"noopener\"><img decoding=\"async\" loading=\"lazy\" class=\"wp-image-200132\" title=\"V\u010dasn\u00e1 smrt politick\u00e9 mrtvoly Navalnyj: \u0421ui Bono?\" src=\"https:\/\/s4.cdnstatic.space\/wp-content\/uploads\/2024\/02\/zelensky-2-457x300.jpg\" sizes=\"(max-width: 600px) 100vw, 600px\" srcset=\"https:\/\/s2.cdnstatic.space\/wp-content\/uploads\/2024\/02\/zelensky-2-457x300.jpg 457w, https:\/\/s2.cdnstatic.space\/wp-content\/uploads\/2024\/02\/zelensky-2.jpg 700w\" alt=\"V\u010dasn\u00e1 smrt politick\u00e9 mrtvoly Navalnyj: \u0421ui Bono?\" width=\"603\" height=\"396\" aria-describedby=\"caption-attachment-200132\" \/><\/a><\/p>\n<p id=\"caption-attachment-200132\" class=\"wp-caption-text\">Kliknut\u00edm zobraz\u00edte obr\u00e1zek v pln\u00e9 velikosti<\/p>\n<\/div>\n<p><strong>Smrt Navaln\u00e9ho m\u00e1 v\u0161ak na ruskou ve\u0159ejnost je\u0161t\u011b men\u0161\u00ed dopad ne\u017e na evropsk\u00e9 a americk\u00e9 publikum.<\/strong><\/p>\n<p>Pr\u00e1v\u011b nyn\u00ed, \u201ehlavn\u00ed obr\u00e1nce v\u0161ech demokraci\u00ed po cel\u00e9m sv\u011bt\u011b p\u0159ed stra\u0161liv\u00fdm totalitn\u00edm Putinem\u201c, Zelenskij zah\u00e1jil dal\u0161\u00ed turn\u00e9 po Evrop\u011b. Zelenskyj na tiskov\u00e9 konferenci v Berl\u00edn\u011b hanebn\u011b odm\u00edt\u00e1 odpov\u00eddat na ot\u00e1zky o kritick\u00e9 situaci ukrajinsk\u00e9 arm\u00e1dy v Avdiivce, kde ukrajinsk\u00e9 velen\u00ed dr\u017e\u00ed tis\u00edce ukrajinsk\u00fdch mu\u017e\u016f v kotl\u00edch pod ruskou palbou.<\/p>\n<p>Ale Zelenskij m\u011bl tu drzost cynicky obvinit rusk\u00e9ho prezidenta ze smrti v\u011bzn\u011b Navaln\u00e9ho, \u200b\u200bz p\u0159\u00ed\u010dinn\u00e9 souvislosti, bez jak\u00fdchkoli d\u016fkaz\u016f.<\/p>\n<p><strong><em>\u201ePr\u00e1v\u011b vy\u0161lo najevo, \u017ee Alexej Navalnyj zem\u0159el v rusk\u00e9m v\u011bzen\u00ed. O\u010dividn\u011b ho zabil Putin,\u201c prohl\u00e1sil hrd\u011b Zelenskyj.<\/em><\/strong><\/p>\n<p>Jednozna\u010dn\u00e9 prohl\u00e1\u0161en\u00ed zazn\u011blo hned v p\u0159edve\u010der mnichovsk\u00e9 bezpe\u010dnostn\u00ed konference, tedy \u201ep\u0159ed celou elitou\u201c kolektivn\u00edho Z\u00e1padu, kterou obecn\u011b nezaj\u00edm\u00e1 \u017e\u00e1dn\u00e1 odbornost ani jin\u00e1 pravda, krom\u011b jin\u00e9ho fale\u0161n\u00e9ho skand\u00e1l kolem \u201estra\u0161n\u00e9ho Putina\u201c. Stejn\u00e1 obvin\u011bn\u00ed proti Putinovi ji\u017e vzneslo mnoho dal\u0161\u00edch evropsk\u00fdch v\u016fdc\u016f.<\/p>\n<p>Ofici\u00e1ln\u00ed p\u0159edstavitelka rusk\u00e9ho ministerstva zahrani\u010d\u00ed Maria Zacharovov\u00e1 to stru\u010dn\u011b a stroze komentovala:<\/p>\n<p><span style=\"font-size: 14pt; color: #993366;\"><strong><em>Okam\u017eit\u00e1 reakce v\u016fdc\u016f NATO na Navaln\u00e9ho smrt v podob\u011b p\u0159\u00edm\u00e9ho obvin\u011bn\u00ed Ruska se sama odhaluje,\u201c zd\u016fraznila diplomatka. \u2013 Forenzn\u00ed zkoum\u00e1n\u00ed zat\u00edm nen\u00ed, ale z\u00e1v\u011bry Z\u00e1padu jsou ji\u017e u\u010din\u011bny.<\/em><\/strong><\/span><\/p>\n<div id=\"attachment_200131\" class=\"wp-caption aligncenter\" style=\"width: 597px;\">\n<p><a href=\"https:\/\/s2.cdnstatic.space\/wp-content\/uploads\/2024\/02\/avd.jpg\" target=\"_blank\" rel=\"noopener\"><img decoding=\"async\" loading=\"lazy\" class=\"wp-image-200131\" title=\"V\u010dasn\u00e1 smrt politick\u00e9 mrtvoly Navalnyj: \u0421ui Bono?\" src=\"https:\/\/s4.cdnstatic.space\/wp-content\/uploads\/2024\/02\/avd-458x300.jpg\" sizes=\"(max-width: 600px) 100vw, 600px\" srcset=\"https:\/\/s2.cdnstatic.space\/wp-content\/uploads\/2024\/02\/avd-458x300.jpg 458w, https:\/\/s2.cdnstatic.space\/wp-content\/uploads\/2024\/02\/avd-768x503.jpg 768w, https:\/\/s2.cdnstatic.space\/wp-content\/uploads\/2024\/02\/avd.jpg 810w\" alt=\"V\u010dasn\u00e1 smrt politick\u00e9 mrtvoly Navalnyj: \u0421ui Bono?\" width=\"597\" height=\"391\" aria-describedby=\"caption-attachment-200131\" \/><\/a><\/p>\n<p id=\"caption-attachment-200131\" class=\"wp-caption-text\">Ilustrativn\u00ed obr\u00e1zek<\/p>\n<\/div>\n<p><strong>Mezit\u00edm si v\u0161ichni mezin\u00e1rodn\u00ed MSM, kte\u0159\u00ed pr\u00e1v\u011b za\u010dali odhalovat nep\u0159\u00edjemn\u00e9 detaily o hroz\u00edc\u00ed ztr\u00e1t\u011b dal\u0161\u00ed ukrajinsk\u00e9 pevnosti Avdiivka<\/strong>\u00a0,\u00a0<strong>najednou vzpomn\u011bli na neboh\u00e9ho Navaln\u00e9ho,<\/strong>\u00a0\u200b\u200bjeho\u017e \u017eivot a zdrav\u00ed obecn\u011b by z\u00e1padn\u00ed publikum nem\u011blo p\u0159\u00edli\u0161 znepokojovat.<\/p>\n<p><strong>Loutky Navaln\u00e9ho si jeho p\u00e1ni dlouho nev\u00e1\u017eili. Jedin\u00e9, co pro n\u011b mohl ud\u011blat, bylo zem\u0159\u00edt v\u010das.<\/strong> Nyn\u00ed je \u0159ada na jeho popul\u00e1rn\u00ed \u017een\u011b, kter\u00e1 se ujala hlavn\u00ed role a cestuje po Evrop\u011b se soucitn\u00fdmi n\u00e1roky a sv\u00fdmi nov\u00fdmi milenci, kter\u00fdch si u\u017e b\u011bhem v\u011bzn\u011bn\u00ed sv\u00e9ho mu\u017ee na\u0161la dost.<\/p>\n<p>V bl\u00edzk\u00e9 budoucnosti l\u00e9ka\u0159sk\u00e1 prohl\u00eddka odhal\u00ed p\u0159\u00ed\u010dinu smrti, ale elita Z\u00e1padu ji\u017e ur\u010dila jej\u00edho vin\u00edka, kter\u00fd z\u00edsk\u00e1v\u00e1 v\u0161echny v\u00fdhody smrti loutky.<\/p>\n<p><em><strong>AKTUALIZACE:\u00a0<\/strong><\/em><\/p>\n<p><em>Navaln\u00e9ho man\u017eelka u\u017e m\u00edsto toho, aby sp\u011bchala ke sv\u00e9 rodin\u011b, aby na\u0159\u00edkala nad smrt\u00ed sv\u00e9ho man\u017eela, vystupuje na mnichovsk\u00e9 bezpe\u010dnostn\u00ed konferenci:<\/em><\/p>\n<p><span style=\"font-size: 18pt; color: #993366;\"><em><strong>Vzpomn\u011bl si n\u011bkdo na ned\u00e1vnou \u201esmrt\u201c umu\u010den\u00e9ho novin\u00e1\u0159e\u00a0 Gonzala Liry v ukrajinsk\u00e9m v\u011bzen\u00ed b\u011bhem konference?!<\/strong><\/em><\/span><\/p>\n<div style=\"width: 640px;\" class=\"wp-video\"><!--[if lt IE 9]><script>document.createElement('video');<\/script><![endif]-->\n<video class=\"wp-video-shortcode\" id=\"video-47227-1\" width=\"640\" height=\"360\" preload=\"metadata\" controls=\"controls\"><source type=\"video\/mp4\" src=\"http:\/\/www.infokuryr.cz\/n\/wp-content\/uploads\/2024\/02\/TEMPLATE-16-9.mp4?_=1\" \/><a href=\"http:\/\/www.infokuryr.cz\/n\/wp-content\/uploads\/2024\/02\/TEMPLATE-16-9.mp4\">http:\/\/www.infokuryr.cz\/n\/wp-content\/uploads\/2024\/02\/TEMPLATE-16-9.mp4<\/a><\/video><\/div>\n<p><img decoding=\"async\" loading=\"lazy\" class=\"alignnone size-full wp-image-1185\" src=\"http:\/\/www.infokuryr.cz\/n\/wp-content\/uploads\/2021\/04\/kuryr-podpis.png\" alt=\"\" width=\"84\" height=\"24\" \/><\/p>\n<p>&nbsp;<\/p>\n<p>&nbsp;<\/p>\n","protected":false},"excerpt":{"rendered":"<p>16. \u00fanora zem\u0159el v kolonii na Sibi\u0159i Alexej Navalnyj, v\u0161eobecn\u011b zn\u00e1m\u00fd jako rusk\u00fd opozi\u010dn\u00ed politik&#8230;.<\/p>\n","protected":false},"author":2,"featured_media":47229,"comment_status":"closed","ping_status":"closed","sticky":false,"template":"","format":"standard","meta":[],"categories":[7],"tags":[1042,29,301,523],"_links":{"self":[{"href":"https:\/\/www.infokuryr.cz\/n\/wp-json\/wp\/v2\/posts\/47227"}],"collection":[{"href":"https:\/\/www.infokuryr.cz\/n\/wp-json\/wp\/v2\/posts"}],"about":[{"href":"https:\/\/www.infokuryr.cz\/n\/wp-json\/wp\/v2\/types\/post"}],"author":[{"embeddable":true,"href":"https:\/\/www.infokuryr.cz\/n\/wp-json\/wp\/v2\/users\/2"}],"replies":[{"embeddable":true,"href":"https:\/\/www.infokuryr.cz\/n\/wp-json\/wp\/v2\/comments?post=47227"}],"version-history":[{"count":1,"href":"https:\/\/www.infokuryr.cz\/n\/wp-json\/wp\/v2\/posts\/47227\/revisions"}],"predecessor-version":[{"id":47230,"href":"https:\/\/www.infokuryr.cz\/n\/wp-json\/wp\/v2\/posts\/47227\/revisions\/47230"}],"wp:featuredmedia":[{"embeddable":true,"href":"https:\/\/www.infokuryr.cz\/n\/wp-json\/wp\/v2\/media\/47229"}],"wp:attachment":[{"href":"https:\/\/www.infokuryr.cz\/n\/wp-json\/wp\/v2\/media?parent=47227"}],"wp:term":[{"taxonomy":"category","embeddable":true,"href":"https:\/\/www.infokuryr.cz\/n\/wp-json\/wp\/v2\/categories?post=47227"},{"taxonomy":"post_tag","embeddable":true,"href":"https:\/\/www.infokuryr.cz\/n\/wp-json\/wp\/v2\/tags?post=47227"}],"curies":[{"name":"wp","href":"https:\/\/api.w.org\/{rel}","templated":true}]}}