{"id":47221,"date":"2024-02-17T00:46:55","date_gmt":"2024-02-16T23:46:55","guid":{"rendered":"https:\/\/www.infokuryr.cz\/n\/?p=47221"},"modified":"2024-02-16T17:39:34","modified_gmt":"2024-02-16T16:39:34","slug":"vojensky-prehled-ukrajinske-veleni-dostalo-ultimatum-ke-kapitulaci-pevnosti-avdiivka","status":"publish","type":"post","link":"https:\/\/www.infokuryr.cz\/n\/2024\/02\/17\/vojensky-prehled-ukrajinske-veleni-dostalo-ultimatum-ke-kapitulaci-pevnosti-avdiivka\/","title":{"rendered":"Vojensk\u00fd p\u0159ehled: Ukrajinsk\u00e9 velen\u00ed dostalo ultim\u00e1tum ke kapitulaci pevnosti Avdiivka"},"content":{"rendered":"<div id=\"fb-root\"><\/div>\n<p><strong>Ukrajinsk\u00e1 obrana v Avdiivce se rychle hrout\u00ed. Ukrajinsk\u00e9 uskupen\u00ed ka\u017ed\u00fdm dnem ztr\u00e1c\u00ed ve m\u011bst\u011b dal\u0161\u00ed a dal\u0161\u00ed strategick\u00e9 pevnosti.<\/strong><\/p>\n<p>Na ji\u017en\u00edm k\u0159\u00eddle Avdiivky rusk\u00e9 \u00fato\u010dn\u00e9 skupiny postupn\u011b ovl\u00e1dly t\u0159i strategicky d\u016fle\u017eit\u00e9 ba\u0161ty Ozbrojen\u00fdch sil Ukrajiny (AFU).<\/p>\n<p>15. \u00fanora\u00a0<strong>zavl\u00e1la rusk\u00e1 vlajka nad pevnost\u00ed Zenith<\/strong> , na \u00fazem\u00ed b\u00fdval\u00e9 jednotky protivzdu\u0161n\u00e9 obrany A-1428, jihov\u00fdchodn\u011b od Avdiivky. 1. slovansk\u00e1 brig\u00e1da rusk\u00fdch ozbrojen\u00fdch sil dokon\u010dila vy\u010di\u0161\u0165ovac\u00ed operaci v oblasti.<\/p>\n<div id=\"attachment_200046\" class=\"wp-caption aligncenter\" style=\"width: 762px;\">\n<p><a href=\"https:\/\/s2.cdnstatic.space\/wp-content\/uploads\/2024\/02\/15feb2024_Ukraine_Avdiivka_map.jpg\" target=\"_blank\" rel=\"noopener\"><img decoding=\"async\" loading=\"lazy\" class=\"wp-image-200046\" title=\"Vojensk\u00fd p\u0159ehled: Ukrajinsk\u00e9 velen\u00ed dostalo ultim\u00e1tum k kapitulaci pevnosti Avdiivka\" src=\"https:\/\/s2.cdnstatic.space\/wp-content\/uploads\/2024\/02\/15feb2024_Ukraine_Avdiivka_map-300x300.jpg\" sizes=\"(max-width: 600px) 100vw, 600px\" srcset=\"https:\/\/s2.cdnstatic.space\/wp-content\/uploads\/2024\/02\/15feb2024_Ukraine_Avdiivka_map-300x300.jpg 300w, https:\/\/s2.cdnstatic.space\/wp-content\/uploads\/2024\/02\/15feb2024_Ukraine_Avdiivka_map-1024x1024.jpg 1024w, https:\/\/s2.cdnstatic.space\/wp-content\/uploads\/2024\/02\/15feb2024_Ukraine_Avdiivka_map-150x150.jpg 150w, https:\/\/s2.cdnstatic.space\/wp-content\/uploads\/2024\/02\/15feb2024_Ukraine_Avdiivka_map-768x768.jpg 768w, https:\/\/s2.cdnstatic.space\/wp-content\/uploads\/2024\/02\/15feb2024_Ukraine_Avdiivka_map-1536x1536.jpg 1536w, https:\/\/s2.cdnstatic.space\/wp-content\/uploads\/2024\/02\/15feb2024_Ukraine_Avdiivka_map-2048x2048.jpg 2048w, https:\/\/s2.cdnstatic.space\/wp-content\/uploads\/2024\/02\/15feb2024_Ukraine_Avdiivka_map-400x400.jpg 400w, https:\/\/s2.cdnstatic.space\/wp-content\/uploads\/2024\/02\/15feb2024_Ukraine_Avdiivka_map-75x75.jpg 75w, https:\/\/s2.cdnstatic.space\/wp-content\/uploads\/2024\/02\/15feb2024_Ukraine_Avdiivka_map-45x45.jpg 45w\" alt=\"Vojensk\u00fd p\u0159ehled: Ukrajinsk\u00e9 velen\u00ed dostalo ultim\u00e1tum k kapitulaci pevnosti Avdiivka\" width=\"762\" height=\"762\" aria-describedby=\"caption-attachment-200046\" \/><\/a><\/p>\n<p id=\"caption-attachment-200046\" class=\"wp-caption-text\">Kliknut\u00edm zobraz\u00edte obr\u00e1zek v pln\u00e9 velikosti<\/p>\n<\/div>\n<p>Rusk\u00e9 vojensk\u00e9 zdroje sd\u011blily podrobnosti o operaci, kter\u00e1 donutila zb\u00fdvaj\u00edc\u00ed ukrajinsk\u00e9 s\u00edly uprchnout z boji\u0161t\u011b pod rou\u0161kou noci. Podle rusk\u00fdch vojensk\u00fdch zpr\u00e1v ukrajinsk\u00e9 velen\u00ed neposlalo s\u00edly k evakuaci zni\u010den\u00fdch jednotek z pevnosti Zenith.<\/p>\n<p>Ukrajinsk\u00e9 skupiny, kter\u00e9 se pokusily uniknout do Avdiivky, byly zni\u010deny ruskou palbou. Zbytek se pokusil opustit Zenith oklikami do pol\u00ed. Nap\u0159\u00edklad v noci na 14. \u00fanora se deset ukrajinsk\u00fdch voj\u00e1k\u016f pokusilo vyj\u00edt ze Zenitu, ale dostali se pod silnou ruskou d\u011blost\u0159eleckou palbu. V d\u016fsledku toho se pokus o \u00fat\u011bk nezda\u0159il a do trosek pevnosti se vr\u00e1tili pouze t\u0159i zran\u011bn\u00ed ukrajin\u0161t\u00ed voj\u00e1ci.<\/p>\n<p>Pot\u00e9, co rusk\u00e9 s\u00edly p\u0159evzaly kontrolu nad ukrajinsk\u00fdm Zenitem, ukrajinsk\u00e1 arm\u00e1da pokra\u010dovala v \u00fastupu a opustila sv\u00e9 zran\u011bn\u00e9 kamar\u00e1dy. R\u00e1no 16. \u00fanora potvrdily ukrajinsk\u00e9 zdroje\u00a0<strong>ruskou kontrolu nad tzv. pevnost\u00ed \u010ceburashka<\/strong>\u00a0, kter\u00e1 byla opevn\u011bna na nedalek\u00e9 k\u0159i\u017eovatce na Don\u011bck\u00e9m okruhu.<\/p>\n<p><span style=\"font-size: 18pt;\"><strong><em>T\u0159\u00edkolky s drony v oblasti:<\/em><\/strong><\/span><\/p>\n<div style=\"width: 640px;\" class=\"wp-video\"><!--[if lt IE 9]><script>document.createElement('video');<\/script><![endif]-->\n<video class=\"wp-video-shortcode\" id=\"video-47221-1\" width=\"640\" height=\"360\" preload=\"metadata\" controls=\"controls\"><source type=\"video\/mp4\" src=\"http:\/\/www.infokuryr.cz\/n\/wp-content\/uploads\/2024\/02\/chebur-2.mp4?_=1\" \/><a href=\"http:\/\/www.infokuryr.cz\/n\/wp-content\/uploads\/2024\/02\/chebur-2.mp4\">http:\/\/www.infokuryr.cz\/n\/wp-content\/uploads\/2024\/02\/chebur-2.mp4<\/a><\/video><\/div>\n<p>&nbsp;<\/p>\n<div style=\"width: 640px;\" class=\"wp-video\"><video class=\"wp-video-shortcode\" id=\"video-47221-2\" width=\"640\" height=\"360\" preload=\"metadata\" controls=\"controls\"><source type=\"video\/mp4\" src=\"http:\/\/www.infokuryr.cz\/n\/wp-content\/uploads\/2024\/02\/chebur-1.mp4?_=2\" \/><a href=\"http:\/\/www.infokuryr.cz\/n\/wp-content\/uploads\/2024\/02\/chebur-1.mp4\">http:\/\/www.infokuryr.cz\/n\/wp-content\/uploads\/2024\/02\/chebur-1.mp4<\/a><\/video><\/div>\n<p>&nbsp;<\/p>\n<p>Po Cheburashce\u00a0<strong>opustila ukrajinsk\u00e1 arm\u00e1da pozice v oblasti Vinogradniki<\/strong> . Jedn\u00e1 se o n\u011bkolik ulic s chatami, kter\u00e9 se nach\u00e1zej\u00ed ji\u017en\u011b od \u017eeleznice na ji\u017en\u00edm okraji Avdiivky. Po rusk\u00e9m pr\u016flomu z Carsk\u00e9 Ochoty do ji\u017en\u00edch ulic m\u011bsta na konci ledna boje o opevn\u011bnou oblast ve Vinogradnik\u00e1ch neustaly. Existuje jedna z poln\u00edch cest, kter\u00e9 AFU pou\u017e\u00edvalo k z\u00e1sobov\u00e1n\u00ed skupin ve m\u011bst\u011b a v oblasti Zenith. Nyn\u00ed je pod plnou ruskou kontrolou.<\/p>\n<p>Kontrola oblasti Vinogradniki umo\u017enila rusk\u00fdm sil\u00e1m narovnat frontu na ji\u017en\u00edm k\u0159\u00eddle Avdiivky. To mimo jin\u00e9 usnad\u0148uje ost\u0159elov\u00e1n\u00ed 9. mikrookresu zvan\u00e9ho Chimik, kde ukrajinsk\u00e9 s\u00edly ustupuj\u00ed z m\u011bsta, aby dr\u017eely obranu a p\u0159em\u011bnily ho na dal\u0161\u00ed pevnost.<\/p>\n<p>Mezit\u00edm bylo potvrzeno\u00a0<strong>sta\u017een\u00ed AFU z Don\u011bck\u00e9 filtra\u010dn\u00ed stanice<\/strong>\u00a0na severov\u00fdchodn\u00edm okraji m\u011bsta, kde prob\u00edhaly dlouhodob\u00e9 boje. Ukrajinsk\u00e9 s\u00edly jsou nuceny ustoupit do lesa na okraji m\u011bsta, tam v\u0161ak nebudou schopny udr\u017eet obranu kv\u016fli riziku obkl\u00ed\u010den\u00ed, zat\u00edmco Rusov\u00e9 postupuj\u00ed ulicemi m\u011bsta ze severu.<\/p>\n<p><span style=\"font-size: 18pt;\"><strong>Ru\u0161t\u00ed p\u0159\u00edslu\u0161n\u00edci 1. arm\u00e1dn\u00edho sboru z mezin\u00e1rodn\u00ed brig\u00e1dy Pjatna\u0161ka vzty\u010dili na don\u011bck\u00e9 filtra\u010dn\u00ed stanici vlajky:<\/strong><\/span><\/p>\n<div id=\"attachment_200112\" class=\"wp-caption aligncenter\" style=\"width: 599px;\">\n<p><a href=\"https:\/\/s2.cdnstatic.space\/wp-content\/uploads\/2024\/02\/flag-1.jpg\" target=\"_blank\" rel=\"noopener\"><img decoding=\"async\" loading=\"lazy\" class=\"wp-image-200112\" title=\"Vojensk\u00fd p\u0159ehled: Ukrajinsk\u00e9 velen\u00ed dostalo ultim\u00e1tum k kapitulaci pevnosti Avdiivka\" src=\"https:\/\/s2.cdnstatic.space\/wp-content\/uploads\/2024\/02\/flag-1-287x300.jpg\" sizes=\"(max-width: 600px) 100vw, 600px\" srcset=\"https:\/\/s2.cdnstatic.space\/wp-content\/uploads\/2024\/02\/flag-1-287x300.jpg 287w, https:\/\/s2.cdnstatic.space\/wp-content\/uploads\/2024\/02\/flag-1-980x1024.jpg 980w, https:\/\/s2.cdnstatic.space\/wp-content\/uploads\/2024\/02\/flag-1-768x803.jpg 768w, https:\/\/s2.cdnstatic.space\/wp-content\/uploads\/2024\/02\/flag-1.jpg 1170w\" alt=\"Vojensk\u00fd p\u0159ehled: Ukrajinsk\u00e9 velen\u00ed dostalo ultim\u00e1tum k kapitulaci pevnosti Avdiivka\" width=\"599\" height=\"626\" aria-describedby=\"caption-attachment-200112\" \/><\/a><\/p>\n<p id=\"caption-attachment-200112\" class=\"wp-caption-text\">Kliknut\u00edm zobraz\u00edte obr\u00e1zek v pln\u00e9 velikosti<\/p>\n<\/div>\n<p><strong>Rusk\u00fd \u00fatok na severn\u00ed k\u0159\u00eddlo Avdiivky nekon\u010d\u00ed.<\/strong>\u00a0Rusov\u00e9 maj\u00ed plnou kontrolu nad spoluj\u00edzdou a v\u011bt\u0161inou Pr\u016fmyslov\u00e9 t\u0159\u00eddy. Jejich \u00fato\u010dn\u00e9 skupiny ji\u017e zahajuj\u00ed \u00fatoky na p\u0159edm\u011bst\u00ed mikrodistriktu Khimik ze z\u00e1padn\u00edho sm\u011bru. Rusov\u00e9 pokra\u010duj\u00ed v postupu po \u0160estakovov\u011b ulici a na severu po ulic\u00edch pobl\u00ed\u017e Modr\u00fdch jezer.<\/p>\n<p><strong>Ukrajinsk\u00e9 jednotky ztr\u00e1cej\u00ed pozice na okraji koksovny.<\/strong>\u00a0Podle p\u0159edb\u011b\u017en\u00fdch zpr\u00e1v rusk\u00e9 s\u00edly ovl\u00e1dly hasi\u010dskou stanici \u010d. 13 a rozv\u00edjely ofenzivu v oblasti kovod\u011bln\u00e9ho z\u00e1vodu.<\/p>\n<div id=\"attachment_200116\" class=\"wp-caption aligncenter\" style=\"width: 599px;\">\n<p><a href=\"https:\/\/s2.cdnstatic.space\/wp-content\/uploads\/2024\/02\/smoke.jpg\" target=\"_blank\" rel=\"noopener\"><img decoding=\"async\" loading=\"lazy\" class=\"wp-image-200116\" title=\"Vojensk\u00fd p\u0159ehled: Ukrajinsk\u00e9 velen\u00ed dostalo ultim\u00e1tum k kapitulaci pevnosti Avdiivka\" src=\"https:\/\/s2.cdnstatic.space\/wp-content\/uploads\/2024\/02\/smoke-450x300.jpg\" sizes=\"(max-width: 600px) 100vw, 600px\" srcset=\"https:\/\/s2.cdnstatic.space\/wp-content\/uploads\/2024\/02\/smoke-450x300.jpg 450w, https:\/\/s2.cdnstatic.space\/wp-content\/uploads\/2024\/02\/smoke-1024x683.jpg 1024w, https:\/\/s2.cdnstatic.space\/wp-content\/uploads\/2024\/02\/smoke-768x512.jpg 768w, https:\/\/s2.cdnstatic.space\/wp-content\/uploads\/2024\/02\/smoke.jpg 1280w\" alt=\"Vojensk\u00fd p\u0159ehled: Ukrajinsk\u00e9 velen\u00ed dostalo ultim\u00e1tum k kapitulaci pevnosti Avdiivka\" width=\"599\" height=\"399\" aria-describedby=\"caption-attachment-200116\" \/><\/a><\/p>\n<p id=\"caption-attachment-200116\" class=\"wp-caption-text\">Kliknut\u00edm zobraz\u00edte obr\u00e1zek v pln\u00e9 velikosti<\/p>\n<\/div>\n<div id=\"attachment_200115\" class=\"wp-caption aligncenter\" style=\"width: 596px;\">\n<p><a href=\"https:\/\/s2.cdnstatic.space\/wp-content\/uploads\/2024\/02\/plant.jpg\" target=\"_blank\" rel=\"noopener\"><img decoding=\"async\" loading=\"lazy\" class=\"wp-image-200115\" title=\"Vojensk\u00fd p\u0159ehled: Ukrajinsk\u00e9 velen\u00ed dostalo ultim\u00e1tum k kapitulaci pevnosti Avdiivka\" src=\"https:\/\/s2.cdnstatic.space\/wp-content\/uploads\/2024\/02\/plant-450x300.jpg\" sizes=\"(max-width: 600px) 100vw, 600px\" srcset=\"https:\/\/s2.cdnstatic.space\/wp-content\/uploads\/2024\/02\/plant-450x300.jpg 450w, https:\/\/s2.cdnstatic.space\/wp-content\/uploads\/2024\/02\/plant-1024x683.jpg 1024w, https:\/\/s2.cdnstatic.space\/wp-content\/uploads\/2024\/02\/plant-768x512.jpg 768w, https:\/\/s2.cdnstatic.space\/wp-content\/uploads\/2024\/02\/plant.jpg 1280w\" alt=\"Vojensk\u00fd p\u0159ehled: Ukrajinsk\u00e9 velen\u00ed dostalo ultim\u00e1tum k kapitulaci pevnosti Avdiivka\" width=\"596\" height=\"397\" aria-describedby=\"caption-attachment-200115\" \/><\/a><\/p>\n<p id=\"caption-attachment-200115\" class=\"wp-caption-text\">Kliknut\u00edm zobraz\u00edte obr\u00e1zek v pln\u00e9 velikosti<\/p>\n<\/div>\n<p><strong>Samotn\u00e1 koksovna je pod neust\u00e1lou palbou rusk\u00e9ho d\u011blost\u0159electva a letadel<\/strong>\u00a0, v\u010detn\u011b des\u00edtek t\u011b\u017ek\u00fdch leteck\u00fdch bomb. AFU vybavilo na \u00fazem\u00ed za\u0159\u00edzen\u00ed sklad pohonn\u00fdch hmot, kter\u00fd slou\u017eil k tankov\u00e1n\u00ed obrn\u011bn\u00fdch vozidel. Rusk\u00e9 s\u00edly identifikovaly p\u0159esn\u00e9 sou\u0159adnice skladi\u0161t\u011b a zni\u010dily ho \u00fadery. Kou\u0159 ze spalov\u00e1n\u00ed ropn\u00fdch produkt\u016f zahalil cel\u00e9 m\u011bsto a komplikoval postaven\u00ed jednotek zb\u00fdvaj\u00edc\u00edch na \u00fazem\u00ed z\u00e1vodu. N\u011bkolik skupin ukrajinsk\u00e9 arm\u00e1dy se v noci pod rou\u0161kou \u010dern\u00e9ho kou\u0159e pokusilo dostat ze za\u0159\u00edzen\u00ed, ale \u00fanikov\u00e1 operace se nezda\u0159ila. Mnoho ukrajinsk\u00fdch voj\u00e1k\u016f, kte\u0159\u00ed ztratili cestu, narazilo na vlastn\u00ed minov\u00e1 pole, kde je tak\u00e9 zasypala palba rusk\u00e9ho d\u011blost\u0159electva.<\/p>\n<p><span style=\"font-size: 18pt;\"><strong><em>AFU opou\u0161t\u011bj\u00ed sv\u00e9 pozice a unikaj\u00ed z m\u011bsta sm\u011brem na Lastochkino:<\/em><\/strong><\/span><\/p>\n<div style=\"width: 640px;\" class=\"wp-video\"><video class=\"wp-video-shortcode\" id=\"video-47221-3\" width=\"640\" height=\"640\" preload=\"metadata\" controls=\"controls\"><source type=\"video\/mp4\" src=\"http:\/\/www.infokuryr.cz\/n\/wp-content\/uploads\/2024\/02\/esc.mp4?_=3\" \/><a href=\"http:\/\/www.infokuryr.cz\/n\/wp-content\/uploads\/2024\/02\/esc.mp4\">http:\/\/www.infokuryr.cz\/n\/wp-content\/uploads\/2024\/02\/esc.mp4<\/a><\/video><\/div>\n<p>&nbsp;<\/p>\n<p><strong>Pot\u00e9, co Rusov\u00e9 p\u0159evzali kontrolu nad vjezdem do m\u011bsta,<\/strong>\u00a0pokra\u010duj\u00ed v roz\u0161i\u0159ov\u00e1n\u00ed z\u00f3ny sv\u00e9 kontroly pod\u00e9l jedin\u00e9 d\u00e1lnice, ji\u017e postupuj\u00ed mimo m\u011bsto sm\u011brem k Lastochkinu a na jih. Vzhledem k tempu rusk\u00e9ho postupu se brzy dostanou k posledn\u00ed poln\u00ed cest\u011b vedouc\u00ed z Lastochkina do mikrodistriktu Chimik.<\/p>\n<p><strong>Mezi rusk\u00fdmi pozicemi v pol\u00edch na severu a jihu od Avdiivky zb\u00fdvaj\u00ed jen asi 3 kilometry.<\/strong>\u00a0To je vzd\u00e1lenost, kter\u00e1 zb\u00fdv\u00e1 p\u0159ed \u00fapln\u00fdm obkl\u00ed\u010den\u00edm Avdiivky a vytvo\u0159en\u00edm kotle pro tamn\u00ed ukrajinsk\u00e9 uskupen\u00ed.<\/p>\n<div id=\"attachment_200114\" class=\"wp-caption aligncenter\" style=\"width: 606px;\">\n<p><a href=\"https:\/\/s2.cdnstatic.space\/wp-content\/uploads\/2024\/02\/map.jpg\" target=\"_blank\" rel=\"noopener\"><img decoding=\"async\" loading=\"lazy\" class=\"wp-image-200114\" title=\"Vojensk\u00fd p\u0159ehled: Ukrajinsk\u00e9 velen\u00ed dostalo ultim\u00e1tum k kapitulaci pevnosti Avdiivka\" src=\"https:\/\/s2.cdnstatic.space\/wp-content\/uploads\/2024\/02\/map-343x300.jpg\" sizes=\"(max-width: 600px) 100vw, 600px\" srcset=\"https:\/\/s2.cdnstatic.space\/wp-content\/uploads\/2024\/02\/map-343x300.jpg 343w, https:\/\/s2.cdnstatic.space\/wp-content\/uploads\/2024\/02\/map-768x672.jpg 768w, https:\/\/s2.cdnstatic.space\/wp-content\/uploads\/2024\/02\/map.jpg 1015w\" alt=\"Vojensk\u00fd p\u0159ehled: Ukrajinsk\u00e9 velen\u00ed dostalo ultim\u00e1tum k kapitulaci pevnosti Avdiivka\" width=\"606\" height=\"530\" aria-describedby=\"caption-attachment-200114\" \/><\/a><\/p>\n<p id=\"caption-attachment-200114\" class=\"wp-caption-text\">Kliknut\u00edm zobraz\u00edte obr\u00e1zek v pln\u00e9 velikosti<\/p>\n<\/div>\n<p><span style=\"font-size: 18pt;\"><strong><em>Zajat\u00ed ukrajin\u0161t\u00ed voj\u00e1ci:<\/em><\/strong><\/span><\/p>\n<div id=\"attachment_200111\" class=\"wp-caption aligncenter\" style=\"width: 536px;\">\n<p><a href=\"https:\/\/s2.cdnstatic.space\/wp-content\/uploads\/2024\/02\/captured-3.jpg\" target=\"_blank\" rel=\"noopener\"><img decoding=\"async\" loading=\"lazy\" class=\"wp-image-200111\" title=\"Vojensk\u00fd p\u0159ehled: Ukrajinsk\u00e9 velen\u00ed dostalo ultim\u00e1tum k kapitulaci pevnosti Avdiivka\" src=\"https:\/\/s2.cdnstatic.space\/wp-content\/uploads\/2024\/02\/captured-3-225x300.jpg\" sizes=\"(max-width: 600px) 100vw, 600px\" srcset=\"https:\/\/s2.cdnstatic.space\/wp-content\/uploads\/2024\/02\/captured-3-225x300.jpg 225w, https:\/\/s2.cdnstatic.space\/wp-content\/uploads\/2024\/02\/captured-3-769x1024.jpg 769w, https:\/\/s2.cdnstatic.space\/wp-content\/uploads\/2024\/02\/captured-3-768x1023.jpg 768w, https:\/\/s2.cdnstatic.space\/wp-content\/uploads\/2024\/02\/captured-3.jpg 961w\" alt=\"Vojensk\u00fd p\u0159ehled: Ukrajinsk\u00e9 velen\u00ed dostalo ultim\u00e1tum k kapitulaci pevnosti Avdiivka\" width=\"536\" height=\"714\" aria-describedby=\"caption-attachment-200111\" \/><\/a><\/p>\n<p id=\"caption-attachment-200111\" class=\"wp-caption-text\">Kliknut\u00edm zobraz\u00edte obr\u00e1zek v pln\u00e9 velikosti<\/p>\n<\/div>\n<div id=\"attachment_200110\" class=\"wp-caption aligncenter\" style=\"width: 539px;\">\n<p><a href=\"https:\/\/s2.cdnstatic.space\/wp-content\/uploads\/2024\/02\/captured-2.jpg\" target=\"_blank\" rel=\"noopener\"><img decoding=\"async\" loading=\"lazy\" class=\"wp-image-200110\" title=\"Vojensk\u00fd p\u0159ehled: Ukrajinsk\u00e9 velen\u00ed dostalo ultim\u00e1tum k kapitulaci pevnosti Avdiivka\" src=\"https:\/\/s2.cdnstatic.space\/wp-content\/uploads\/2024\/02\/captured-2-225x300.jpg\" sizes=\"(max-width: 600px) 100vw, 600px\" srcset=\"https:\/\/s2.cdnstatic.space\/wp-content\/uploads\/2024\/02\/captured-2-225x300.jpg 225w, https:\/\/s2.cdnstatic.space\/wp-content\/uploads\/2024\/02\/captured-2-769x1024.jpg 769w, https:\/\/s2.cdnstatic.space\/wp-content\/uploads\/2024\/02\/captured-2-768x1023.jpg 768w, https:\/\/s2.cdnstatic.space\/wp-content\/uploads\/2024\/02\/captured-2.jpg 961w\" alt=\"Vojensk\u00fd p\u0159ehled: Ukrajinsk\u00e9 velen\u00ed dostalo ultim\u00e1tum k kapitulaci pevnosti Avdiivka\" width=\"539\" height=\"718\" aria-describedby=\"caption-attachment-200110\" \/><\/a><\/p>\n<p id=\"caption-attachment-200110\" class=\"wp-caption-text\">Kliknut\u00edm zobraz\u00edte obr\u00e1zek v pln\u00e9 velikosti<\/p>\n<\/div>\n<div id=\"attachment_200109\" class=\"wp-caption aligncenter\" style=\"width: 540px;\">\n<p><a href=\"https:\/\/s2.cdnstatic.space\/wp-content\/uploads\/2024\/02\/captured-1.jpg\" target=\"_blank\" rel=\"noopener\"><img decoding=\"async\" loading=\"lazy\" class=\"wp-image-200109\" title=\"Vojensk\u00fd p\u0159ehled: Ukrajinsk\u00e9 velen\u00ed dostalo ultim\u00e1tum k kapitulaci pevnosti Avdiivka\" src=\"https:\/\/s2.cdnstatic.space\/wp-content\/uploads\/2024\/02\/captured-1-225x300.jpg\" sizes=\"(max-width: 600px) 100vw, 600px\" srcset=\"https:\/\/s2.cdnstatic.space\/wp-content\/uploads\/2024\/02\/captured-1-225x300.jpg 225w, https:\/\/s2.cdnstatic.space\/wp-content\/uploads\/2024\/02\/captured-1-769x1024.jpg 769w, https:\/\/s2.cdnstatic.space\/wp-content\/uploads\/2024\/02\/captured-1-768x1023.jpg 768w, https:\/\/s2.cdnstatic.space\/wp-content\/uploads\/2024\/02\/captured-1.jpg 961w\" alt=\"Vojensk\u00fd p\u0159ehled: Ukrajinsk\u00e9 velen\u00ed dostalo ultim\u00e1tum k kapitulaci pevnosti Avdiivka\" width=\"540\" height=\"719\" aria-describedby=\"caption-attachment-200109\" \/><\/a><\/p>\n<p id=\"caption-attachment-200109\" class=\"wp-caption-text\">Kliknut\u00edm zobraz\u00edte obr\u00e1zek v pln\u00e9 velikosti<\/p>\n<\/div>\n<p><strong>R\u00e1no 16. \u00fanora bylo velen\u00ed AFU navr\u017eeno vzd\u00e1t se a vyhnout se ztr\u00e1t\u00e1m vojensk\u00e9ho person\u00e1lu.<\/strong>\u00a0Rusk\u00e1 arm\u00e1da zase navrhla bezpe\u010dn\u00fd koridor pro evakuaci do rusk\u00e9ho t\u00fdlu a z\u00e1ruky zachov\u00e1n\u00ed \u017eivot\u016f ukrajinsk\u00fdch voj\u00e1k\u016f. Jen za posledn\u00ed den p\u0159i\u0161lo na rusk\u00e9 pozice dobrovoln\u011b asi <strong>50 ukrajinsk\u00fdch voj\u00e1k\u016f.<\/strong> V\u0161ichni byli omrzl\u00ed. Bohu\u017eel ukrajinsk\u00e9 velen\u00ed nep\u0159ij\u00edm\u00e1 rusk\u00fd n\u00e1vrh, proto jsou ukrajin\u0161t\u00ed voj\u00e1ci nuceni nez\u00e1konn\u011b opustit vojensk\u00e9 pozice a kapitulovat.<\/p>\n<p>Ukrajinsk\u00e9 vojensk\u00e9 velen\u00ed skr\u00fdv\u00e1 jejich \u00fastup a neuzn\u00e1v\u00e1 sta\u017een\u00ed z Avdiivky, ale vysv\u011btluje to n\u011bkolika vojensk\u00fdmi man\u00e9vry. Ve skute\u010dnosti dostaly nejm\u00e9n\u011b t\u0159i kompletn\u00ed ukrajinsk\u00e9 brig\u00e1dy rozkaz st\u00e1hnout se z Avdiivky po t\u0159ech \u201elogistick\u00fdch koridorech\u201c do p\u0159edem p\u0159ipraven\u00fdch t\u00fdlov\u00fdch pozic. Notoricky zn\u00e1m\u00e1 3. \u00fato\u010dn\u00e1 brig\u00e1da AFU, kterou tvo\u0159\u00ed bojovn\u00edci zni\u010den\u00e9ho praporu Azov, vstoupila do bitvy o Avdiivku teprve p\u0159ed t\u00fddnem, ale jednotka ji\u017e ztratila v\u00edce ne\u017e polovinu vojensk\u00e9ho person\u00e1lu a ustupuje m\u011bsto \u201ekv\u016fli nedostatku pozic a logistick\u00fdch tras p\u0159ipraven\u00fdch k obran\u011b\u201c.<\/p>\n<p><img decoding=\"async\" loading=\"lazy\" class=\"alignnone size-full wp-image-1185\" src=\"http:\/\/www.infokuryr.cz\/n\/wp-content\/uploads\/2021\/04\/kuryr-podpis.png\" alt=\"\" width=\"84\" height=\"24\" \/><\/p>\n<p>&nbsp;<\/p>\n<p>&nbsp;<\/p>\n","protected":false},"excerpt":{"rendered":"<p>Ukrajinsk\u00e1 obrana v Avdiivce se rychle hrout\u00ed. Ukrajinsk\u00e9 uskupen\u00ed ka\u017ed\u00fdm dnem ztr\u00e1c\u00ed ve m\u011bst\u011b dal\u0161\u00ed&#8230;<\/p>\n","protected":false},"author":2,"featured_media":47225,"comment_status":"closed","ping_status":"closed","sticky":false,"template":"","format":"standard","meta":[],"categories":[7],"tags":[1917,22,26,5135],"_links":{"self":[{"href":"https:\/\/www.infokuryr.cz\/n\/wp-json\/wp\/v2\/posts\/47221"}],"collection":[{"href":"https:\/\/www.infokuryr.cz\/n\/wp-json\/wp\/v2\/posts"}],"about":[{"href":"https:\/\/www.infokuryr.cz\/n\/wp-json\/wp\/v2\/types\/post"}],"author":[{"embeddable":true,"href":"https:\/\/www.infokuryr.cz\/n\/wp-json\/wp\/v2\/users\/2"}],"replies":[{"embeddable":true,"href":"https:\/\/www.infokuryr.cz\/n\/wp-json\/wp\/v2\/comments?post=47221"}],"version-history":[{"count":1,"href":"https:\/\/www.infokuryr.cz\/n\/wp-json\/wp\/v2\/posts\/47221\/revisions"}],"predecessor-version":[{"id":47226,"href":"https:\/\/www.infokuryr.cz\/n\/wp-json\/wp\/v2\/posts\/47221\/revisions\/47226"}],"wp:featuredmedia":[{"embeddable":true,"href":"https:\/\/www.infokuryr.cz\/n\/wp-json\/wp\/v2\/media\/47225"}],"wp:attachment":[{"href":"https:\/\/www.infokuryr.cz\/n\/wp-json\/wp\/v2\/media?parent=47221"}],"wp:term":[{"taxonomy":"category","embeddable":true,"href":"https:\/\/www.infokuryr.cz\/n\/wp-json\/wp\/v2\/categories?post=47221"},{"taxonomy":"post_tag","embeddable":true,"href":"https:\/\/www.infokuryr.cz\/n\/wp-json\/wp\/v2\/tags?post=47221"}],"curies":[{"name":"wp","href":"https:\/\/api.w.org\/{rel}","templated":true}]}}