{"id":47205,"date":"2024-02-17T00:39:55","date_gmt":"2024-02-16T23:39:55","guid":{"rendered":"https:\/\/www.infokuryr.cz\/n\/?p=47205"},"modified":"2024-02-16T16:44:16","modified_gmt":"2024-02-16T15:44:16","slug":"133-den-izrael-prerusi-elektrinu-kritickym-pacientum-nemocnice-nasir-a-prinuti-personal-k-evakuaci","status":"publish","type":"post","link":"https:\/\/www.infokuryr.cz\/n\/2024\/02\/17\/133-den-izrael-prerusi-elektrinu-kritickym-pacientum-nemocnice-nasir-a-prinuti-personal-k-evakuaci\/","title":{"rendered":"133. den: Izrael p\u0159eru\u0161\u00ed elekt\u0159inu kritick\u00fdm pacient\u016fm nemocnice N\u00e1sir a p\u0159inut\u00ed person\u00e1l k evakuaci"},"content":{"rendered":"<div id=\"fb-root\"><\/div>\n<p><span style=\"font-size: 18pt;\"><strong>16. \u00fanora 2024<\/strong><\/span><\/p>\n<p><span style=\"font-size: 14pt;\"><strong>Medicins Sans Frontiers hl\u00e1s\u00ed po izraelsk\u00e9m \u00fatoku na nemocnici N\u00e1sir \u201enezn\u00e1m\u00fd po\u010det mrtv\u00fdch a zran\u011bn\u00fdch.\u201c UNRWA uv\u00e1d\u00ed, \u017ee 84 % zdravotnick\u00fdch za\u0159\u00edzen\u00ed v Gaze bylo zasa\u017eeno izraelsk\u00fdmi \u00fatoky a 70 % civiln\u00ed infrastruktury bylo po\u0161kozeno.<\/strong><\/span><\/p>\n<h2 class=\"wp-block-heading\"><span>Ztr\u00e1ty:<\/span><\/h2>\n<ul>\n<li><span>V Gaze bylo zabito 28 775+ Palestinc\u016f, v\u010detn\u011b nejm\u00e9n\u011b 12 000 d\u011bt\u00ed, a 68 552+ Palestinc\u016f bylo zran\u011bno.\u00a0<\/span><\/li>\n<li><span>Na okupovan\u00e9m Z\u00e1padn\u00edm b\u0159ehu a ve v\u00fdchodn\u00edm Jeruzal\u00e9m\u011b bylo zabito v\u00edce ne\u017e 394 Palestinc\u016f<\/span><\/li>\n<li><span>Izrael reviduje sv\u016fj odhadovan\u00fd po\u010det ob\u011bt\u00ed ze 7. \u0159\u00edjna na 1 400 na 1 147.<\/span><\/li>\n<li><span>Od 7. \u0159\u00edjna bylo zabito 569 izraelsk\u00fdch voj\u00e1k\u016f a nejm\u00e9n\u011b 3 221 zran\u011bno.**<\/span><\/li>\n<\/ul>\n<p><em><span>*Tento \u00fadaj potvrdilo ministerstvo zdravotnictv\u00ed Gazy na kan\u00e1lu Telegram. N\u011bkter\u00e9 organizace na ochranu lidsk\u00fdch pr\u00e1v uv\u00e1d\u011bj\u00ed po\u010det ob\u011bt\u00ed na\u00a0<\/span><a href=\"https:\/\/twitter.com\/EuroMedHR\/status\/1757852755912253703\"><span>v\u00edce ne\u017e 36 500<\/span><\/a><span>\u00a0, kdy\u017e po\u010d\u00edtaj\u00ed s t\u011bmi, o kter\u00fdch se p\u0159edpokl\u00e1d\u00e1, \u017ee jsou mrtv\u00ed.<\/span><\/em><\/p>\n<p><em><span>** Tento \u00fadaj zve\u0159ejnila izraelsk\u00e1 arm\u00e1da a zobrazuje voj\u00e1ky, jejich\u017e jm\u00e9na \u201esm\u011bla b\u00fdt zve\u0159ejn\u011bna\u201c.<\/span><\/em><\/p>\n<h2 class=\"wp-block-heading\"><span>Kl\u00ed\u010dov\u00e9 zm\u011bny:<\/span><\/h2>\n<ul>\n<li><a href=\"https:\/\/www.bbc.co.uk\/news\/world-middle-east-68304979\"><span>V nemocnici Nasser v Khan Younis se vyv\u00edj\u00ed<\/span><\/a><span>\u00a0zoufal\u00e1 situace\u00a0, jak izraelsk\u00fd n\u00e1let pokra\u010duje, co\u017e nut\u00ed vys\u00eddlen\u00e9 lidi a zdravotnick\u00fd person\u00e1l evakuovat budovu.<\/span><\/li>\n<li><span>Sv\u011btov\u00e1 zdravotnick\u00e1 organizace (WHO) se sna\u017e\u00ed z\u00edskat p\u0159\u00edstup k nemocnici N\u00e1sir, aby mohla poskytnout humanit\u00e1rn\u00ed pomoc<\/span><\/li>\n<li><a href=\"https:\/\/english.wafa.ps\/Pages\/Details\/141729\"><span>UNWRA:<\/span><\/a><span>\u00a084 procent zdravotnick\u00fdch za\u0159\u00edzen\u00ed v Gaze posti\u017een\u00fdch izraelskou agres\u00ed<\/span><\/li>\n<li><span>Satelitn\u00ed sn\u00edmky ukazuj\u00ed\u00a0<\/span><a href=\"https:\/\/edition.cnn.com\/2024\/02\/16\/middleeast\/egypt-wall-buffer-zone-gaza-border-intl-hnk\/index.html\"><span>stavbu zdi pod\u00e9l hranice mezi Gazou a Egyptem<\/span><\/a><span>\u00a0, co\u017e vyvol\u00e1v\u00e1 podez\u0159en\u00ed, \u017ee Palestinci mohou b\u00fdt nuceni evakuovat se do Sinajsk\u00e9 pou\u0161t\u011b.<\/span><\/li>\n<li><span>Gaza Media Office: 130 novin\u00e1\u0159\u016f zabito v Gaze od 7. \u0159\u00edjna 2023<\/span><\/li>\n<li><span>Z\u00e1padn\u00ed b\u0159eh: Izraelsk\u00e1 arm\u00e1da provedla razii na 15 dom\u016f ve m\u011bst\u011b Silat ad-Dhahr<\/span><\/li>\n<li><span>Nejm\u00e9n\u011b dva mrtv\u00ed p\u0159i st\u0159eleck\u00e9m \u00fatoku \u201epodez\u0159el\u00e9ho z terorismu\u201c v ji\u017en\u00edm Izraeli<\/span><\/li>\n<li><span>Libanon\u00a0<\/span><a href=\"https:\/\/www.lbcgroup.tv\/news\/lebanon-news\/754686\/lebanon-submits-un-complaint-against-israels-deadliest-strikes-on-the\/en\"><span>p\u0159edkl\u00e1d\u00e1 form\u00e1ln\u00ed st\u00ed\u017enost Rad\u011b bezpe\u010dnosti OSN<\/span><\/a><span>\u00a0po izraelsk\u00fdch \u00fatoc\u00edch v Nabatiyeh<\/span><\/li>\n<li><span>Rusko\u00a0<\/span><a href=\"https:\/\/www.barrons.com\/news\/russia-invites-hamas-other-palestinian-factions-for-talks-8976a7de\"><span>zve<\/span><\/a><span>\u00a0Ham\u00e1s a dal\u0161\u00ed palestinsk\u00e9 frakce do Moskvy na \u201emezipalestinsk\u00e1\u201c jedn\u00e1n\u00ed o Gaze a dal\u0161\u00edch ot\u00e1zk\u00e1ch Bl\u00edzk\u00e9ho v\u00fdchodu<\/span><\/li>\n<li><span>N\u011bmecko\u00a0<\/span><a href=\"https:\/\/www.usnews.com\/news\/world\/articles\/2024-02-16\/german-government-approves-military-participation-in-eu-red-sea-mission#:~:text=Feb.%2016%2C%202024%2C%20at%207%3A03%20a.m.&amp;text=BERLIN%20(Reuters)%20%2D%20The%20German,government%20spokesperson%20said%20on%20Friday.\"><span>schvaluje rozm\u00edst\u011bn\u00ed ozbrojen\u00fdch sil<\/span><\/a><span>\u00a0v misi EU s c\u00edlem zma\u0159it \u00fatoky Houthi\u016f v Rud\u00e9m mo\u0159i<\/span><\/li>\n<li><span>Bidenova administrativa\u00a0<\/span><a href=\"https:\/\/www.timesofisrael.com\/liveblog_entry\/top-biden-officials-discuss-rising-antisemitism-islamaphobia-with-jewish-arab-and-muslim-youth\/\"><span>se setkala s v\u016fdci \u017eidovsk\u00e9 a muslimsk\u00e9 komunity,<\/span><\/a><span>\u00a0aby diskutovali o rostouc\u00edm antisemitismu a islamofobii<\/span><\/li>\n<\/ul>\n<h2 class=\"wp-block-heading\"><strong><span>V nemocnici Nasser v Khan Younis se odehr\u00e1v\u00e1 zoufal\u00e1 situace\u00a0<\/span><\/strong><\/h2>\n<p><span>V nemocnici Nasser v Khan Younis se vyv\u00edj\u00ed zoufal\u00e1 situace, proto\u017ee Izrael pokra\u010duje v n\u00e1jezdu na nejv\u011bt\u0161\u00ed funk\u010dn\u00ed zdravotnick\u00e9 za\u0159\u00edzen\u00ed, kter\u00e9 z\u016fstalo v p\u00e1smu Gazy.\u00a0<\/span><\/p>\n<p><span>&#8222;Jsme nuceni p\u0159ev\u00e9zt v\u0161echny pacienty a ran\u011bn\u00e9 do star\u00e9 budovy nemocnice,&#8220; \u0159ekl\u00a0<\/span><a href=\"https:\/\/www.aljazeera.com\/news\/liveblog\/2024\/2\/16\/israels-war-on-gaza-live-17000-children-torn-from-parents-un-says\"><span>Al-D\u017eaz\u00ed\u0159e<\/span><\/a><span>\u00a0Dr. Nahed Abu Taima, \u0159editel l\u00e9ka\u0159sk\u00e9ho komplexu Nasser .\u00a0<\/span><\/p>\n<p><span>\u201eCel\u00e9mu l\u00e9ka\u0159sk\u00e9mu komplexu byla odpojena elekt\u0159ina,\u201c pokra\u010doval a popsal, jak n\u00e1let dopad\u00e1 na 450 pacient\u016f v nemocnici, z nich\u017e mnoz\u00ed jsou v kritick\u00e9m stavu. &#8222;Mnoho pacient\u016f na JIP a t\u011bch, kte\u0159\u00ed jsou z\u00e1sobov\u00e1ni kysl\u00edkem, a tak\u00e9 t\u011bch, kte\u0159\u00ed jsou na dial\u00fdze, bojuj\u00ed o \u017eivot.&#8220;<\/span><\/p>\n<p><span>Mezit\u00edm byla v\u011bt\u0161ina zdravotnick\u00e9ho person\u00e1lu nucena evakuovat \u2013 v\u010detn\u011b person\u00e1lu Medicins Sans Frontiers (MSF), p\u0159i\u010dem\u017e za sebou zanechali pacienty v kritick\u00e9m stavu. Izraelsk\u00fd vp\u00e1d do nemocnice N\u00e1sir je sou\u010d\u00e1st\u00ed\u00a0<\/span><a href=\"https:\/\/www.aljazeera.com\/opinions\/2024\/2\/14\/israels-unrelenting-war-on-gaza-healthcare-requires-urgent-action\"><span>\u0159ady \u00fatok\u016f<\/span><\/a><span>\u00a0zam\u011b\u0159en\u00fdch na zdravotnick\u00e1 za\u0159\u00edzen\u00ed a zdravotnick\u00e9 pracovn\u00edky, kter\u00e9 srazily zdravotnickou infrastrukturu Gazy na kolena, tak\u017ee je st\u00e1le obt\u00ed\u017en\u011bj\u0161\u00ed l\u00e9\u010dit \u017eivot ohro\u017euj\u00edc\u00ed zran\u011bn\u00ed a prov\u00e1d\u011bt z\u00e1kladn\u00ed l\u00e9ka\u0159sk\u00e9 z\u00e1kroky.\u00a0<\/span><\/p>\n<p><span>&#8222;Po bombardov\u00e1n\u00ed v\u010dera r\u00e1no na\u0161e k\u00e1dry hl\u00e1sily atmosf\u00e9ru chaosu s nezn\u00e1m\u00fdm po\u010dtem mrtv\u00fdch a zran\u011bn\u00fdch,&#8220; napsala Medicins Sans Frontiers ve zpr\u00e1v\u011b na X pot\u00e9, co byl jejich \u0161t\u00e1b nucen uprchnout. Podle UNRWA\u00a0<\/span><a href=\"https:\/\/english.wafa.ps\/Pages\/Details\/141729\"><span>bylo nyn\u00ed 84 procent zdravotnick\u00fdch za\u0159\u00edzen\u00ed v Gaze zasa\u017eeno izraelskou agres\u00ed<\/span><\/a><span>\u00a0a 70 procent civiln\u00ed infrastruktury bylo zni\u010deno nebo v\u00e1\u017en\u011b po\u0161kozeno.<\/span><\/p>\n<p><span>&#8222;Izraelsk\u00e9 s\u00edly z\u0159\u00eddily kontroln\u00ed bod pro lidi, kdy\u017e opou\u0161t\u011bli are\u00e1l, a jeden z na\u0161ich koleg\u016f byl na kontroln\u00edm stanovi\u0161ti zat\u010den,&#8220; dodali L\u00e9ka\u0159i bez hranic.<\/span><\/p>\n<p><span>Zat\u00edmco izraelsk\u00e1 arm\u00e1da tvrdila, \u017ee jejich n\u00e1let na nemocnici N\u00e1sir vedl k zat\u010den\u00ed \u201edes\u00edtek terorist\u016f\u201c a mohl by odhalit \u00fakryty izraelsk\u00fdch rukojm\u00edch, Ham\u00e1s pop\u00edr\u00e1 jakoukoli p\u0159\u00edtomnost v nemocnici a zd\u016fraz\u0148uje, \u017ee se nezapojuj\u00ed do arm\u00e1dy. \u010dinnost v bl\u00edzkosti ve\u0159ejn\u00fdch nebo civiln\u00edch instituc\u00ed.\u00a0<\/span><a href=\"https:\/\/www.bbc.co.uk\/news\/world-middle-east-68304979\"><span>Nebyly nalezeny \u017e\u00e1dn\u00e9 d\u016fkazy o izraelsk\u00fdch rukojm\u00edch<\/span><\/a><span>\u00a0.<\/span><\/p>\n<p><span>&#8222;Opakovan\u011b jsme \u0159\u00edkali, \u017ee politika na\u0161eho palestinsk\u00e9ho odporu je a z\u016fst\u00e1v\u00e1 distancovat ve\u0159ejn\u00e9 a civiln\u00ed instituce a zdravotnictv\u00ed od jak\u00e9koli vojensk\u00e9 aktivity.&#8220; Hamas uvedl v prohl\u00e1\u0161en\u00ed.<\/span><\/p>\n<p><span>\u201eN\u011bkolikr\u00e1t jsme po\u017e\u00e1dali OSN a p\u0159\u00edslu\u0161n\u00e9 organizace, aby p\u0159ivedly mezin\u00e1rodn\u00ed v\u00fdbor, aby prozkoumal nemocnice a dok\u00e1zal, \u017ee izraelsk\u00e9 vypr\u00e1v\u011bn\u00ed je le\u017e. Ale na\u0161e po\u017eadavky nebyly vysly\u0161eny.&#8220;\u00a0<\/span><\/p>\n<p><span>A\u017e doned\u00e1vna se v nemocnici N\u00e1sir ukr\u00fdvalo kolem 10 000 vys\u00eddlen\u00fdch Palestinc\u016f, kte\u0159\u00ed doufali, \u017ee je ochr\u00e1n\u00ed p\u0159ed izraelsk\u00fdm bombardov\u00e1n\u00edm. Kdy\u017e v\u0161ak izraelsk\u00e9 s\u00edly p\u0159ed n\u011bkolika dny zah\u00e1jily invazi, lid\u00e9 byli nuceni odej\u00edt.\u00a0<\/span><\/p>\n<p><span>Nyn\u00ed izraelsk\u00e9 s\u00edly \u00fato\u010d\u00ed na porodn\u00ed jednotku oble\u017een\u00e9 nemocnice \u2013 a zat\u00edm dv\u011b \u017eeny porodily v t\u011bchto podm\u00ednk\u00e1ch, proto\u017ee des\u00edtky evakuovaly.<\/span><\/p>\n<h2 class=\"wp-block-heading\"><strong><span>Satelitn\u00ed sn\u00edmky ukazuj\u00ed stavbu hrani\u010dn\u00ed zdi mezi Gazou a Egyptem<\/span><\/strong><\/h2>\n<p><span>Ti, kte\u0159\u00ed se evakuuj\u00ed, se nemaj\u00ed t\u00e9m\u011b\u0159 kam obr\u00e1tit. Zat\u00edmco Rafah, nejji\u017en\u011bj\u0161\u00ed \u010dtvr\u0165 p\u00e1sma Gazy, je nyn\u00ed domovem v\u00edce ne\u017e jednoho milionu vys\u00eddlen\u00fdch Palestinc\u016f, ti, kte\u0159\u00ed se tam ukr\u00fdvaj\u00ed, se p\u0159ipravuj\u00ed na pozemn\u00ed invazi \u2013 kterou n\u011bkolik sv\u011btov\u00fdch v\u016fdc\u016f, v\u010detn\u011b\u00a0<\/span><a href=\"https:\/\/www.theguardian.com\/australia-news\/2024\/feb\/15\/israel-gaza-war-australia-canada-new-zealand-warning-attack-rafah-hamas-palestine\"><span>nejnov\u011bji t\u011bch v Austr\u00e1lii, Kanad\u011b a na Nov\u00e9m Z\u00e9landu,<\/span><\/a><span>\u00a0provedlo .\u00a0v\u0161e \u0159e\u010deno by bylo \u201ekatastrofick\u00e9\u201c.<\/span><\/p>\n<p><span>\u201eVzhledem k tomu, \u017ee humanit\u00e1rn\u00ed situace v Gaze je ji\u017e tak hrozn\u00e1, dopad roz\u0161\u00ed\u0159en\u00e9 vojensk\u00e9 operace na palestinsk\u00e9 civilisty by byl zni\u010duj\u00edc\u00ed,\u201c uvedli ve spole\u010dn\u00e9m\u00a0<\/span><a href=\"https:\/\/twitter.com\/AlboMP\/status\/1757952566565257514?ref_src=twsrc%5Etfw%7Ctwcamp%5Etweetembed%7Ctwterm%5E1757952566565257514%7Ctwgr%5E2e233a3f331ea3cac7f439d6c66168824186406f%7Ctwcon%5Es1_&amp;ref_url=https%3A%2F%2Fwww.aljazeera.com%2Fnews%2F2024%2F2%2F15%2Fworld-leaders-warn-israel-against-catastrophic-rafah-ground-offensive\"><span>prohl\u00e1\u0161en\u00ed<\/span><\/a><span>\u00a0Anthony Albanese, Justin Trudeau a Christopher Luxon .<\/span><\/p>\n<p><span>\u201eNal\u00e9hav\u011b \u017e\u00e1d\u00e1me izraelskou vl\u00e1du, aby se vydala touto cestou,\u201c pokra\u010duje v opakov\u00e1n\u00ed vol\u00e1n\u00ed ze zem\u00ed jako \u0160pan\u011blsko a Irsko,\u00a0<\/span><a href=\"https:\/\/www.aljazeera.com\/news\/2024\/2\/15\/world-leaders-warn-israel-against-catastrophic-rafah-ground-offensive\"><span>kter\u00e9 ned\u00e1vno vyvinuly tlak<\/span><\/a><span>\u00a0na Evropskou komisi, aby p\u0159ezkoumala, zda Izrael dodr\u017euje nebo nedodr\u017euje z\u00e1vazky v oblasti lidsk\u00fdch pr\u00e1v v Gaze.\u00a0<\/span><\/p>\n<p><span>Nov\u00e9 d\u016fkazy o\u00a0<\/span><a href=\"https:\/\/edition.cnn.com\/2024\/02\/16\/middleeast\/egypt-wall-buffer-zone-gaza-border-intl-hnk\/index.html\"><span>stavb\u011b hrani\u010dn\u00ed zdi mezi Egyptem a Gazou<\/span><\/a><span>\u00a0nazna\u010duj\u00ed, \u017ee izraelsk\u00e1 arm\u00e1da se mo\u017en\u00e1 p\u0159ipravuje donutit Palestince ukr\u00fdvaj\u00edc\u00ed se v Rafahu k evakuaci do Sinajsk\u00e9 pou\u0161t\u011b a ofici\u00e1ln\u011b je vytla\u010dit z Gazy. U\u017e to\u00a0<\/span><a href=\"https:\/\/www.aljazeera.com\/news\/2024\/2\/16\/why-israels-impending-rafah-offensive-is-testing-ties-with-egypt\"><span>naru\u0161uje vztah Izraele s Egyptem<\/span><\/a><span>\u00a0; Egypt\u0161t\u00ed p\u0159edstavitel\u00e9 se ob\u00e1vaj\u00ed, \u017ee masivn\u00ed exodus uprchl\u00edk\u016f by kr\u00e1tkodob\u011b zat\u00ed\u017eil egyptskou ekonomiku a \u017ee v dlouhodob\u00e9m horizontu by Izrael neumo\u017enil palestinsk\u00fdm uprchl\u00edk\u016fm n\u00e1vrat do Gazy, \u010d\u00edm\u017e by upevnil dal\u0161\u00ed Nakbu a\u00a0<\/span><a href=\"https:\/\/inkstickmedia.com\/the-war-in-gaza-is-a-crisis-of-borders\/\"><span>zatemnil palestinsk\u00e9 pr\u00e1vo na n\u00e1vrat<\/span><\/a><span>\u00a0.<\/span><\/p>\n<h2 class=\"wp-block-heading\"><strong><span>Rodiny rukojm\u00edch tla\u010d\u00ed na vl\u00e1du k p\u0159\u00edm\u011b\u0159\u00ed, Netanjahu odm\u00edt\u00e1 palestinsk\u00fd st\u00e1t<\/span><\/strong><\/h2>\n<p><span>Na Z\u00e1padn\u00edm b\u0159ehu izraelsk\u00e1 arm\u00e1da provedla razii ve v\u00edce ne\u017e patn\u00e1cti domech ve m\u011bst\u011b Silat ad-Dhahr a zatkla des\u00edtky mlad\u00fdch mu\u017e\u016f. Nyn\u00ed bylo\u00a0<\/span><a href=\"https:\/\/www.aa.com.tr\/en\/middle-east\/israel-detains-20-more-palestinians-in-fresh-west-bank-raids\/3138370\"><span>od 7. \u0159\u00edjna zadr\u017eeno p\u0159i n\u00e1letech na Z\u00e1padn\u00edm b\u0159ehu nejm\u00e9n\u011b 7 040 Palestinc\u016f<\/span><\/a><span>\u00a0a p\u0159i palb\u011b izraelsk\u00e9 arm\u00e1dy bylo zabito nejm\u00e9n\u011b 394 Palestinc\u016f a 4 400 zran\u011bno.\u00a0<\/span><\/p>\n<p><span>Mezit\u00edm v Tel Avivu rodiny izraelsk\u00fdch zajatc\u016f zvy\u0161uj\u00ed tlak na izraelskou vl\u00e1du, aby dos\u00e1hla dohody o p\u0159\u00edm\u011b\u0159\u00ed s Hamasem, a obvi\u0148uj\u00ed Netanjahuovu vl\u00e1du, \u017ee promarnila p\u0159\u00edle\u017eitost propustit zb\u00fdvaj\u00edc\u00ed rukojm\u00ed.\u00a0<\/span><a href=\"https:\/\/www.youtube.com\/watch?v=sKJrOeYCgh4\"><span>P\u0159ed izraelsk\u00fdm ministerstvem obrany<\/span><\/a><span>\u00a0za\u010daly po\u0159\u00e1dat des\u00edtky demonstrace\u00a0, kter\u00e9 odr\u00e1\u017eely v\u00fdzvy mezin\u00e1rodn\u00edho spole\u010denstv\u00ed k nal\u00e9hav\u00e9mu p\u0159\u00edm\u011b\u0159\u00ed, alespo\u0148 dokud nebudou rukojm\u00ed propu\u0161t\u011bni.<\/span><\/p>\n<p><span>Izraelsk\u00e1 vl\u00e1da se v\u0161ak sna\u017e\u00ed vyhnout jak\u00e9koli mo\u017enosti palestinsk\u00e9ho st\u00e1tu \u2013 a Netanjahu cituje v\u00fdrok, \u017ee by to pro Ham\u00e1s byla \u201eobrovsk\u00e1 odm\u011bna\u201c.<\/span><\/p>\n<p><span>&#8222;V \u017e\u00e1dn\u00e9m p\u0159\u00edpad\u011b nebudeme souhlasit s t\u00edmto pl\u00e1nem, kter\u00fd \u0159\u00edk\u00e1, \u017ee Palestinci si zaslou\u017e\u00ed cenu za hrozn\u00fd masakr, kter\u00fd proti n\u00e1m provedli: palestinsk\u00fd st\u00e1t s Jeruzal\u00e9mem jako hlavn\u00edm m\u011bstem,&#8220; \u0159ekl agentu\u0159e Reuters izraelsk\u00fd ministr financ\u00ed Bezalel Smotrich po zpr\u00e1v\u011b, \u017ee Spojen\u00e9 st\u00e1ty spolupracuj\u00ed s Egyptem, Jord\u00e1nskem, Spojen\u00fdmi arabsk\u00fdmi emir\u00e1ty a Katarem na pov\u00e1le\u010dn\u00e9 \u010dasov\u00e9 ose, kter\u00e1 by zahrnovala vytvo\u0159en\u00ed palestinsk\u00e9ho st\u00e1tu.<\/span><\/p>\n<p><span style=\"font-size: 10pt;\"><em>\u00davodn\u00ed fotografie: P\u0158\u00cdBUZN\u00cd PALESTINC\u016e ZABIT\u00ddCH P\u0158I IZRAELSK\u00ddCH \u00daTOC\u00cdCH TRUCHL\u00cd, KDY\u017d P\u0158IJ\u00cdMAJ\u00cd SV\u00c1 T\u011aLA Z M\u00c1RNICE NEMOCNICE AL-AKS\u00c1 K POH\u0158BU V DEIR EL-BALAH V GAZE 15. \u00daNORA 2023. (FOTO: ALI HAMAD\/APA IMAGES)<\/em><\/span><\/p>\n<p><span class=\"post-author\"><span class=\"by\"><span>OD\u00a0<\/span><\/span><a class=\"author url fn\" title=\"P\u0159\u00edsp\u011bvky od Anny Lekas \u200b\u200bMiller\" href=\"https:\/\/mondoweiss.net\/author\/anna-lekas-miller\/\" rel=\"author\"><span>ANNY LEKAS \u200b\u200bMILLER<\/span><\/a><\/span><\/p>\n<p>&nbsp;<\/p>\n","protected":false},"excerpt":{"rendered":"<p>16. \u00fanora 2024 Medicins Sans Frontiers hl\u00e1s\u00ed po izraelsk\u00e9m \u00fatoku na nemocnici N\u00e1sir \u201enezn\u00e1m\u00fd po\u010det&#8230;<\/p>\n","protected":false},"author":2,"featured_media":47206,"comment_status":"closed","ping_status":"closed","sticky":false,"template":"","format":"standard","meta":[],"categories":[7],"tags":[348,6799,107,6518],"_links":{"self":[{"href":"https:\/\/www.infokuryr.cz\/n\/wp-json\/wp\/v2\/posts\/47205"}],"collection":[{"href":"https:\/\/www.infokuryr.cz\/n\/wp-json\/wp\/v2\/posts"}],"about":[{"href":"https:\/\/www.infokuryr.cz\/n\/wp-json\/wp\/v2\/types\/post"}],"author":[{"embeddable":true,"href":"https:\/\/www.infokuryr.cz\/n\/wp-json\/wp\/v2\/users\/2"}],"replies":[{"embeddable":true,"href":"https:\/\/www.infokuryr.cz\/n\/wp-json\/wp\/v2\/comments?post=47205"}],"version-history":[{"count":0,"href":"https:\/\/www.infokuryr.cz\/n\/wp-json\/wp\/v2\/posts\/47205\/revisions"}],"wp:featuredmedia":[{"embeddable":true,"href":"https:\/\/www.infokuryr.cz\/n\/wp-json\/wp\/v2\/media\/47206"}],"wp:attachment":[{"href":"https:\/\/www.infokuryr.cz\/n\/wp-json\/wp\/v2\/media?parent=47205"}],"wp:term":[{"taxonomy":"category","embeddable":true,"href":"https:\/\/www.infokuryr.cz\/n\/wp-json\/wp\/v2\/categories?post=47205"},{"taxonomy":"post_tag","embeddable":true,"href":"https:\/\/www.infokuryr.cz\/n\/wp-json\/wp\/v2\/tags?post=47205"}],"curies":[{"name":"wp","href":"https:\/\/api.w.org\/{rel}","templated":true}]}}