{"id":47204,"date":"2024-02-17T00:38:16","date_gmt":"2024-02-16T23:38:16","guid":{"rendered":"https:\/\/www.infokuryr.cz\/n\/?p=47204"},"modified":"2024-02-16T16:38:34","modified_gmt":"2024-02-16T15:38:34","slug":"komentar-k-navalneho-smrti-navalneho-zdravi-a-ruske-volby","status":"publish","type":"post","link":"https:\/\/www.infokuryr.cz\/n\/2024\/02\/17\/komentar-k-navalneho-smrti-navalneho-zdravi-a-ruske-volby\/","title":{"rendered":"Koment\u00e1\u0159 k Navaln\u00e9ho smrti: Navaln\u00e9ho zdrav\u00ed a rusk\u00e9 volby"},"content":{"rendered":"<div id=\"fb-root\"><\/div>\n<p><span style=\"font-size: 14pt;\"><strong>Alexej Navalnyj, rusk\u00fd nacionalista, kter\u00e9ho Z\u00e1pad vychoval jako Putinova \u201enejd\u016fle\u017eit\u011bj\u0161\u00edho protivn\u00edka\u201c, zem\u0159el ve v\u011bzen\u00ed. Z\u00e1padn\u00ed m\u00e9dia toho vyu\u017eij\u00ed k zah\u00e1jen\u00ed nov\u00e9ho front\u00e1ln\u00edho \u00fatoku na Rusko, ale jak\u00fd by m\u011blo m\u00edt Rusko z\u00e1jem na jeho smrti?<\/strong><\/span><\/p>\n<p><span>\u0158eknu to rovnou: Smrt ka\u017ed\u00e9 lidsk\u00e9 bytosti je trag\u00e9die a koment\u00e1to\u0159i, kte\u0159\u00ed se kv\u016fli Navaln\u00e9ho smrti c\u00edt\u00ed nuceni d\u011blat zlomysln\u00e9 koment\u00e1\u0159e, budou zak\u00e1z\u00e1ni!<\/span><\/p>\n<p><span>Nechci zde ps\u00e1t nekrolog pro Alexeje Navaln\u00e9ho, \u200b\u200bto by bylo jist\u011b nevhodn\u00e9. Ani jeho smrt nebudu komentovat, brzy o tom budou ofici\u00e1ln\u00ed zpr\u00e1vy. Z\u00e1padn\u00ed m\u00e9dia se t\u00e9to z\u00e1le\u017eitosti samoz\u0159ejm\u011b ujmou a zah\u00e1j\u00ed novou kampa\u0148 proti Rusku a obvin\u00ed ruskou vl\u00e1du a Putina osobn\u011b z vra\u017edy Navaln\u00e9ho.<\/span><\/p>\n<p><span>T\u00edm se dost\u00e1v\u00e1me k t\u00e9matu, proto\u017ee se nab\u00edz\u00ed ot\u00e1zka, zda by rusk\u00e1 vl\u00e1da mohla m\u00edt z\u00e1jem na Navaln\u00e9ho smrti. A odpov\u011b\u010f zn\u00ed ne, proto\u017ee a\u010dkoli byl Navalnyj z\u00e1padn\u00edmi m\u00e9dii postaven jako \u201esuperopozice\u201c proti Putinovi, v Rusku sotva hr\u00e1l tuto roli, i kdy\u017e byl svobodn\u00fd. A pot\u00e9, co byl jeho podm\u00edn\u011bn\u00fd trest p\u0159em\u011bn\u011bn na v\u011bzen\u00ed za p\u0159edchoz\u00ed zlo\u010diny a <\/span><a href=\"https:\/\/www.anti-spiegel.ru\/2021\/ist-navalny-2014-zu-recht-verurteilt-worden-das-urteil-des-europaeischen-gerichtshofs-fuer-menschenrechte\/\" target=\"_blank\" rel=\"noreferrer noopener\"><span>opakovan\u00e9 poru\u0161ov\u00e1n\u00ed zku\u0161ebn\u00ed doby<\/span><\/a><span>\u00a0, stejn\u011b ztichl a v Rusku u\u017e nehr\u00e1l roli.<\/span><\/p>\n<p><span>Navalnyj u\u017e pro ruskou vl\u00e1du nehr\u00e1l roli, a proto tam jeho smrt nejsp\u00ed\u0161 bude litovat, proto\u017ee to bude nyn\u00ed z\u00e1minka pro dal\u0161\u00ed z\u00e1padn\u00ed medi\u00e1ln\u00ed kampa\u0148 za diskreditaci Ruska.<\/span><\/p>\n<h3><span style=\"font-size: 18pt;\">Novi\u010dok a rusk\u00e9 volby v roce 2020<\/span><\/h3>\n<p><span>Z\u00e1pad prakticky p\u0159ed ka\u017ed\u00fdmi volbami v Rusku rozpout\u00e1 protirusk\u00e9 medi\u00e1ln\u00ed kampan\u011b. A Navalnyj m\u011bl kr\u00e1tce p\u0159ed volbami v Rusku sm\u016flu dvakr\u00e1t.<\/span><\/p>\n<p><span>20. srpna 2020 byl podle z\u00e1padn\u00ed legendy Navalnyj otr\u00e1ven Novi\u010dokem.\u00a0<\/span><a href=\"https:\/\/www.anti-spiegel.ru\/2021\/wie-sehr-die-bundesregierung-im-fall-nawalny-mauert\/\" target=\"_blank\" rel=\"noreferrer noopener\"><span>D\u016fkazy o tom nebyly nikdy p\u0159edlo\u017eeny<\/span><\/a><span>\u00a0a p\u0159\u00edb\u011bh obsahuje\u00a0<\/span><a href=\"https:\/\/www.anti-spiegel.ru\/2021\/deutschland-spricht-von-einem-fehler-im-opcw-bericht-ueber-nawalnys-angebliche-vergiftung\/\" target=\"_blank\" rel=\"noreferrer noopener\"><span>mnoho rozpor\u016f<\/span><\/a><span> , ale z\u00e1padn\u00ed m\u00e9dia to prezentuj\u00ed jako prok\u00e1zanou skute\u010dnost. \u00dadajn\u00e1 otrava Navaln\u00e9ho a jeho l\u00e9ka\u0159sk\u00e9 o\u0161et\u0159en\u00ed v N\u011bmecku tehdy dominovaly m\u00e9di\u00edm m\u011bs\u00edce a byla z toho obvi\u0148ov\u00e1na rusk\u00e1 vl\u00e1da.<\/span><\/p>\n<p><span>V Rusku se jednou ro\u010dn\u011b kon\u00e1 N\u00e1rodn\u00ed volebn\u00ed den, kdy se v\u0161echny volby od m\u00edstn\u00edch po parlamentn\u00ed (krom\u011b prezidentsk\u00fdch) konaj\u00ed v jeden den. Tento celost\u00e1tn\u00ed den voleb p\u0159ipad\u00e1 v\u017edy na za\u010d\u00e1tek z\u00e1\u0159\u00ed, v roce 2020 to bylo\u00a0<\/span><a href=\"https:\/\/www.anti-spiegel.ru\/2020\/wahlen-in-russland-aber-kaum-berichte-ueber-wahlfaelschungen-in-deutschen-medien\/\" target=\"_blank\" rel=\"noreferrer noopener\"><span>13. z\u00e1\u0159\u00ed<\/span><\/a><span> . Pokud by byla pravdiv\u00e1 z\u00e1padn\u00ed verze otravy Navaln\u00e9ho ruskou vl\u00e1dou, byla by rusk\u00e1 vl\u00e1da p\u011bkn\u011b hloup\u00e1, proto\u017ee by si asi t\u0159i t\u00fddny p\u0159ed volbami vytvo\u0159ila d\u016fvod k otr\u00e1ven\u00ed n\u00e1lady p\u0159ed volbami ke sv\u00e9 vlastn\u00ed \u0161kod\u011b vytvo\u0159it mezin\u00e1rodn\u00ed medi\u00e1ln\u00ed kampa\u0148, kter\u00e1 by mohla p\u0159im\u011bt radik\u00e1ln\u00ed opozici k volb\u00e1m.<\/span><\/p>\n<p><span>Nechci zde spekulovat o tom, co se tehdy s Navaln\u00fdm skute\u010dn\u011b stalo, ale jedno je jasn\u00e9: z \u00fadajn\u00e9 otravy rozhodn\u011b nem\u011bla prosp\u011bch rusk\u00e1 vl\u00e1da, ale jej\u00ed odp\u016frci.<\/span><\/p>\n<h3><span style=\"font-size: 18pt;\">A znovu kr\u00e1tce p\u0159ed volbami<\/span><\/h3>\n<p><span>Nyn\u00ed byla hl\u00e1\u0161ena Navaln\u00e9ho smrt a Z\u00e1pad samoz\u0159ejm\u011b znovu obvin\u00ed ruskou vl\u00e1du a samoz\u0159ejm\u011b Putina osobn\u011b ze zabit\u00ed Navaln\u00e9ho. Ale plat\u00ed \u2013 je\u0161t\u011b v\u00edce \u2013 tot\u00e9\u017e, co se stalo s \u00fadajnou otravou v roce 2020: rusk\u00e1 vl\u00e1da s t\u00edm nem\u00e1 nic spole\u010dn\u00e9ho, \u200b\u200bale jej\u00ed odp\u016frci ano.<\/span><\/p>\n<p><span>Navalnyj u\u017e dnes v Rusku nehraje roli a pro ruskou vl\u00e1du p\u0159edstavuje je\u0161t\u011b men\u0161\u00ed hrozbu ne\u017e v roce 2020. Medi\u00e1ln\u00ed humbuk ze Z\u00e1padu ale bude pravd\u011bpodobn\u011b gigantick\u00fd.<\/span><\/p>\n<p><span>A jako \u0161t\u011bst\u00ed, p\u0159esn\u011b za m\u011bs\u00edc se budou konat rusk\u00e9 prezidentsk\u00e9 volby. Op\u011bt, jako v roce 2020, se Navaln\u00e9mu n\u011bco stalo t\u011bsn\u011b p\u0159ed volbami v Rusku a op\u011bt to byla rusk\u00e1 vl\u00e1da, kter\u00e1 byla natolik hloup\u00e1, aby t\u011bsn\u011b p\u0159ed volbami p\u0159edlo\u017eila probl\u00e9m, kter\u00fd by Z\u00e1pad mohl pou\u017e\u00edt proti nim?<\/span><\/p>\n<h3><span style=\"font-size: 18pt;\">Rusk\u00e9 v\u011bznice<\/span><\/h3>\n<p><span>V Rusku je bohu\u017eel zn\u00e1m\u00e1 v\u011bc, \u017ee \u200b\u200bdo rusk\u00fdch v\u011bznic m\u016f\u017eete za m\u00e1lo pen\u011bz snadno propa\u0161ovat t\u00e9m\u011b\u0159 cokoliv. Mluvil jsem s lidmi, kte\u0159\u00ed byli v Rusku ve v\u011bzen\u00ed. \u0158ekli mi, \u017ee pokud m\u00e1te pot\u0159ebn\u00e9 drobn\u00e9, m\u00e1te mobil, internet a v podstat\u011b v\u0161e, po \u010dem va\u0161e srdce tou\u017e\u00ed, ale je to vlastn\u011b zak\u00e1zan\u00e9. V Rusku je st\u00e1le probl\u00e9m s korupc\u00ed, i kdy\u017e rusk\u00e1 vl\u00e1da d\u011bl\u00e1 pro boj s korupc\u00ed maximum. To zp\u016fsobilo r\u016fst \u201ecen\u201c, ale bohu\u017eel samotn\u00e1 korupce nen\u00ed zdaleka pora\u017eena.<\/span><\/p>\n<p><span>Z informovan\u00e9ho zdroje v\u00edm, \u017ee v\u011bznice, kde byl Navalnyj v\u011bzn\u011bn, z\u0159ejm\u011b vy\u0161et\u0159uje, zda tam nebyla propa\u0161ov\u00e1na l\u00e1tka, kter\u00e1 mohla b\u00fdt pou\u017eita k otrav\u011b Navaln\u00e9ho. Za odpov\u00eddaj\u00edc\u00ed sumu nen\u00ed velk\u00fd probl\u00e9m naj\u00edt v\u011bzn\u011b, kter\u00fd by s n\u011b\u010d\u00edm takov\u00fdm souhlasil, a to nejen v Rusku.<\/span><\/p>\n<p><span>V Rusku, jak dokazuj\u00ed i \u200b\u200b\u00fatoky dron\u016f hluboko v rusk\u00e9m vnitrozem\u00ed, p\u0159i nich\u017e jsou drony zjevn\u011b vypou\u0161t\u011bny z rusk\u00e9ho \u00fazem\u00ed, existuje nap\u0159\u00edklad mnoho proukrajinsk\u00fdch sil, kter\u00e9 jsou p\u0159ipraveny \u0161kodit Rusku a p\u00e1chat teroristick\u00e9 \u00fatoky. Vra\u017edy, kter\u00e9 sp\u00e1chaly ukrajinsk\u00e9 tajn\u00e9 slu\u017eby v Rusku a\u00a0<\/span><a href=\"https:\/\/www.anti-spiegel.ru\/2023\/die-ukraine-hat-seit-2015-ein-mordprogramm-gegen-andersdenkende\/\" target=\"_blank\" rel=\"noreferrer noopener\"><span>kter\u00fdmi se chlub\u00ed,<\/span><\/a><span>\u00a0to jasn\u011b ukazuj\u00ed. Nav\u00edc nen\u00ed \u017e\u00e1dn\u00fdm tajemstv\u00edm, \u017ee CIA je tak\u00e9 zapojena do vra\u017eedn\u00fdch program\u016f ukrajinsk\u00fdch tajn\u00fdch slu\u017eeb v Rusku,\u00a0<\/span><a href=\"https:\/\/www.anti-spiegel.ru\/2023\/das-mordprogramm-der-ukrainischen-geheimdienste-in-russland-wird-von-der-cia-unterstuetzt\/\" target=\"_blank\" rel=\"noreferrer noopener\"><span>dokonce o tom otev\u0159en\u011b informovala i americk\u00e1 m\u00e9dia<\/span><\/a><span>\u00a0.<\/span><\/p>\n<h3><span style=\"font-size: 18pt;\">Ka\u017ed\u00fd, kdo v\u011b\u0159\u00ed Z\u00e1padu, \u017eije v nebezpe\u010d\u00ed<\/span><\/h3>\n<p><span>Z\u00e1pad veden\u00fd USA vyu\u017e\u00edv\u00e1 sv\u00e9 pomocn\u00edky a v p\u0159\u00edpad\u011b pot\u0159eby je opust\u00ed, kdy\u017e u\u017e nejsou u\u017eite\u010dn\u00ed. Zn\u00e1m\u00fdch p\u0159\u00edklad\u016f je spousta. Sadd\u00e1m Husajn byl spojencem USA, kter\u00e9 podporovaly Ir\u00e1k ve v\u00e1lce proti \u00cdr\u00e1nu v 80. letech. Po v\u00e1lce se Husajn\u00a0<\/span><a href=\"https:\/\/www.spiegel.de\/politik\/herzlich-und-warm-a-2194ee38-0002-0001-0000-000075477015\" target=\"_blank\" rel=\"noreferrer noopener\"><span>zeptal americk\u00e9ho velvyslance v Bagd\u00e1du,<\/span><\/a><span> zda by mohl b\u00fdt v Kuvajtu \u201ekompenzov\u00e1n\u201c za ztr\u00e1ty, kter\u00e9 jeho zemi st\u00e1la ne\u00fasp\u011b\u0161n\u00e1 v\u00e1lka. Neodporovala jeho my\u0161lence okupovat Kuvajt, aby kompenzovala jeho v\u00e1le\u010dn\u00e9 n\u00e1klady, zbytek je historie: Sadd\u00e1m byl medi\u00e1ln\u011b upraven jako \u201enov\u00fd Hitler\u201c, zat\u010den americk\u00fdmi voj\u00e1ky a nakonec popraven.<\/span><\/p>\n<p><span>Dal\u0161\u00edm p\u0159\u00edkladem je Michail Saaka\u0161vili, kter\u00fd se stal gruz\u00ednsk\u00fdm prezidentem p\u0159i pu\u010di podporovan\u00e9m Z\u00e1padem a dokonce\u00a0<\/span><a href=\"https:\/\/www.anti-spiegel.ru\/2018\/der-kaukasuskrieg-bei-kaum-einem-thema-lugen-die-medien-dreister\/\" target=\"_blank\" rel=\"noreferrer noopener\"><span>zah\u00e1jil v\u00e1lku proti Rusku,<\/span><\/a><span>\u00a0proto\u017ee se spol\u00e9hal na americk\u00e1 uji\u0161t\u011bn\u00ed, \u017ee mu Z\u00e1pad pom\u016f\u017ee z\u00edskat zp\u011bt odtr\u017een\u00e1 \u00fazem\u00ed silou. Zbytek je historie: Saaka\u0161vili st\u00e1l s\u00e1m proti Rusku a dnes sed\u00ed v gruz\u00ednsk\u00e9m v\u011bzen\u00ed, zapomenut\u00e9m z\u00e1padn\u00edmi m\u00e9dii a politiky.<\/span><\/p>\n<p><span>V tomto v\u00fd\u010dtu by se dalo pokra\u010dovat. Vid\u00edte, \u017ee Z\u00e1pad r\u00e1d buduje lidi, kte\u0159\u00ed jsou mu u\u017eite\u010dn\u00ed, ale tak\u00e9 je snadno opou\u0161t\u00ed, kdy\u017e u\u017e nemaj\u00ed \u017e\u00e1dnou \u201ehodnotu\u201c.<\/span><\/p>\n<p><span>Netvrd\u00edm, \u017ee Navalnyj byl n\u011bk\u00fdm zavra\u017ed\u011bn. Jen upozor\u0148uji na fakt, \u017ee p\u0159\u00edb\u011bh vyvol\u00e1v\u00e1 spoustu ot\u00e1zek, zejm\u00e9na to, \u017ee pokud se mu n\u011bco stalo, stalo se tak v\u017edy maxim\u00e1ln\u011b m\u011bs\u00edc p\u0159ed rusk\u00fdmi volbami a z\u00e1padn\u00ed m\u00e9dia to vd\u011b\u010dn\u011b vyu\u017eila.<\/span><\/p>\n<p><span>Navalnyj nav\u00edc ve v\u011bzen\u00ed ztratil svou \u201ehodnotu\u201c pro Z\u00e1pad, proto\u017ee na n\u011bj v Rusku z velk\u00e9 \u010d\u00e1sti zapomn\u011bli a u\u017e nehraje \u017e\u00e1dnou roli.\u00a0<\/span><a href=\"https:\/\/www.anti-spiegel.ru\/2020\/die-schoene-und-die-maechtigen-im-hintergrund-was-ueber-den-fall-navalny-bisher-nicht-bekannt-war\/\" target=\"_blank\" rel=\"noreferrer noopener\"><span>Jeho organizace s\u00eddl\u00ed v Lond\u00fdn\u011b<\/span><\/a><span>\u00a0a jej\u00ed vliv na ve\u0159ejn\u00e9 m\u00edn\u011bn\u00ed v Rusku je nyn\u00ed prakticky nulov\u00fd. Jakkoli to m\u016f\u017ee zn\u00edt cynicky, Navalnyj m\u00e1 nyn\u00ed pro Z\u00e1pad v\u011bt\u0161\u00ed cenu mrtv\u00fd ne\u017e \u017eiv\u00fd, zat\u00edmco z pohledu rusk\u00e9 vl\u00e1dy je tomu naopak.<\/span><\/p>\n<h3><span style=\"font-size: 18pt;\">Kampa\u0148 za\u010d\u00edn\u00e1<\/span><\/h3>\n<p><span>Uvid\u00edme, zda Navalnyj zem\u0159el p\u0159irozenou smrt\u00ed, ale z\u00e1padn\u00ed m\u00e9dia nebudou rusk\u00fdm prohl\u00e1\u0161en\u00edm v\u011b\u0159it a tvrd\u00ed, \u017ee Navalnyj byl zavra\u017ed\u011bn jm\u00e9nem rusk\u00e9 vl\u00e1dy. A\u0165 u\u017e je to n\u00e1hoda nebo ne, na\u010dasov\u00e1n\u00ed jeho smrti p\u0159ed nadch\u00e1zej\u00edc\u00edmi rusk\u00fdmi prezidentsk\u00fdmi volbami hraje Z\u00e1padu do karet.<\/span><\/p>\n<p><span>A nyn\u00ed, jen p\u00e1r hodin pot\u00e9, co se jeho smrt stala zn\u00e1mou, tato \u201ehra\u201c za\u010d\u00edn\u00e1. Der Spiegel zve\u0159ejnil online\u00a0<\/span><a href=\"https:\/\/www.spiegel.de\/ausland\/alexej-nawalny-news-im-liveticker-erste-reaktionen-und-aktuelle-entwicklungen-a-dc94af7a-58b8-4d2d-a258-53672c3a6469\" target=\"_blank\" rel=\"noreferrer noopener\"><span>\u017eiv\u00fd ticker<\/span><\/a><span>\u00a0, ve kter\u00e9m kampa\u0148 ji\u017e za\u010dala. Merkelov\u00e1 prohl\u00e1sila, \u017ee Navalnyj byl \u201eob\u011bt\u00ed rusk\u00e9 represivn\u00ed st\u00e1tn\u00ed moci\u201c, n\u011bmeck\u00e1 v\u00e1le\u010dn\u00e1 lobbistka Marie-Agnes Strack-Zimmermann ozn\u00e1mila, \u017ee Navaln\u00e9ho smrt \u201enen\u00ed pr\u00e1v\u011b te\u010f n\u00e1hodou\u201c (tak\u00e9 to tak vid\u00edm, i kdy\u017e to samoz\u0159ejm\u011b mysl\u00ed v\u00e1\u017en\u011b jinak), kancl\u00e9\u0159 Scholz prohl\u00e1sil, \u017ee Navalnyj \u201eza svou odvahu zaplatil \u017eivotem\u201c a tak d\u00e1le. Toto byly jen zpr\u00e1vy z prvn\u00edch 30 minut \u017eiv\u00e9ho tickeru, tak\u017ee je pravd\u011bpodobn\u00e9, \u017ee toho bude mnohem v\u00edc.<\/span><\/p>\n<p><span>Ot\u00e1zkou z\u016fst\u00e1v\u00e1, zda v\u0161ichni tito z\u00e1padn\u00ed politici a novin\u00e1\u0159i budou reagovat s takov\u00fdm zd\u011b\u0161en\u00edm, pokud jednoho dne \u2013 nedej bo\u017ee \u2013 bude hl\u00e1\u0161ena smrt Juliana Assange v britsk\u00e9 nebo americk\u00e9 vazb\u011b.<\/span><\/p>\n<p><span>Navaln\u00e9ho je mi up\u0159\u00edmn\u011b l\u00edto. Nechal se vyu\u017e\u00edt Z\u00e1padem a\u00a0<\/span><a href=\"https:\/\/www.anti-spiegel.ru\/2021\/wo-sind-die-millionen-die-finanzen-von-navalny\/\" target=\"_blank\" rel=\"noreferrer noopener\"><span>zaplatil za to miliony<\/span><\/a><span> , ale zaplatil za to i \u017eivotem.<\/span><\/p>\n<p><a href=\"https:\/\/www.anti-spiegel.ru\/2024\/nawalnys-gesundheit-und-russische-wahlen\/\">Thomas R\u00f6per<\/a><\/p>\n<p><img decoding=\"async\" loading=\"lazy\" class=\"alignnone  wp-image-22016\" src=\"http:\/\/www.infokuryr.cz\/n\/wp-content\/uploads\/2023\/01\/Thomas-Roper-298x300.jpg\" alt=\"\" width=\"183\" height=\"184\" srcset=\"https:\/\/www.infokuryr.cz\/n\/wp-content\/uploads\/2023\/01\/Thomas-Roper-298x300.jpg 298w, https:\/\/www.infokuryr.cz\/n\/wp-content\/uploads\/2023\/01\/Thomas-Roper-150x150.jpg 150w, https:\/\/www.infokuryr.cz\/n\/wp-content\/uploads\/2023\/01\/Thomas-Roper.jpg 596w\" sizes=\"(max-width: 183px) 100vw, 183px\" \/><\/p>\n<p>&nbsp;<\/p>\n","protected":false},"excerpt":{"rendered":"<p>Alexej Navalnyj, rusk\u00fd nacionalista, kter\u00e9ho Z\u00e1pad vychoval jako Putinova \u201enejd\u016fle\u017eit\u011bj\u0161\u00edho protivn\u00edka\u201c, zem\u0159el ve v\u011bzen\u00ed. Z\u00e1padn\u00ed&#8230;<\/p>\n","protected":false},"author":2,"featured_media":1271,"comment_status":"closed","ping_status":"closed","sticky":false,"template":"","format":"standard","meta":[],"categories":[7],"tags":[29,301,22,523,1598],"_links":{"self":[{"href":"https:\/\/www.infokuryr.cz\/n\/wp-json\/wp\/v2\/posts\/47204"}],"collection":[{"href":"https:\/\/www.infokuryr.cz\/n\/wp-json\/wp\/v2\/posts"}],"about":[{"href":"https:\/\/www.infokuryr.cz\/n\/wp-json\/wp\/v2\/types\/post"}],"author":[{"embeddable":true,"href":"https:\/\/www.infokuryr.cz\/n\/wp-json\/wp\/v2\/users\/2"}],"replies":[{"embeddable":true,"href":"https:\/\/www.infokuryr.cz\/n\/wp-json\/wp\/v2\/comments?post=47204"}],"version-history":[{"count":0,"href":"https:\/\/www.infokuryr.cz\/n\/wp-json\/wp\/v2\/posts\/47204\/revisions"}],"wp:featuredmedia":[{"embeddable":true,"href":"https:\/\/www.infokuryr.cz\/n\/wp-json\/wp\/v2\/media\/1271"}],"wp:attachment":[{"href":"https:\/\/www.infokuryr.cz\/n\/wp-json\/wp\/v2\/media?parent=47204"}],"wp:term":[{"taxonomy":"category","embeddable":true,"href":"https:\/\/www.infokuryr.cz\/n\/wp-json\/wp\/v2\/categories?post=47204"},{"taxonomy":"post_tag","embeddable":true,"href":"https:\/\/www.infokuryr.cz\/n\/wp-json\/wp\/v2\/tags?post=47204"}],"curies":[{"name":"wp","href":"https:\/\/api.w.org\/{rel}","templated":true}]}}