{"id":47073,"date":"2024-02-15T00:52:31","date_gmt":"2024-02-14T23:52:31","guid":{"rendered":"http:\/\/www.infokuryr.cz\/n\/?p=47073"},"modified":"2024-02-14T17:26:33","modified_gmt":"2024-02-14T16:26:33","slug":"vzkaz-olivera-stonea-assangeovi-jako-soucast-svetoveho-protestu-proti-likvidaci-lidi-poukazujici-na-terorismus-usa-britanie-a-australie-i-v-praze","status":"publish","type":"post","link":"https:\/\/www.infokuryr.cz\/n\/2024\/02\/15\/vzkaz-olivera-stonea-assangeovi-jako-soucast-svetoveho-protestu-proti-likvidaci-lidi-poukazujici-na-terorismus-usa-britanie-a-australie-i-v-praze\/","title":{"rendered":"Vzkaz Olivera Stonea Assangeovi jako sou\u010d\u00e1st sv\u011btov\u00e9ho protestu proti likvidaci lid\u00ed, poukazuj\u00edc\u00ed na terorismus USA, Brit\u00e1nie a Austr\u00e1lie i v Praze"},"content":{"rendered":"<div id=\"fb-root\"><\/div>\n<div class=\"introtext\">\n<p><span style=\"font-size: 14pt;\"><strong>Cel\u00fd sv\u011bt v\u010detn\u011b \u010cesk\u00e9 republiky protestuje proti tr\u00fdzniv\u00e9mu v\u011bzn\u011bn\u00ed Juliana Assangeho ve Velk\u00e9 Brit\u00e1nii, proto\u017ee si dovolil informovat sv\u011btovou ve\u0159ejnost o zlo\u010dinech USA, Brit\u00e1nie a Austr\u00e1lie. Nechceme v\u00e1lky, chceme m\u00edr.\u00a0 (<em>Mimo \u010desk\u00e9 vl\u00e1dn\u00ed minority, kter\u00e1 podporuje americk\u00e9 v\u00e1lky<\/em>)<\/strong><\/span><\/p>\n<\/div>\n<div class=\"fulltext\">\n<h2 class=\"-wm-msonormal\"><strong>Protest se kon\u00e1 dne 15.2.2024 ve 14,00 hod. na Malostransk\u00e9m n\u00e1m\u011bst\u00ed.\u00a0\u00a0<\/strong><\/h2>\n<p><span style=\"color: #800080;\"><strong><span class=\"x193iq5w xeuugli x13faqbe x1vvkbs x1xmvt09 x1lliihq x1s928wv xhkezso x1gmr53x x1cpjm7i x1fgarty x1943h6x xudqn12 x3x7a5m x6prxxf xvq8zen xo1l8bm xzsf02u x1yc453h\" dir=\"auto\">Vzkaz Olivera Stonea Assangeovi.<\/span><\/strong><\/span><\/p>\n<div class=\"info_box leva_tretina jpalert\">\n<div class=\"explanationContent\"><em>William Oliver Stone je americk\u00fd re\u017eis\u00e9r, scen\u00e1rista, a producent. Trojn\u00e1sobn\u00fd dr\u017eitel Ceny Akademie za sc\u00e9n\u00e1\u0159 filmu P\u016flno\u010dn\u00ed expres a re\u017eii oscarov\u00e9ho filmu \u010ceta. <\/em><\/div>\n<div><\/div>\n<div class=\"explanationContent\"><span style=\"color: #800080;\">Dobr\u00fd den, jsem Oliver Stone. Pros\u00edm, nezapome\u0148te, \u017ee Assange je st\u00e1le v\u011bzn\u011bn ve v\u011bznici Belmarsh v Lond\u00fdn\u011b, <strong>l\u00e9ta odd\u011blen od sv\u00e9 \u017eeny a d\u011bt\u00ed a statis\u00edc\u016f lid\u00ed, kte\u0159\u00ed obdivuj\u00ed jeho boj za pravdu a spravedlnost proti v\u00e1le\u010dn\u00fdm zlo\u010din\u016fm vl\u00e1dy USA, britsk\u00e9 vl\u00e1dy a dokonce i australsk\u00e9 vl\u00e1dy.<\/strong> Juli\u00e1nova rodn\u00e1 zem\u011b se kone\u010dn\u011b postavila proti nez\u00e1konn\u00e9mu zadr\u017eov\u00e1n\u00ed sv\u00e9ho ob\u010dana, i kdy\u017e USA nad\u00e1le odm\u00edtaj\u00ed n\u00e1roky Austr\u00e1lie na suverenitu. Ve dnech 20. a 21. \u00fanora se budou konat protesty proti Julianovu sly\u0161en\u00ed u soudu v Lond\u00fdn\u011b, kde bude zpochybn\u011bna z\u00e1v\u011bre\u010dn\u00e1 f\u00e1ze jeho vyd\u00e1n\u00ed do USA. Pokud jste pobl\u00ed\u017e, vyz\u00fdv\u00e1m v\u00e1s, abyste se tam vydali a vyj\u00e1d\u0159ili sv\u016fj n\u00e1zor.<\/span><\/div>\n<\/div>\n<p><span style=\"color: #800080;\"><strong>Je jedn\u00edm z n\u00e1s.<\/strong>\u00a0Je v\u00edc ne\u017e to. Je to n\u00e1\u0161 kolektiv.<\/span><\/p>\n<p><span style=\"font-size: 18pt; color: #800080;\"><strong>Kdy\u017e zem\u0159e, zem\u0159e \u010d\u00e1st n\u00e1s v\u0161ech. K\u00e9\u017e zv\u00edt\u011bz\u00ed m\u00edr a zdrav\u00fd rozum.<\/strong><\/span><\/p>\n<p><span style=\"color: #800080;\">D\u011bkuji.<\/span><\/p>\n<table>\n<tbody>\n<tr>\n<td>Aliance n\u00e1rodn\u00edch\u00a0\u00a0 sil, N\u00e1rodn\u00ed Demokracie a\u00a0 Hole\u0161ovsk\u00e1 v\u00fdzva spole\u010dn\u011b\u00a0 vyjad\u0159uj\u00ed protest proti v\u011bzn\u011bn\u00ed Juliana Assangeho ve Velk\u00e9 Brit\u00e1nii, a to z d\u016fvod\u016f, jeho pravdiv\u00e9ho informov\u00e1n\u00ed sv\u011btov\u00e9 ve\u0159ejnosti o zlo\u010dinech USA sp\u00e1chan\u00fdch na ob\u010danech Ir\u00e1ku a Afganistanu. Tak, jak m\u00e1 b\u00fdt soudem ve Velk\u00e9 Brit\u00e1nii rozhodnuto ve dnech\u00a0<strong>20.2.2024 a 21.2.2024<\/strong>\u00a0o vyho\u0161t\u011bn\u00ed Juliana Assangeho do USA, kde by byl nucen str\u00e1vit zbytek \u017eivota ve v\u011bzen\u00ed za \u010diny, kter\u00e9 nesp\u00e1chal, c\u00edt\u00edme povinnost podpo\u0159it okam\u017eit\u00e9 propu\u0161t\u011bn\u00ed Juliana Assangeho na m\u00edsto jeho vyd\u00e1n\u00ed do USA.<\/p>\n<p>Proto zveme v\u0161echny \u010cechy, kter\u00fdm se p\u0159\u00ed\u010d\u00ed ne\u010dinn\u011b p\u0159ihl\u00ed\u017eet dal\u0161\u00edm zlo\u010din\u016fm tohoto anglosask\u00e9ho komplotu Velk\u00e9 Brit\u00e1nie a USA, aby se svou \u00fa\u010dastn\u00ed na demonstraci postavili proti t\u00e9to kolos\u00e1ln\u00ed nespravedlnosti vykon\u00e1van\u00e9 na Julianu Assangeovi.<\/p>\n<p>Z\u00e1rove\u0148 chceme na t\u00e9to demonstraci vyj\u00e1d\u0159it sv\u00e9\u00a0<strong>rozho\u0159\u010den\u00ed nad zavra\u017ed\u011bn\u00edm americk\u00e9ho novin\u00e1\u0159e chilsk\u00e9ho p\u016fvodu Gonzala Liry ukrajinskou fa\u0161istickou chutnou pro jeho kritick\u00e9 n\u00e1zory v\u016f\u010di ukrajinsk\u00e9 vl\u00e1d\u011b<\/strong>\u00a0a \u017e\u00e1d\u00e1me, aby byla tato politick\u00e1 vra\u017eda na Ukrajin\u011b vy\u0161et\u0159ena a potrest\u00e1na. Podporou ukrajinsk\u00e9ho fa\u0161istick\u00e9ho re\u017eimu na sebe p\u0159eb\u00edr\u00e1 i \u010desk\u00e1 vl\u00e1da svoji spoluzodpov\u011bdnost za tuto politickou vra\u017edu, kter\u00e1 je pokra\u010dov\u00e1n\u00edm zaveden\u00e9 praxe na Ukrajin\u011b \u2013\u00a0<strong>zbavov\u00e1n\u00ed se novin\u00e1\u0159\u016f<\/strong>\u00a0kritizuj\u00edc\u00edch poru\u0161ov\u00e1n\u00ed lidsk\u00fdch pr\u00e1v na Ukrajin\u011b jejich fyzickou likvidac\u00ed.<\/td>\n<\/tr>\n<\/tbody>\n<\/table>\n<p>Do o\u010d\u00ed bij\u00edc\u00ed v\u00e1le\u010dn\u00e1 \u0161\u00edlenstv\u00ed ruku v ruce USA a Velk\u00e9 Brit\u00e1nie u\u017e sv\u011bt mus\u00ed spojit. Nelze ml\u010dky p\u0159ehl\u00ed\u017eet masakr\u016fm d\u011bt\u00ed a civilist\u016f v z\u00e1jmu jak\u00e9si prapodivn\u00e9 americk\u00e9 demokracie, co\u017e znamen\u00e1 pouze v\u00e1lky a zab\u00edjen\u00ed po cel\u00e9m sv\u011bt\u011b, aby vojensk\u00fd pr\u016fmyslov\u00fd kompex 1% zlo\u010dinc\u016f ovl\u00e1dal 99% sv\u011bta a vyhro\u017eoval mu. Kdo na t\u011bch masakrech vyd\u011bl\u00e1v\u00e1?<\/p>\n<p>Arm\u00e1dy a jejich p\u0159\u00e1tel\u00e9. I u n\u00e1s je jedin\u00fdm v\u016fdcem arm\u00e1da a v\u0161e se tomu pod\u0159izuje. Obrovsk\u00e9 pen\u00edze te\u010dou do v\u00e1le\u010dn\u00fdch zv\u011brstev a nezb\u00fdv\u00e1 na l\u00e9ky, \u0161kolstv\u00ed, pr\u016fmysl, potraviny&#8230;<\/p>\n<p><b>Slova Olivera Stonea by se m\u011bla st\u00e1t mottem do budoucna. Seberte arm\u00e1d\u00e1m pen\u00edze a sv\u011bt se vr\u00e1t\u00ed do norm\u00e1lu. Ale dok\u00e1\u017eeme to proti jej\u00edm zbran\u00edm a krutosti?<\/b><\/p>\n<p><strong><span style=\"color: #ff0000;\"><em>Julian Paul Assange je australsk\u00fd vydavatel, internetov\u00fd aktivista a politick\u00fd v\u011bze\u0148. Je zn\u00e1m jako mluv\u010d\u00ed, hlavn\u00ed redaktor a spoluzakladatel WikiLeaks \u2013 internetov\u00e9ho serveru, kter\u00fd zve\u0159ejnil mno\u017estv\u00ed utajovan\u00fdch dokument\u016f o zlo\u010dinech USA, Velk\u00e9 Brit\u00e1nie a Austr\u00e1lie.<\/em><\/span><\/strong><\/p>\n<\/div>\n<p><a href=\"https:\/\/stranapro.cz\/\"><img decoding=\"async\" loading=\"lazy\" class=\"wp-image-40286 aligncenter\" src=\"http:\/\/www.infokuryr.cz\/n\/wp-content\/uploads\/2023\/11\/12pro-300x87.png\" alt=\"\" width=\"931\" height=\"270\" srcset=\"https:\/\/www.infokuryr.cz\/n\/wp-content\/uploads\/2023\/11\/12pro-300x87.png 300w, https:\/\/www.infokuryr.cz\/n\/wp-content\/uploads\/2023\/11\/12pro.png 366w\" sizes=\"(max-width: 931px) 100vw, 931px\" \/><\/a><\/p>\n<p>&nbsp;<\/p>\n<p>&nbsp;<\/p>\n","protected":false},"excerpt":{"rendered":"<p>Cel\u00fd sv\u011bt v\u010detn\u011b \u010cesk\u00e9 republiky protestuje proti tr\u00fdzniv\u00e9mu v\u011bzn\u011bn\u00ed Juliana Assangeho ve Velk\u00e9 Brit\u00e1nii, proto\u017ee&#8230;<\/p>\n","protected":false},"author":2,"featured_media":47074,"comment_status":"closed","ping_status":"closed","sticky":false,"template":"","format":"standard","meta":[],"categories":[6],"tags":[734,144,272,3201],"_links":{"self":[{"href":"https:\/\/www.infokuryr.cz\/n\/wp-json\/wp\/v2\/posts\/47073"}],"collection":[{"href":"https:\/\/www.infokuryr.cz\/n\/wp-json\/wp\/v2\/posts"}],"about":[{"href":"https:\/\/www.infokuryr.cz\/n\/wp-json\/wp\/v2\/types\/post"}],"author":[{"embeddable":true,"href":"https:\/\/www.infokuryr.cz\/n\/wp-json\/wp\/v2\/users\/2"}],"replies":[{"embeddable":true,"href":"https:\/\/www.infokuryr.cz\/n\/wp-json\/wp\/v2\/comments?post=47073"}],"version-history":[{"count":1,"href":"https:\/\/www.infokuryr.cz\/n\/wp-json\/wp\/v2\/posts\/47073\/revisions"}],"predecessor-version":[{"id":47075,"href":"https:\/\/www.infokuryr.cz\/n\/wp-json\/wp\/v2\/posts\/47073\/revisions\/47075"}],"wp:featuredmedia":[{"embeddable":true,"href":"https:\/\/www.infokuryr.cz\/n\/wp-json\/wp\/v2\/media\/47074"}],"wp:attachment":[{"href":"https:\/\/www.infokuryr.cz\/n\/wp-json\/wp\/v2\/media?parent=47073"}],"wp:term":[{"taxonomy":"category","embeddable":true,"href":"https:\/\/www.infokuryr.cz\/n\/wp-json\/wp\/v2\/categories?post=47073"},{"taxonomy":"post_tag","embeddable":true,"href":"https:\/\/www.infokuryr.cz\/n\/wp-json\/wp\/v2\/tags?post=47073"}],"curies":[{"name":"wp","href":"https:\/\/api.w.org\/{rel}","templated":true}]}}