{"id":4706,"date":"2021-09-13T03:21:51","date_gmt":"2021-09-13T01:21:51","guid":{"rendered":"http:\/\/www.infokuryr.cz\/n\/?p=4706"},"modified":"2021-09-13T03:21:51","modified_gmt":"2021-09-13T01:21:51","slug":"nedelnik-adama-b-bartose-53-1001-chucpe-v-babisove-predvolebni-knize","status":"publish","type":"post","link":"https:\/\/www.infokuryr.cz\/n\/2021\/09\/13\/nedelnik-adama-b-bartose-53-1001-chucpe-v-babisove-predvolebni-knize\/","title":{"rendered":"NED\u011aLN\u00cdK ADAMA B. BARTO\u0160E (53) 100+1 CHUCPE V BABI\u0160OV\u011a P\u0158EDVOLEBN\u00cd KNIZE"},"content":{"rendered":"<div id=\"fb-root\"><\/div>\n<div class=\"entry-meta entry-meta-bottom\"><\/div>\n<div class=\"entry-featured\"><a class=\"ci-lightbox\" href=\"https:\/\/narodnidemokracie.cz\/wp-content\/uploads\/2021\/09\/ano-eu-1024x660.jpg\"><img decoding=\"async\" loading=\"lazy\" class=\"attachment-post-thumbnail size-post-thumbnail wp-post-image lazy-loaded\" src=\"https:\/\/narodnidemokracie.cz\/wp-content\/uploads\/2021\/09\/ano-eu-665x435.jpg\" alt=\"\" width=\"665\" height=\"435\" data-lazy-type=\"image\" data-src=\"https:\/\/narodnidemokracie.cz\/wp-content\/uploads\/2021\/09\/ano-eu-665x435.jpg\" \/><\/a><\/div>\n<div class=\"entry-content\">\n<p>P\u011bknou ned\u011bli v\u0161em, co \u010dtou tyto \u0159\u00e1dky. Minule jsem sl\u00edbil, \u017ee okomentuji knihu premi\u00e9ra Andreje Babi\u0161e (Sd\u00edlejte, ne\u017e to zak\u00e1\u017eou!), na kterou jsem natrefil v Levn\u00fdch knih\u00e1ch. Tak poj\u010fme na to. A rovnou se omlouv\u00e1m, \u017ee tentokr\u00e1t budu del\u0161\u00ed, a to dokonce je\u0161t\u011b del\u0161\u00ed, ne\u017e obvykle jsem.<\/p>\n<p>Na \u00favod mus\u00edm p\u0159iznat, \u017ee se to dob\u0159e \u010dte a \u017ee premi\u00e9rovi poradci odvedli dobrou pr\u00e1ci. Kdybych se o politiku nezaj\u00edmal, skoro bych Babi\u0161e po p\u0159e\u010dten\u00ed t\u00e9to knihy volil, jak je to v\u0161e sugestivn\u011b seps\u00e1no a vychv\u00e1leno. Jen\u017ee \u2013 o politiku se zaj\u00edm\u00e1m, a tak v\u00edm, \u017ee mnoho v\u011bc\u00ed je jinak. O politiku se nezaj\u00edm\u00e1 v\u011bt\u0161ina lid\u00ed, ale uplynul\u00fd rok a p\u016fl covidov\u00e9ho teroru zp\u016fsobil, \u017ee jsme se o ni \u2013 cht\u011b necht\u011b \u2013 zaj\u00edmali skoro v\u0161ichni. A tak se d\u00e1 \u0159\u00edc\u00ed, \u017ee ten, kdo \u017eil posledn\u00ed rok a p\u016fl v \u010cesk\u00e9 republice, mus\u00ed c\u00edtit, \u017ee se v knize l\u017ee, jako kdy\u017e se tiskne\u2026 A slibuje, a\u017e se od huby pr\u00e1\u0161\u00ed\u2026<\/p>\n<p>Tato \u201erecenze\u201c nebude nijak promy\u0161len\u00e1, nijak rafinovan\u011b vystav\u011bn\u00e1, prost\u011b jen sep\u00ed\u0161i r\u016fzn\u00e9 post\u0159ehy, kter\u00e9 mne p\u0159i \u010dten\u00ed knihy napadaly. Na podrobn\u011bj\u0161\u00ed anal\u00fdzu nem\u00e1m \u010das \u2013 nejsem nap\u0159\u00edklad schopen ov\u011b\u0159ovat \u010d\u00edsla v knize uv\u00e1d\u011bn\u00e1 apod.<\/p>\n<p>Prvn\u00ed p\u0159ekvapen\u00ed. Kniha za\u010d\u00edn\u00e1 Babi\u0161ov\u00fdm \u00fadajn\u00fdm urputn\u00fdm bojem proti migra\u010dn\u00edm kv\u00f3t\u00e1m. Babi\u0161 se na prvn\u00edch 30 str\u00e1nk\u00e1ch stylizuje do role vlasteneck\u00e9ho a\u017e n\u00e1rodoveck\u00e9ho politika, kter\u00fd jedin\u00fd zabr\u00e1nil kv\u00f3t\u00e1m z Bruselu. Str\u010dil do kapsy n\u00e1s v\u0161echny skute\u010dn\u00e9 n\u00e1rodovce, domn\u011bl\u00e9ho vlastence Okamuru i v\u0161echny dal\u0161\u00ed vlasteneck\u00e9 politiky cel\u00e9 Evropy. Jen Orb\u00e1n je vzat na milost a chv\u00e1len, ba dokonce se z n\u011bj stal Babi\u0161\u016fv nejv\u011bt\u0161\u00ed kamar\u00e1d a p\u0159\u00edtel. Tak\u00e9 Babi\u0161ovi p\u0159isp\u011bl do knihy p\u00e1r \u0159\u00e1dky. A\u017e to vypad\u00e1, \u017ee Babi\u0161 zachr\u00e1nil Evropu p\u0159ed migranty. Co\u017e o to, hezky se to \u010dte, a\u017e na to, \u017ee to nen\u00ed literatura faktu, ale sp\u00ed\u0161e beletrie (\u017e\u00e1nr fantasy). Nem\u00e1m \u010das dohled\u00e1vat d\u016fkazy o tom, jak Babi\u0161 kec\u00e1, ale v\u0161ichni si tu dobu pamatujeme, a nem\u00e1me pocit, \u017ee by vl\u00e1da tehdy n\u011bco proti migrant\u016fm d\u011blala. Babi\u0161 m\u011bl jen velk\u00e1 slova, plamenn\u011b hovo\u0159il a my pak jen s \u00fa\u017easem sledovali, jak d\u011bl\u00e1 prav\u00fd opak toho, co \u0159\u00edkal. Copak to nebyl ministr obrany Metnar, kter\u00fd podepsal glob\u00e1ln\u00ed pakt o migraci? Babi\u0161 vychvaluje Orb\u00e1na a r\u00e1d by vypadal stejn\u011b tvrd\u00fd jako on, ale copak to nebyli jeho europoslanci (a nap\u0159\u00edklad v knize j\u00edm chv\u00e1len\u00e1 Dita Charanzov\u00e1), kte\u0159\u00ed (dokonce v den, kdy Babi\u0161 byl na st\u00e1tn\u00ed n\u00e1v\u0161t\u011bv\u011b Ma\u010farska) odsoudili v Evropsk\u00e9m parlamentu Ma\u010farsko za jeho postoj k migraci? Takov\u00e9 chucpe, \u0159ekl by pan VK\u2026 Pr\u00fd \u201eani jednoho migranta\u201c. Tady Babi\u0161 pou\u017e\u00edv\u00e1 p\u0159esn\u011b m\u00e1 slova, ale co ty des\u00edtky afgh\u00e1nsk\u00fdch p\u0159ekladatel\u016f, kter\u00e9 jen p\u0159ed p\u00e1r t\u00fddny p\u0159ivezli \u010de\u0161t\u00ed voj\u00e1ci? Babi\u0161 spr\u00e1vn\u011b odsuzuje zn\u00e1siln\u011bn\u00ed d\u00edvky u Terez\u00edna uprchl\u00edkem, ale zaznamenal n\u011bkdo jeho odsouzen\u00ed tohoto \u010dinu v dob\u011b, kdy se to odehr\u00e1lo? Je hezk\u00e9 se te\u010f p\u0159ed volbami stylizovat do role ochr\u00e1nce \u010desk\u00e9ho n\u00e1roda, ale lid\u00e9 nejsou tak hloup\u00ed\u2026<\/p>\n<p>Dal\u0161\u00ed str\u00e1nky v\u011bnuje Babi\u0161 arm\u00e1d\u011b a chlub\u00ed se, jak ji jeho vl\u00e1da podporuje. Ale arm\u00e1du op\u011bt zmi\u0148uje jen ve vztahu k Afgh\u00e1nist\u00e1nu. Jak\u00e1 sm\u016fla, \u017ee po vyd\u00e1n\u00ed knihy n\u00e1\u0161 \u201espojenec\u201c Afgh\u00e1nist\u00e1n opustil a p\u0159enechal T\u00e1lib\u00e1nu. My na alternativ\u011b sice v\u00edme, \u017ee to je jinak, ale pro v\u011bt\u0161inovou ve\u0159ejnost to vypad\u00e1, \u017ee jsme tam se spojenci spole\u010dn\u011b prohr\u00e1li a potupn\u011b se st\u00e1hli. Tak\u017ee ta kapitola moc nevyzn\u00ed\u2026<\/p>\n<p>Na stran\u00e1ch 35-43 Babi\u0161 sn\u00ed o na\u0161em dob\u00fdv\u00e1n\u00ed vesm\u00edru, budeme pr\u00fd \u201ekosmickou velmoc\u00ed\u201c. Slibem nezarmout\u00ed\u0161. Slibuje jak\u00e9si bal\u00f3ny, kter\u00e9 budou plnit funkci satelit\u016f a budou z vesm\u00edru v\u0161e sledovat. Z\u0159ejm\u011b i n\u00e1s, co se odm\u00edt\u00e1me o\u010dkovat. My \u010ce\u0161i v tom pr\u00fd budeme tak dob\u0159\u00ed, \u017ee to know-how budeme je\u0161t\u011b nav\u00edc prod\u00e1vat d\u00e1l. Budeme prod\u00e1vat bal\u00f3ny. Tak to je fakt pecka. Tato zem\u011b si pod jeho veden\u00edm nedok\u00e1\u017ee poradit s modifikovanou ch\u0159ipkou, ale hlavn\u011b \u017ee budeme dob\u00fdvat spole\u010dn\u011b s Elonem Muskem vesm\u00edr\u2026<\/p>\n<p>Kapitola D\u011bti (s. 44-69) je zaj\u00edmav\u00e1 ze t\u0159ech d\u016fvod\u016f. P\u0159edn\u011b proto, \u017ee zde Babi\u0161 op\u011bt vykr\u00e1d\u00e1 Orb\u00e1na \u2013 kop\u00edruje jeho rodinnou politiku, tak\u017ee se to pro vlastence \u010dte opravdu dob\u0159e. \u010clov\u011bk by to podepsal. S\u00e1m jsem o tom psal ve sv\u00e9\u00a0<a href=\"http:\/\/knihyabb.cz\/domu\/57-madarsky-zazrak-jak-viktor-orban-zachranuje-madarsko-listopad-2018.html\" target=\"_blank\" rel=\"noopener\"><em><strong>publikaci o Orb\u00e1novi<\/strong><\/em><\/a>, tak\u017ee o tom n\u011bco v\u00edm. Jakoby n\u011bkter\u00e9 pas\u00e1\u017ee byly ops\u00e1ny pr\u00e1v\u011b z n\u00ed\u2026 Za druh\u00e9 Babi\u0161 vykr\u00e1d\u00e1 n\u00e1\u0161 program masivn\u00ed v\u00fdstavby byt\u016f (co\u017e m\u00e1 pomoci mlad\u00fdm rodin\u00e1m, proto je to zahrnuto v kapitolce o d\u011btech). Nev\u0161iml jsem si, \u017ee by se za jeho vl\u00e1dy n\u011bjak byty stav\u011bly, v\u0161ak tak\u00e9 \u017e\u00e1dn\u00e1 \u010d\u00edsla nedodal, jen vlastn\u011b popisuje sv\u016fj n\u00e1pad, jak by tato v\u00fdstavba m\u011bla prob\u00edhat. Tak\u017ee je to jen n\u00e1vrh, plan\u00e9 \u0159e\u010dn\u011bn\u00ed. Op\u011bt \u2013 slibem nezarmout\u00ed\u0161. Za t\u0159et\u00ed \u2013 Babi\u0161 mluv\u00ed o d\u011btech, ale byla to hlavn\u011b jeho vl\u00e1da, kter\u00e1 d\u011btem nejv\u00edce ubl\u00ed\u017eila a st\u00e1le ubli\u017euje \u2013 v souvislosti s covidem. To zvl\u00e1\u0161t\u011b vynikne v dal\u0161\u00ed kapitole \u2013 o \u0161kole.<\/p>\n<p>Kapitola o \u0161kole (s. 70-89) populisticky nazna\u010duje, \u017ee biflov\u00e1n\u00ed je na nic, m\u011bla by mu b\u00fdt u\u010din\u011bna p\u0159\u00edtr\u017e a d\u011bti by m\u011bly b\u00fdt vedeny tak, aby vynikl jejich talent a aby se mohly specializovat na to, co je bav\u00ed a zaj\u00edm\u00e1. To je hezk\u00e1 my\u0161lenka, ale mysl\u00edm si prav\u00fd opak. Kdo si dnes p\u0159e\u010dte, jak vypadala maturita p\u0159ed sto lety, nev\u011b\u0159\u00ed vlastn\u00edm o\u010d\u00edm, co v\u0161e museli studenti v\u011bd\u011bt. Dnes se v\u0161e naopak zjednodu\u0161uje tak, \u017ee za chv\u00edli nebudou d\u011bti v\u011bd\u011bt v\u016fbec nic.\u00a0<a href=\"https:\/\/aeronet.cz\/news\/ministerstvo-skolstvi-vypustilo-newtonovy-zakony-z-osnov-ceskych-zakladnich-skol-zmizela-i-didaktika-ohmova-zakona-zmizela-vyuka-rozdilu-mezi-planetami-a-hvezdami-a-rovnez-vyuka-deti-proti\/\" target=\"_blank\" rel=\"noopener\"><em><strong>Zjednodu\u0161ov\u00e1n\u00ed osnov<\/strong><\/em><\/a>, inkluze, p\u0159episov\u00e1n\u00ed historie, zjednodu\u0161ov\u00e1n\u00ed maturit\u2026 Hlavn\u011b, \u017ee d\u011bti budou um\u011bt up\u00e9ci kol\u00e1\u010dky jako v j\u00fa-es-ej, co\u017e Babi\u0161 d\u00e1v\u00e1 v knize za vzor. Ale hlavn\u011b \u2013 byla to jeho vl\u00e1da, kter\u00e1 d\u011btem vzala \u0161kolu, nutila je u\u010dit se z domova, pak je ve \u0161kol\u00e1ch \u0161pejlovala necertifikovan\u00fdmi testy, nutila je cel\u00fd den sed\u011bt v rou\u0161k\u00e1ch a nyn\u00ed vyhro\u017euje, \u017ee kdo testy nepodstoup\u00ed, bude muset b\u00fdt ve \u0161kole v respir\u00e1torech a segregov\u00e1n od ostatn\u00edch. Vsad\u00edm se s v\u00e1mi, \u017ee po volb\u00e1ch za\u010dne o\u010dkov\u00e1n\u00ed d\u011bt\u00ed od 5 do 12 let, jak u\u017e si to schv\u00e1lili na Slovensku. M\u00e1 dcera \u0161lo loni do prvn\u00ed t\u0159\u00eddy. Nastupovala v rou\u0161ce, pak p\u016fl roku \u0161kola nebyla, na ja\u0159e jsme odm\u00edtli testov\u00e1n\u00ed \u010d\u00ednsk\u00fdmi testy a u\u010dili se z domova. Z prvn\u00ed t\u0159\u00eddy nem\u011bla skoro nic, jen traumatizuj\u00edc\u00ed z\u00e1\u017eitky z prvn\u00edho dne \u0161koly, kdy vid\u011bla u\u010ditelku s \u010deln\u00edm \u0161t\u00edtem. A Babi\u0161 mi tu bude ps\u00e1t n\u011bco o tom, jak by m\u011bla b\u00fdt \u0161kola pro d\u011bti otev\u0159en\u00e1? Takov\u00e9 chucpe! Tak\u00e9 navrhuje, jak by d\u011bti m\u011bly ve \u0161kole v\u00edce cvi\u010dit. P\u0159itom je to jeho ministr, kdo d\u011btem zakazuje cvi\u010dit (a zp\u00edvat k tomu). Cel\u00fd uplynul\u00fd \u0161koln\u00ed rok d\u011bti kv\u016fli Babi\u0161ovi necvi\u010dily a ani nemohly po\u0159\u00e1dn\u011b ven, dokonce ani na h\u0159i\u0161t\u011b. M\u00edsto t\u011blocviku se ve \u0161kole d\u00edvaly na filmy. Kdy\u017e m\u00e1 Babi\u0161, jak v knize tvrd\u00ed, tak r\u00e1d \u010d\u00edsla, mohl by n\u011bkdo spo\u010d\u00edtat, jak\u00e9 materi\u00e1ln\u00ed a duchovn\u00ed \u0161kody t\u00edmto nejmlad\u0161\u00ed generaci a tud\u00ed\u017e cel\u00e9mu n\u00e1rodu vznikly?<\/p>\n<p>Od s. 133 se sna\u017e\u00ed vypo\u010d\u00edt\u00e1vat \u00fasp\u011bchy vl\u00e1dy. Komu v\u0161emu vl\u00e1da p\u0159idala pen\u00edze, o kolik v\u00edce se na dan\u00edch vybralo skrze EET, kolik se postavilo kilometr\u016f d\u00e1lnic apod. Op\u011bt je dobr\u00e9 p\u0159ipomenout si realitu \u2013 covidovou krizi, kdy st\u00e1t (Babi\u0161ova vl\u00e1da) lidem br\u00e1nila pracovat, p\u0159ivedla je ke krachu, zav\u00edrala jejich \u017eivnosti, \u00fa\u0159ady jely na 50 procent (i m\u00e9n\u011b), v\u0161echno st\u00e1lo. Na druhou stranu vl\u00e1da rozd\u00e1vala pen\u00edze v\u0161em jen tak (\u010d\u00edm\u017e podlomila pracovn\u00ed mor\u00e1lku a zadlu\u017eila n\u00e1s u sv\u011btov\u00fdch bank). O tom samoz\u0159ejm\u011b v knize ani muk\u2026<\/p>\n<p>Od strany 150 n\u00e1m premi\u00e9r l\u00ed\u010d\u00ed, jak chce propojovat zemi (vedle d\u00e1lnic) i vlaky a rychlovlaky. Ale je\u0161t\u011b p\u0159ed p\u016fl rokem \u010dlov\u011bk nemohl vyt\u00e1hnout patu z okresu a dokonce ani z bar\u00e1ku. Buzerovali n\u00e1s nouzov\u00fdm stavem, z\u00e1kazem no\u010dn\u00edho vych\u00e1zen\u00ed jako za protektor\u00e1tu. A kdo se nenech\u00e1 nao\u010dkovat, bez covid passu se moc daleko nedostane. Tak\u017ee dal\u0161\u00ed chucpe.<\/p>\n<p>Od strany 156 sn\u00ed Babi\u0161 o tom, jak chce \u201erozsportovat \u010cesko\u201c. O d\u011btech, co nemohly a nemohou cvi\u010dit, jsem u\u017e psal. A co ta fitka a ski-are\u00e1ly? To tak rychle zapom\u00edn\u00e1me? Zase dal\u0161\u00ed chucpe. A pak je\u0161t\u011b drze nap\u00ed\u0161e sv\u016fj n\u00e1pad: \u201eco tak m\u00edt na z\u00e1kladk\u00e1ch t\u011blocvik p\u011btkr\u00e1t t\u00fddn\u011b?\u201c P\u0159itom kv\u016fli Babi\u0161ovi ho d\u011bti nem\u011bly v\u00edce ne\u017e rok.<\/p>\n<p>Babi\u0161 se sice d\u00e1le chlub\u00ed sni\u017eov\u00e1n\u00edm st\u00e1tn\u00edho dluhu (s. 172), ale k \u010demu to je, kdy\u017e n\u00e1s jen za ten jeden rok zadlu\u017eil na cel\u00e9 dal\u0161\u00ed generace a v\u0161e, co u\u0161et\u0159il, za ten rok rozfrcal? Zastavil ekonomiku, \u017eili jsme na dluh a pro\u017erali tak nejen na\u0161i budoucnost, ale i budoucnost na\u0161ich d\u011bt\u00ed a nejsp\u00ed\u0161e i vnuk\u016f a nyn\u00ed n\u00e1s bude op\u00edjet rohl\u00edkem o tom, jak skv\u011ble hospoda\u0159il?<\/p>\n<p>Na s. 194-210 se vypo\u0159\u00e1d\u00e1v\u00e1 s covidovou kriz\u00ed. T\u0159eba\u017ee kapitolu jeho poradci nazvali \u201enejt\u011b\u017e\u0161\u00ed rok m\u00e9ho \u017eivota\u201c, je neb\u00fdvale stru\u010dn\u00fd. Ale ch\u00e1pu. O nep\u0159\u00edjemn\u00fdch v\u011bcech nen\u00ed dobr\u00e9 p\u0159ed volbami p\u0159\u00edli\u0161 ps\u00e1t. A tak se v kapitole dozv\u00edme jen o tom, jak se c\u00edtil hrozn\u011b p\u0159i nat\u00e1\u010den\u00ed projevu k ob\u010dan\u016fm, jak se opozice chovala nemo\u017en\u011b, jak vl\u00e1da hrozn\u011b \u201emakala\u201c, zmi\u0148uje p\u0159e\u0161lapy sv\u00fdch ministr\u016f (Prymula v restauraci), vysek\u00e1v\u00e1 poklonu oby\u010dejn\u00fdm hrdin\u016fm v\u0161edn\u00edho dne. A pochvaluje si, \u017ee byl doma v\u00edce s rodinou. A z\u0159ejm\u011b proto, aby uk\u00e1zal, \u017ee krize p\u0159inesla i n\u011bco pozitivn\u00edho, jmenuje firmy, kter\u00e9 v krizi \u201evyrostly\u201c. Nebo se na n\u00ed sp\u00ed\u0161e napakovaly, \u0159ekl bych j\u00e1. Rohl\u00edk.cz a Alza.cz. No jasn\u011b. Kdy\u017e jsme nemohli do kr\u00e1m\u016f a v supermarketech bylo v\u0161e krom j\u00eddla za p\u00e1skami, co jsme asi m\u011bli d\u011blat, ne\u017e to objedn\u00e1vat na netu? Tyto firmy tak zbohatly na n\u00e1s v\u0161ech. Alza m\u00e1 nav\u00edc s\u00eddlo na Kypru a nen\u00ed to tak ve sv\u00e9 podstat\u011b \u010desk\u00e1 spole\u010dnost, ale kypersk\u00e1, tak\u017ee zase dal\u0161\u00ed chucpe.<\/p>\n<p>Od s. 212 Babi\u0161 p\u00ed\u0161e, co v\u0161e dobr\u00e9ho chce je\u0161t\u011b pro na\u0161i zemi vykonat. \u010cili \u2013 to u\u017e jsou jen vize. Tedy sliby. Takov\u00fdch j\u00e1 m\u00e1m. A je\u0161t\u011b lep\u0161\u00edch. Probl\u00e9m t\u011bch Babi\u0161ov\u00fdch ale je v tom, \u017ee vedle skute\u010dn\u00fdch krok\u016f, kter\u00fdch se jeho vl\u00e1da dopustila b\u011bhem covidu, vypadaj\u00ed jako pouh\u00e9 tlach\u00e1n\u00ed. Ba je\u0161t\u011b h\u016f\u0159e \u2013 to, co Babi\u0161ova vl\u00e1da kv\u016fli covidu d\u011blala, je v p\u0159\u00edm\u00e9m rozporu s t\u00edm, co n\u00e1m v\u0161e nyn\u00ed ve sv\u00e9 knize ma\u017ee kolem \u00fast. Tak nap\u0159\u00edklad hned prvn\u00ed kapitola druh\u00e9 \u010d\u00e1sti knihy \u2013 Zachr\u00e1n\u00edme tis\u00edce \u017eivot\u016f. Kapitola pojedn\u00e1v\u00e1 o tom, \u017ee je t\u0159eba vybudovat ohromn\u00e9 centrum boje proti rakovin\u011b. A Babi\u0161 p\u0159edstavuje sv\u016fj N\u00e1rodn\u00ed pl\u00e1n boje proti rakovin\u011b. To ve chv\u00edli, kdy spousta lid\u00ed zem\u0159ela na strach, kter\u00fd vl\u00e1da p\u016fsobila a na lockdowny, kter\u00e9 vl\u00e1da vyhla\u0161ovala (po t\u00e9m\u011b\u0159 cel\u00fd rok) a p\u0159edev\u0161\u00edm na odlo\u017een\u00e9 operace a v\u016fbec zanedb\u00e1n\u00ed \u010di dokonce odp\u00edr\u00e1n\u00ed l\u00e9ka\u0159sk\u00e9 p\u00e9\u010de (v\u0161e ve jm\u00e9nu covidu), nelze nazvat op\u011bt jinak, ne\u017e velk\u00fdm chucpe. P\u011bkn\u011b macat\u00fdm, jak \u0159\u00edk\u00e1 pan VK. Vl\u00e1da n\u00e1s rok a p\u016fl stra\u0161ila ch\u0159ipkou, tak\u017ee mnoho lid\u00ed se vyka\u0161lalo na preventivn\u00ed prohl\u00eddky a covidov\u00ed le\u017e\u00e1ci zab\u00edrali m\u00edsto v nemocnic\u00edch, kde byly odm\u00edt\u00e1ny napl\u00e1novan\u00e9 operace. Kolik lid\u00ed zem\u0159elo na rakovinu, to n\u00e1m m\u00e9dia ne\u0159ekla. Kolik z nich zem\u0159elo jen kv\u016fli tomu, \u017ee vl\u00e1da byla \u201ebest in covid\u201c, se asi nikdy nedov\u00edme. Ale Babi\u0161 n\u00e1m bude slibovat \u0161pi\u010dkov\u00e9 onkologick\u00e9 pracovi\u0161t\u011b\u2026<\/p>\n<p>Babi\u0161ovy sny o \u010desk\u00e9m zdravotnictv\u00ed pokra\u010duj\u00ed i v dal\u0161\u00ed kapitole od s. 233. Op\u011bt \u2013 \u010detlo by se to hezky, kdybychom tu posledn\u00ed rok a p\u016fl ne\u017eili. Revoluce v \u010desk\u00e9m zdravotnictv\u00ed. Pche. P\u0159enech\u00e1m fundovan\u011bj\u0161\u00edm, aby zanalyzovali, kolik lid\u00ed um\u0159elo zbyte\u010dn\u011b kv\u016fli vl\u00e1dn\u00edm opat\u0159en\u00edm, kolik lid\u00ed zem\u0159elo na vl\u00e1dou vyvol\u00e1van\u00fd strach a hysterii\u2026 Kapitolou se (podobn\u011b jako celou knihou) line zase d\u016fraz na digitalizaci. V\u0161e bude jednoduch\u00e9, propojen\u00e9, elektronick\u00e9. Jen ta svoboda se n\u00e1m n\u011bjak vytratila. Nebudete muset vypl\u0148ovat lejstra, l\u00e1kaj\u00ed n\u00e1s. Je to jako s t\u00edm cestov\u00e1n\u00edm p\u0159es hranice. U\u0161et\u0159\u00edte p\u00e1r minut, nebudete muset ukazovat pas. A co za to? P\u0159i\u0161li jsme o bezpe\u010d\u00ed, do na\u0161\u00ed zem\u011b m\u016f\u017ee kdov\u00edjak\u00fd gr\u00e1zl. S digitalizac\u00ed ve zdravotnictv\u00ed je to podobn\u00e9 \u2013 u\u0161et\u0159\u00edte p\u00e1r minut, ale budou o v\u00e1s v\u011bd\u011bt v\u0161e (nap\u0159\u00edklad trasov\u00e1n\u00ed) a p\u0159i nejbli\u017e\u0161\u00ed p\u0159\u00edle\u017eitosti to proti n\u00e1m mohou pou\u017e\u00edt. A slibovan\u00e1 v\u00fdhoda bude brzy stejn\u011b tam tam. V Schengenu dnes bez covid passu cestovat nem\u016f\u017eete. A pakli\u017ee jste dohled nad sv\u00fdm zdrav\u00edm sv\u011b\u0159ili st\u00e1tu a nechali se nao\u010dkovat, \u010das neu\u0161et\u0159\u00edte, ba naopak. P\u0159ed vstupem kamkoli se budete muset prokazovat platn\u00fdm potvrzen\u00edm o o\u010dkov\u00e1n\u00ed, p\u00edpat si, skenovat QR k\u00f3dy. P\u00e1r \u0161ikovn\u00fdch p\u00ed\u00e1rist\u016f ale i z tohoto vytvo\u0159\u00ed chytlavou kapitolu do Babi\u0161ovy knihy, u kter\u00e9 nejedno oko d\u016fchodce dojet\u00edm vlhne, jak se o n\u00e1s tento \u201e\u010cech\u201c (s. 404) dojemn\u011b star\u00e1. A to nemluv\u00edm o tom, \u017ee Babi\u0161 slibuje, jak na\u0161e zdrav\u00ed bude hl\u00eddat um\u011bl\u00e1 inteligence (s. 250). \u010cten\u00e1\u0159 alternativy by m\u011bl p\u0159i t\u011bchto slovech zbyst\u0159it\u2026 Potom, co Babi\u0161ova vl\u00e1da v\u0161echny vyd\u011bsila k smrti a d\u011bsila je rok a p\u016fl a po volb\u00e1ch op\u011bt za\u010dne, nen\u00ed Babi\u0161ovi blb\u00e9 na z\u00e1v\u011br kapitoly ps\u00e1t o tom, jak je d\u016fle\u017eit\u00e9 du\u0161evn\u00ed zdrav\u00ed a vesel\u00e1 du\u0161e. Zase chucpe. Podobn\u011b jako Babi\u0161ovo kas\u00e1n\u00ed se, jak jeho vl\u00e1da pom\u00e1h\u00e1 autist\u016fm. Copak autismus nen\u00ed vedlej\u0161\u00edm projevem vakcinace? (te\u010f nemysl\u00edm vakcinace proti covidu, ale vakcinace obecn\u011b \u2013 materi\u00e1l\u016f a v\u011bdeck\u00fdch studi\u00ed je o tom p\u0159ehr\u0161el). Zase chucpe.<\/p>\n<p>P\u0159esko\u010d\u00edm kapitolu o tom, jak chce Babi\u0161 vybudovat v Let\u0148anech vl\u00e1dn\u00ed \u010dtvr\u0165. \u0158e\u010d o tom, \u017ee za tohoto re\u017eimu se nepostavilo nic ne\u017e Tan\u010d\u00edc\u00ed d\u016fm, to jsou op\u011bt m\u00e1 slova. Babi\u0161 se d\u00e1l chlub\u00ed rekonstrukcemi, kter\u00e9 se odehr\u00e1ly za jeho vl\u00e1dy (nap\u0159\u00edklad N\u00e1rodn\u00ed muzeum). M\u00e1m pocit, \u017ee by se to odehr\u00e1lo i za jak\u00e9koli jin\u00e9 vl\u00e1dy. Nebo mne opravte\u2026<\/p>\n<p>Od s. 303 se premi\u00e9r vrac\u00ed ke sv\u00e9mu obl\u00edben\u00e9mu t\u00e9matu. \u0158\u00eddit st\u00e1t jako firmu. Kdy\u017e odmysl\u00edme, \u017ee jeho firmy \u017eij\u00ed z dotac\u00ed, je pro \u010dten\u00e1\u0159e obt\u00ed\u017en\u011b pochopiteln\u00e9, pro\u010d vyjmenov\u00e1v\u00e1 \u00fasp\u011bchy firem Elona Muska, v\u010detn\u011b \u010dip\u016f do hlavy (Neuralink) \u010di Starlinku (kter\u00fd pr\u00fd Musk buduje proto, aby v\u0161ichni lid\u00e9 na zemi m\u011bli zdarma internet \u2013 to je dobr\u00fd vtip). Chce ud\u011blat dojem? M\u00e1me si myslet, \u017ee \u00fasp\u011bchy Elona Muska jsou \u00fasp\u011bchy Andreje Babi\u0161e? (od s. 306). Kapitolou tak\u00e9 n\u011bkolikr\u00e1t zazn\u00edv\u00e1, \u017ee bychom se m\u011bli inspirovat Izraelem a jeho \u201el\u00eddrovstv\u00edm v technologi\u00edch\u201c. Na\u0161e zem\u011b jsou si pr\u00fd v mnoh\u00e9m podobn\u00e9 (s. 306), m\u00e1me se pr\u00fd posunout sm\u011brem k Izraeli, technologick\u00e9 velmoci (s. 310) apod.<\/p>\n<p>Dal\u0161\u00ed kapitola je v\u011bnov\u00e1na \u00fasp\u011bchu \u010desk\u00fdch firem, z\u0159ejm\u011b to m\u00e1 vypadat, \u017ee m\u00e1me ve sm\u011bru Izrael dob\u0159e na\u0161l\u00e1pnuto. A\u017e na to, \u017ee v\u011bt\u0161inou jde o firmy, kter\u00e9 vymyslely jen n\u011bjak\u00e9 aplikace do mobilu (jsou to tedy jen slu\u017eby), a u n\u011bkolika z nich Babi\u0161 nepochopiteln\u011b zmi\u0148uje, \u017ee je u\u017e koupily ciz\u00ed spole\u010dnosti, tak\u017ee u\u017e vlastn\u011b o na\u0161e firmy v\u016fbec nejde a nem\u00e1 smysl se jimi chlubit, proto\u017ee z jejich zisku profituj\u00ed jin\u00e9 zem\u011b. Tot\u00e9\u017e se t\u00fdk\u00e1 cel\u00e9 jedn\u00e9 kapitoly, kterou Babi\u0161 v\u011bnuje hern\u00edmu pr\u016fmyslu, tedy v\u00fdvoji po\u010d\u00edta\u010dov\u00fdch her, ve kter\u00e9m je na\u0161e zem\u011b pr\u00fd velmoc\u00ed. I zde u\u017e \u00fasp\u011b\u0161n\u00e9 firmy byly koupeny t\u011bmi zahrani\u010dn\u00edmi. A i zde se Babi\u0161 chlub\u00ed ciz\u00edm pe\u0159\u00edm, proto\u017ee jak \u00fasp\u011bch t\u011bchto firem souvis\u00ed s Babi\u0161ovou vl\u00e1dou? A kone\u010dn\u011b \u2013 stav\u011bt toto za vzor? To u\u017e klidn\u011b m\u016f\u017ee p\u0159idat i dal\u0161\u00ed kapitolu o tom, jak jsme sv\u011btov\u00ed ve v\u00fdrob\u011b porna. J\u00e1 si ale po\u0159\u00e1d mysl\u00edm, \u017ee v\u011bt\u0161\u00ed hodnoty se vytv\u00e1\u0159ely za minul\u00e9ho re\u017eimu, ne\u017e nyn\u00ed. Pro mne je pr\u016fmysl strategi\u010dt\u011bj\u0161\u00ed v\u011bc ne\u017e v\u00fdvoj po\u010d\u00edta\u010dov\u00fdch her, co\u017e nen\u00ed nic jin\u00e9ho ne\u017e z\u00e1bava a je\u0161t\u011b nav\u00edc n\u00e1vykov\u00e1 z\u00e1bava, kter\u00e1 lidem sp\u00ed\u0161e \u0161kod\u00ed, ne\u017e prosp\u00edv\u00e1 (a dost to nejde dohromady s kapitolou o d\u011btech a o tom, jak by se m\u011bly v\u00edce pohybovat).<\/p>\n<p>Na s. 323 Babi\u0161 rozv\u00edj\u00ed \u00favahu, jak by se m\u011bl st\u00e1t k ob\u010danovi chovat slu\u0161n\u011b. Po roce a p\u016fl buzerace kv\u016fli covidu to op\u011bt nelze nazvat jinak ne\u017e chucpe. Digit\u00e1ln\u00ed identita, p\u0159ed kterou varuje pan VK v nov\u00e9 knize (<a href=\"http:\/\/knihyabb.cz\/domu\/3905-predobjednavka-nove-knihy-pana-vk-total-control-velky-reset-globalismu-vychazi-v-srpnu.html\" target=\"_blank\" rel=\"noopener\"><em><strong>Total Control<\/strong><\/em><\/a>), je tu d\u00e1v\u00e1na za \u00fasp\u011bch Babi\u0161ovy vl\u00e1dy (s. 332). Podobn\u011b Chytr\u00e1 karant\u00e1na, eRou\u0161ka a dal\u0161\u00ed \u0161m\u00edrovac\u00ed programy.<\/p>\n<p>Ve t\u0159et\u00ed \u010d\u00e1sti se Babi\u0161 op\u011bt inspiruje u Orb\u00e1na, kdy\u017e prozrazuje, \u017ee chce prosadit zm\u011bnu volebn\u00edho z\u00e1kona a zm\u011bnu \u00dastavy. Od s. 350 vykr\u00e1d\u00e1 n\u00e1\u0161 zem\u011bd\u011blsk\u00fd program a program pro \u017eivotn\u00ed prost\u0159ed\u00ed. T\u011b\u017eko v\u011b\u0159it tomu, \u017ee zrovna Babi\u0161ovy firmy, kter\u00e9 jedou jen na dotace a maximalizaci zisku, \u0159e\u0161\u00ed v\u011bci jako rem\u00edzky apod. Babi\u0161 se sp\u00ed\u0161e d\u011bl\u00e1 lep\u0161\u00edm ne\u017e je. Od s. 392 vykr\u00e1d\u00e1 na\u0161e oddlu\u017een\u00ed, i kdy\u017e nen\u00ed tak dobr\u00e9, jako to na\u0161e (Milostiv\u00e9 l\u00e9to). Dokonce pou\u017e\u00edv\u00e1 i stejnou v\u011btu, jako j\u00e1 ve sv\u00e9 knize z roku 2019\u00a0<em>Uloupen\u00fd st\u00e1t<\/em>, kter\u00e1 byla p\u0159edstaven\u00edm na\u0161eho programu a na\u0161\u00ed vize pro st\u00e1t \u2013 \u017ee \u010cR je Klondikem \u0161mejd\u016f a lichv\u00e1\u0159\u016f (s. 394, u mne \u201eKlondikem lichv\u00e1\u0159\u016f a exekutor\u016f\u201c, s. 94)<\/p>\n<p>Na s. 404 vyjad\u0159uje p\u0159\u00e1n\u00ed, aby byla cel\u00e1 \u010cesk\u00e1 republika nao\u010dkovan\u00e1. Na stejn\u00e9 str\u00e1nce tento Slov\u00e1k p\u00ed\u0161e, \u017ee je \u010cechem. Na s. 408 se du\u0161uje, \u017ee svoboda a nez\u00e1vislost byla v\u017edy d\u016fle\u017eit\u00e1. To zn\u00ed dost drze od \u010dlov\u011bka, kter\u00fd n\u00e1m sebral i posledn\u00ed zbytky svobod, co jsme tu m\u011bli (a te\u010f nemluv\u00edm jen o institutu \u201cp\u0159edsude\u010dn\u00e9 nen\u00e1visti\u201d z d\u00edlny jeho koali\u010dn\u00edho partnera \u010cSSD, ale obecn\u011b o tom, jak se k n\u00e1m vl\u00e1da chovala za covidu \u2013 kdy n\u00e1m v podstat\u011b vzala i svobodu d\u00fdchat \u010dist\u00fd vzduch). Pozn\u00e1mka na s. 409 o tom, jak si \u010dlov\u011bk ve\u010der \u201esko\u010d\u00ed na jedno\u201c, se zd\u00e1 b\u00fdt tak\u00e9 nehor\u00e1znou drzost\u00ed od \u010dlov\u011bka, jeho\u017e vl\u00e1da hospody nejen kompletn\u011b zav\u0159ela, ale mnoh\u00e9 z nich p\u0159ivedla ke krachu. A tak bych mohl pokra\u010dovat, ale to u\u017e byste asi nedo\u010detli do konce\u2026<\/p>\n<p>Co napsat z\u00e1v\u011brem? Babi\u0161 n\u00e1m slibuje v\u011bci, kter\u00e9 n\u00e1m p\u0159itom s\u00e1m odp\u00edral. Destruktivn\u00ed politika vl\u00e1dy po\u0161kodila snad ka\u017ed\u00fd resort, ale jemu nep\u0159ijde blb\u00e9 ud\u011blat z \u010dern\u00e9ho b\u00edl\u00e9 a naopak a tv\u00e1\u0159it se jako ten, kdo d\u00e1v\u00e1 celou zemi do po\u0159\u00e1dku. Ano, jist\u011b, slibuje to, co lid\u00e9 cht\u011bj\u00ed sly\u0161et, hezky se to \u010dte nebo poslouch\u00e1. Jeho skutky ho v\u0161ak usv\u011bd\u010duj\u00ed ze l\u017ei. Byl to on, kdo d\u011blal p\u0159esn\u00fd opak a nyn\u00ed spol\u00e9h\u00e1 na na\u0161i kr\u00e1tkou pam\u011b\u0165. My ale nezapom\u00edn\u00e1me\u2026<\/p>\n<p><em>Adam B. Barto\u0161, p\u0159edseda N\u00e1rodn\u00ed demokracie a l\u00eddr kandid\u00e1tky \u00dasteck\u00e9ho kraje Aliance n\u00e1rodn\u00edch sil<\/em><\/p>\n<\/div>\n<p><img decoding=\"async\" loading=\"lazy\" class=\"alignnone size-full wp-image-678\" src=\"http:\/\/www.infokuryr.cz\/n\/wp-content\/uploads\/2021\/04\/narodni_demokracie_logo.jpg\" alt=\"\" width=\"300\" height=\"85\" \/><\/p>\n<div class=\"entry-content\">\n<p>PS: D\u011bkuji za podporu, kterou jste n\u00e1m\u00a0<a href=\"https:\/\/2021.programydovoleb.cz\/predvolebni-anketa\/prubezne-vysledky\" target=\"_blank\" rel=\"noopener\"><em><strong>v t\u00e9to anket\u011b<\/strong><\/em><\/a>\u00a0ud\u011blili. Jsme na t\u0159et\u00edm m\u00edst\u011b a m\u00e1me t\u00e9m\u011b\u0159 stejnou podporu jako Voln\u00fd blok. Hlasujte d\u00e1l (pokud jste je\u0161t\u011b tento m\u011bs\u00edc nehlasovali) a pomozte n\u00e1m udr\u017eet tuto pozici \u2013 volit m\u016f\u017eete dokonce t\u0159i strany, tak dejte hlas i Alianci n\u00e1rodn\u00edch sil. Ale hlavn\u011b \u2013 8. a 9. \u0159\u00edjna u volebn\u00edch uren. \u010c\u00edslo sedm. D\u011bkujeme.<\/p>\n<p><img decoding=\"async\" loading=\"lazy\" class=\"alignnone  wp-image-12295 lazy-loaded\" src=\"https:\/\/narodnidemokracie.cz\/wp-content\/uploads\/2021\/09\/aliance_anketa.jpg\" sizes=\"(max-width: 1859px) 100vw, 1859px\" srcset=\"https:\/\/narodnidemokracie.cz\/wp-content\/uploads\/2021\/09\/aliance_anketa.jpg 1600w, https:\/\/narodnidemokracie.cz\/wp-content\/uploads\/2021\/09\/aliance_anketa-300x160.jpg 300w, https:\/\/narodnidemokracie.cz\/wp-content\/uploads\/2021\/09\/aliance_anketa-1024x545.jpg 1024w, https:\/\/narodnidemokracie.cz\/wp-content\/uploads\/2021\/09\/aliance_anketa-768x409.jpg 768w, https:\/\/narodnidemokracie.cz\/wp-content\/uploads\/2021\/09\/aliance_anketa-1536x818.jpg 1536w, https:\/\/narodnidemokracie.cz\/wp-content\/uploads\/2021\/09\/aliance_anketa-665x354.jpg 665w, https:\/\/narodnidemokracie.cz\/wp-content\/uploads\/2021\/09\/aliance_anketa-488x260.jpg 488w\" alt=\"\" width=\"736\" height=\"392\" data-lazy-type=\"image\" data-src=\"https:\/\/narodnidemokracie.cz\/wp-content\/uploads\/2021\/09\/aliance_anketa.jpg\" data-srcset=\"\" \/><\/p>\n<p>PS2: A jako v\u017edy vt\u00edpek z CD89.cz (podobn\u011b jako ilustra\u010dn\u00ed obr\u00e1zek):<\/p>\n<p><img decoding=\"async\" loading=\"lazy\" class=\"alignnone  wp-image-12294 lazy-loaded\" src=\"https:\/\/narodnidemokracie.cz\/wp-content\/uploads\/2021\/09\/blazni-a-letadlo.jpg\" sizes=\"(max-width: 1105px) 100vw, 1105px\" srcset=\"https:\/\/narodnidemokracie.cz\/wp-content\/uploads\/2021\/09\/blazni-a-letadlo.jpg 1105w, https:\/\/narodnidemokracie.cz\/wp-content\/uploads\/2021\/09\/blazni-a-letadlo-207x300.jpg 207w, https:\/\/narodnidemokracie.cz\/wp-content\/uploads\/2021\/09\/blazni-a-letadlo-707x1024.jpg 707w, https:\/\/narodnidemokracie.cz\/wp-content\/uploads\/2021\/09\/blazni-a-letadlo-768x1112.jpg 768w, https:\/\/narodnidemokracie.cz\/wp-content\/uploads\/2021\/09\/blazni-a-letadlo-1061x1536.jpg 1061w, https:\/\/narodnidemokracie.cz\/wp-content\/uploads\/2021\/09\/blazni-a-letadlo-1414x2048.jpg 1414w, https:\/\/narodnidemokracie.cz\/wp-content\/uploads\/2021\/09\/blazni-a-letadlo-665x963.jpg 665w, https:\/\/narodnidemokracie.cz\/wp-content\/uploads\/2021\/09\/blazni-a-letadlo-180x260.jpg 180w\" alt=\"\" width=\"713\" height=\"1032\" data-lazy-type=\"image\" data-src=\"https:\/\/narodnidemokracie.cz\/wp-content\/uploads\/2021\/09\/blazni-a-letadlo.jpg\" data-srcset=\"\" \/><\/p>\n<p>&nbsp;<\/p>\n<\/div>\n<div class=\"entry-utils group\">\n<p>&nbsp;<\/p>\n<\/div>\n","protected":false},"excerpt":{"rendered":"<p>P\u011bknou ned\u011bli v\u0161em, co \u010dtou tyto \u0159\u00e1dky. Minule jsem sl\u00edbil, \u017ee okomentuji knihu premi\u00e9ra Andreje&#8230;<\/p>\n","protected":false},"author":2,"featured_media":679,"comment_status":"closed","ping_status":"closed","sticky":false,"template":"","format":"standard","meta":[],"categories":[6],"tags":[367,29,27],"_links":{"self":[{"href":"https:\/\/www.infokuryr.cz\/n\/wp-json\/wp\/v2\/posts\/4706"}],"collection":[{"href":"https:\/\/www.infokuryr.cz\/n\/wp-json\/wp\/v2\/posts"}],"about":[{"href":"https:\/\/www.infokuryr.cz\/n\/wp-json\/wp\/v2\/types\/post"}],"author":[{"embeddable":true,"href":"https:\/\/www.infokuryr.cz\/n\/wp-json\/wp\/v2\/users\/2"}],"replies":[{"embeddable":true,"href":"https:\/\/www.infokuryr.cz\/n\/wp-json\/wp\/v2\/comments?post=4706"}],"version-history":[{"count":0,"href":"https:\/\/www.infokuryr.cz\/n\/wp-json\/wp\/v2\/posts\/4706\/revisions"}],"wp:featuredmedia":[{"embeddable":true,"href":"https:\/\/www.infokuryr.cz\/n\/wp-json\/wp\/v2\/media\/679"}],"wp:attachment":[{"href":"https:\/\/www.infokuryr.cz\/n\/wp-json\/wp\/v2\/media?parent=4706"}],"wp:term":[{"taxonomy":"category","embeddable":true,"href":"https:\/\/www.infokuryr.cz\/n\/wp-json\/wp\/v2\/categories?post=4706"},{"taxonomy":"post_tag","embeddable":true,"href":"https:\/\/www.infokuryr.cz\/n\/wp-json\/wp\/v2\/tags?post=4706"}],"curies":[{"name":"wp","href":"https:\/\/api.w.org\/{rel}","templated":true}]}}