{"id":4705,"date":"2021-09-13T03:18:03","date_gmt":"2021-09-13T01:18:03","guid":{"rendered":"http:\/\/www.infokuryr.cz\/n\/?p=4705"},"modified":"2021-09-13T03:18:03","modified_gmt":"2021-09-13T01:18:03","slug":"v-nemecku-uvedli-ze-polsky-prezident-duda-urazil-merkelovou-co-se-stalo","status":"publish","type":"post","link":"https:\/\/www.infokuryr.cz\/n\/2021\/09\/13\/v-nemecku-uvedli-ze-polsky-prezident-duda-urazil-merkelovou-co-se-stalo\/","title":{"rendered":"V N\u011bmecku uvedli, \u017ee polsk\u00fd prezident Duda urazil Merkelovou. Co se stalo?"},"content":{"rendered":"<div id=\"fb-root\"><\/div>\n<p><strong>Var\u0161ava nep\u0159iv\u00edtala n\u011bmeckou kancl\u00e9\u0159ku Angelu Merkelovou zrovna v\u0159ele. Polsk\u00fd prezident Andrzej Duda m\u011bl toti\u017e svou n\u011bmeckou kolegyni urazit t\u00edm, \u017ee se s n\u00ed odm\u00edtl setkat. Informoval o tom n\u011bmeck\u00fd den\u00edk Die Welt.<\/strong><\/p>\n<p>Autor novinov\u00e9ho\u00a0\u010dl\u00e1nku\u00a0Philip Fritz uvedl, \u017ee<strong>\u00a0setk\u00e1n\u00ed Merkelov\u00e9 a Dudy<\/strong>\u00a0podle n\u011bj bylo napl\u00e1nov\u00e1no p\u0159edem. Nicm\u00e9n\u011b, po p\u0159\u00edjezdu do Var\u0161avy musela n\u011bmeck\u00e1 kancl\u00e9\u0159ka zm\u011bnit program n\u00e1v\u0161t\u011bvy.<\/p>\n<p>\u201eSamoz\u0159ejm\u011b, \u017ee o n\u011bco pozd\u011bji dostala od premi\u00e9ra Mateusze Morawieckiho v parku \u0141azienki kytici kv\u011btin, ale prezident Duda, kter\u00fd je podle protokolu prvn\u00ed osobou ve st\u00e1t\u011b, Merkelovou nep\u0159iv\u00edtal,\u201c stoj\u00ed v publikaci.<\/p>\n<p>Den\u00edk Die Welt tak\u00e9 podotkl, \u017ee polsk\u00e1 m\u00e9dia ji\u017e n\u011bkolik dn\u00ed p\u0159ed p\u0159\u00edjezdem\u00a0Merkelov\u00e9\u00a0informovala, \u017ee by se setk\u00e1n\u00ed s Dudou nemuselo uskute\u010dnit. D\u016fvodem bylo to, \u017ee se Duda m\u011bl z\u00fa\u010dastnit vzpom\u00ednkov\u00fdch akc\u00ed v Katovic\u00edch.<\/p>\n<p>N\u00e1sledn\u011b novin\u00e1\u0159 zd\u016fraznil, \u017ee b\u011bhem \u201erozlu\u010dkov\u00e9ho turn\u00e9\u201c kancl\u00e9\u0159ku p\u0159ijali i prezidenti zem\u00ed mimo EU, l\u00eddr USA\u00a0Joe Biden\u00a0a b\u011blorusk\u00fd v\u016fdce Volodymyr Zelenskyj, zat\u00edmco nejvy\u0161\u0161\u00ed p\u0159edstavitel Polska se s n\u00ed odm\u00edtl setkat.<\/p>\n<p>Podle Fritze se polsk\u00e1 strana t\u00edmto zp\u016fsobem rozhodla reagovat na to, \u017ee Merkelov\u00e1 Dudu nepozvala na vl\u00e1dn\u00ed konzultace do Berl\u00edna. Novin\u00e1\u0159 tak\u00e9 konstatoval, \u017ee v \u017e\u00e1dn\u00e9 ze zem\u00ed EU se k Polsku nechovaj\u00ed tak chladn\u011b jako v N\u011bmecku, ale dodal, \u017ee\u00a0<strong>krok Var\u0161avy\u00a0<\/strong>je ur\u00e1\u017ekou sv\u011bd\u010d\u00edc\u00ed o konfliktu mezi ob\u011bma st\u00e1ty.<\/p>\n<p>V neposledn\u00ed \u0159ad\u011b se v \u010dl\u00e1nku objevila informace, \u017ee Polsko p\u0159edstihlo It\u00e1lii z hlediska objemu obchodu s N\u011bmeckem a obsadilo p\u00e1t\u00e9 m\u00edsto v seznamu obchodn\u00edch partner\u016f. V politick\u00e9m smyslu si ale Var\u0161ava a Berl\u00edn \u201enemaj\u00ed co \u0159\u00edct\u201c. Mezi zem\u011bmi je st\u00e1le v\u00edce neshod a polsk\u00e1 m\u00e9dia vykresluj\u00ed N\u011bmecko jako nep\u0159\u00edtele. Nav\u00edc se obecn\u011b ve Var\u0161av\u011b st\u00e1le \u010dast\u011bji diskutuje o mo\u017enosti vystoupen\u00ed z\u00a0Evropsk\u00e9 unie.<\/p>\n<p><a href=\"https:\/\/cz.sputniknews.com\/20210912\/v-nemecku-uvedli-ze-polsky-prezident-duda-urazil-merkelovou-co-se-stalo-15814632.html\">ZDROJ<\/a><\/p>\n<p>&nbsp;<\/p>\n","protected":false},"excerpt":{"rendered":"<p>Var\u0161ava nep\u0159iv\u00edtala n\u011bmeckou kancl\u00e9\u0159ku Angelu Merkelovou zrovna v\u0159ele. Polsk\u00fd prezident Andrzej Duda m\u011bl toti\u017e svou&#8230;<\/p>\n","protected":false},"author":2,"featured_media":2155,"comment_status":"closed","ping_status":"closed","sticky":false,"template":"","format":"standard","meta":[],"categories":[7],"tags":[505,84,31],"_links":{"self":[{"href":"https:\/\/www.infokuryr.cz\/n\/wp-json\/wp\/v2\/posts\/4705"}],"collection":[{"href":"https:\/\/www.infokuryr.cz\/n\/wp-json\/wp\/v2\/posts"}],"about":[{"href":"https:\/\/www.infokuryr.cz\/n\/wp-json\/wp\/v2\/types\/post"}],"author":[{"embeddable":true,"href":"https:\/\/www.infokuryr.cz\/n\/wp-json\/wp\/v2\/users\/2"}],"replies":[{"embeddable":true,"href":"https:\/\/www.infokuryr.cz\/n\/wp-json\/wp\/v2\/comments?post=4705"}],"version-history":[{"count":0,"href":"https:\/\/www.infokuryr.cz\/n\/wp-json\/wp\/v2\/posts\/4705\/revisions"}],"wp:featuredmedia":[{"embeddable":true,"href":"https:\/\/www.infokuryr.cz\/n\/wp-json\/wp\/v2\/media\/2155"}],"wp:attachment":[{"href":"https:\/\/www.infokuryr.cz\/n\/wp-json\/wp\/v2\/media?parent=4705"}],"wp:term":[{"taxonomy":"category","embeddable":true,"href":"https:\/\/www.infokuryr.cz\/n\/wp-json\/wp\/v2\/categories?post=4705"},{"taxonomy":"post_tag","embeddable":true,"href":"https:\/\/www.infokuryr.cz\/n\/wp-json\/wp\/v2\/tags?post=4705"}],"curies":[{"name":"wp","href":"https:\/\/api.w.org\/{rel}","templated":true}]}}