{"id":47044,"date":"2024-02-15T00:45:13","date_gmt":"2024-02-14T23:45:13","guid":{"rendered":"http:\/\/www.infokuryr.cz\/n\/?p=47044"},"modified":"2024-02-14T16:02:08","modified_gmt":"2024-02-14T15:02:08","slug":"rakousko-zahajuje-deportaci-nejmene-6000-migrantu-do-bulharska-kazdodennimi-lety","status":"publish","type":"post","link":"https:\/\/www.infokuryr.cz\/n\/2024\/02\/15\/rakousko-zahajuje-deportaci-nejmene-6000-migrantu-do-bulharska-kazdodennimi-lety\/","title":{"rendered":"Rakousko zahajuje deportaci nejm\u00e9n\u011b 6000 migrant\u016f do Bulharska ka\u017edodenn\u00edmi lety"},"content":{"rendered":"<div id=\"fb-root\"><\/div>\n<p><span style=\"font-size: 18pt;\"><strong>Bulharsko chce pln\u011b vstoupit do schengensk\u00e9ho prostoru, ale pokud bude cht\u00edt vstoupit, bude muset p\u0159ijmout zp\u011bt tis\u00edce migrant\u016f z Rakouska<\/strong><\/span><\/p>\n<p><span>V \u00fater\u00fd v Sofii p\u0159ist\u00e1la dv\u011b charterov\u00e1 letadla z Rakouska, jedno r\u00e1no a jedno odpoledne. Osm a\u017e deset\u00a0<\/span><a class=\"ek-link\" href=\"https:\/\/magyarnemzet.hu\/kulfold\/2024\/02\/ausztria-megkezdte-a-migransok-visszatoloncolasat-bulgariaba\"><span>migrant\u016f<\/span><\/a><span>\u00a0\u00fadajn\u011b p\u0159ilet\u011blo rann\u00edm letem a 18 odpoledn\u00edm, ale p\u0159esn\u00fd po\u010det nebyl zve\u0159ejn\u011bn.<\/span><\/p>\n<p><span>Podle stru\u010dn\u00e9ho prohl\u00e1\u0161en\u00ed bulharsk\u00e9ho ministerstva vnitra na tom nen\u00ed nic neobvykl\u00e9ho, let byl \u201erutinn\u00ed\u201c a uprchl\u00edci p\u0159il\u00e9tali v souladu s Dublinskou \u00famluvou. Letadlo bylo \u00fadajn\u011b na cest\u011b ze sofijsk\u00e9ho leti\u0161t\u011b do Gruzie, kam se vr\u00e1t\u00ed v\u011bt\u0161ina migrant\u016f na palub\u011b.<\/span><\/p>\n<p><span>Podle opozi\u010dn\u00edho port\u00e1lu Pik.bg se rann\u00ed v\u00edde\u0148sk\u00fd charter zpozdil o hodinu pot\u00e9, co byl let vy\u0159azen z leti\u0161tn\u00edho syst\u00e9mu letov\u00fdch \u0159\u00e1d\u016f. Po p\u0159ist\u00e1n\u00ed bylo pozemn\u00edm odbavovac\u00edm pracovn\u00edk\u016fm zak\u00e1z\u00e1no let obsluhovat. Vpu\u0161t\u011bna byla pouze pohrani\u010dn\u00ed policie, uprchl\u00edci byli schov\u00e1ni za z\u00e1st\u011bnami. Podle ma\u010farsk\u00e9ho listu\u00a0<\/span><a class=\"ek-link\" href=\"https:\/\/magyarnemzet.hu\/kulfold\/2024\/02\/ausztria-megkezdte-a-migransok-visszatoloncolasat-bulgariaba\"><span>Magyar Nemzet<\/span><\/a><span>\u00a0je pak z leti\u0161tn\u00ed dr\u00e1hy p\u0159evezl autobus .<\/span><\/p>\n<p><span>Ve 13:00 p\u0159ilet\u011bl dal\u0161\u00ed let na trase Brusel-Z\u00e1h\u0159eb-Sofie a tento charterov\u00fd let byl tak\u00e9 vy\u0159azen z leti\u0161tn\u00edho letov\u00e9ho \u0159\u00e1du. Zpravodajsk\u00fd port\u00e1l vyj\u00e1d\u0159il obavu, \u017ee v p\u0159\u00ed\u0161t\u00edch dnech, t\u00fddnech a m\u011bs\u00edc\u00edch p\u0159istanou bez pov\u0161imnut\u00ed dv\u011b a\u017e t\u0159i letadla denn\u011b, dokud nebude deportov\u00e1no nejm\u00e9n\u011b 6000 migrant\u016f. Nen\u00ed zn\u00e1mo, kde budou tito migranti \u017e\u00edt, kdo je bude podporovat, ani co p\u0159esn\u011b se s nimi stane.<\/span><\/p>\n<p><span>&#8222;Neoliber\u00e1ln\u00ed vl\u00e1da n\u00e1s nep\u0159ivedla do schengensk\u00e9ho prostoru, ale zaplavuje na\u0161i zemi migranty,&#8220; \u0159ekl dnes b\u00fdval\u00fd m\u00edstop\u0159edseda vl\u00e1dy a ministr obrany Kra\u0161imir Karaka\u010danov. \u0158ekl, \u017ee jen v roce 2023 bude zadr\u017eeno a zaregistrov\u00e1no 15 000 migrant\u016f, z nich\u017e t\u0159i \u010dtvrtiny ji\u017e nejsou v zemi.<\/span><\/p>\n<p><span>\u201eVzhledem k tomu, \u017ee p\u0159\u00edliv migrant\u016f trv\u00e1 osm a\u017e dev\u011bt let a ka\u017ed\u00fd rok je registrov\u00e1no p\u011bt a\u017e \u0161est tis\u00edc lid\u00ed, m\u016f\u017eeme o\u010dek\u00e1vat, \u017ee se vr\u00e1t\u00ed 50 000 lid\u00ed. To by bylo pro Bulharsko s klesaj\u00edc\u00edm a st\u00e1rnouc\u00edm obyvatelstvem katastrof\u00e1ln\u00ed. Tis\u00edce migrant\u016f ohro\u017euj\u00ed n\u00e1rodn\u00ed bezpe\u010dnost a samy o sob\u011b povedou k dal\u0161\u00edmu demografick\u00e9mu kolapsu,\u201c \u0159ekl Karaka\u010danov.<\/span><\/p>\n<p><span>Mezit\u00edm se na termin\u00e1lu 2 leti\u0161t\u011b shroma\u017e\u010fuj\u00ed ob\u010dan\u00e9, kte\u0159\u00ed jsou pobou\u0159eni deportac\u00ed zp\u011bt do zem\u011b a podm\u00ednkami, za kter\u00fdch liber\u00e1ln\u00ed Denkov\u016fv kabinet souhlasil s \u00fapln\u00fdm p\u0159ijet\u00edm Bulharska do schengensk\u00e9ho prostoru, tedy bez jak\u00fdchkoli kontrol na n\u00e1mo\u0159n\u00edch a vzdu\u0161n\u00fdch hranic\u00edch.<\/span><\/p>\n<p><img decoding=\"async\" loading=\"lazy\" class=\"alignnone size-full wp-image-1185\" src=\"http:\/\/www.infokuryr.cz\/n\/wp-content\/uploads\/2021\/04\/kuryr-podpis.png\" alt=\"\" width=\"84\" height=\"24\" \/><\/p>\n<p>&nbsp;<\/p>\n<p>&nbsp;<\/p>\n","protected":false},"excerpt":{"rendered":"<p>Bulharsko chce pln\u011b vstoupit do schengensk\u00e9ho prostoru, ale pokud bude cht\u00edt vstoupit, bude muset p\u0159ijmout&#8230;<\/p>\n","protected":false},"author":2,"featured_media":47045,"comment_status":"closed","ping_status":"closed","sticky":false,"template":"","format":"standard","meta":[],"categories":[7],"tags":[190,989,120],"_links":{"self":[{"href":"https:\/\/www.infokuryr.cz\/n\/wp-json\/wp\/v2\/posts\/47044"}],"collection":[{"href":"https:\/\/www.infokuryr.cz\/n\/wp-json\/wp\/v2\/posts"}],"about":[{"href":"https:\/\/www.infokuryr.cz\/n\/wp-json\/wp\/v2\/types\/post"}],"author":[{"embeddable":true,"href":"https:\/\/www.infokuryr.cz\/n\/wp-json\/wp\/v2\/users\/2"}],"replies":[{"embeddable":true,"href":"https:\/\/www.infokuryr.cz\/n\/wp-json\/wp\/v2\/comments?post=47044"}],"version-history":[{"count":0,"href":"https:\/\/www.infokuryr.cz\/n\/wp-json\/wp\/v2\/posts\/47044\/revisions"}],"wp:featuredmedia":[{"embeddable":true,"href":"https:\/\/www.infokuryr.cz\/n\/wp-json\/wp\/v2\/media\/47045"}],"wp:attachment":[{"href":"https:\/\/www.infokuryr.cz\/n\/wp-json\/wp\/v2\/media?parent=47044"}],"wp:term":[{"taxonomy":"category","embeddable":true,"href":"https:\/\/www.infokuryr.cz\/n\/wp-json\/wp\/v2\/categories?post=47044"},{"taxonomy":"post_tag","embeddable":true,"href":"https:\/\/www.infokuryr.cz\/n\/wp-json\/wp\/v2\/tags?post=47044"}],"curies":[{"name":"wp","href":"https:\/\/api.w.org\/{rel}","templated":true}]}}