{"id":47040,"date":"2024-02-15T00:42:18","date_gmt":"2024-02-14T23:42:18","guid":{"rendered":"http:\/\/www.infokuryr.cz\/n\/?p=47040"},"modified":"2024-02-14T15:50:24","modified_gmt":"2024-02-14T14:50:24","slug":"abnormalni-deti-oblecene-jako-prostitutky-pochoduji-na-karnevalu-s-duhovymi-vlajkami","status":"publish","type":"post","link":"https:\/\/www.infokuryr.cz\/n\/2024\/02\/15\/abnormalni-deti-oblecene-jako-prostitutky-pochoduji-na-karnevalu-s-duhovymi-vlajkami\/","title":{"rendered":"Abnorm\u00e1ln\u00ed: D\u011bti oble\u010den\u00e9 jako prostitutky pochoduj\u00ed na karnevalu s duhov\u00fdmi vlajkami"},"content":{"rendered":"<div id=\"fb-root\"><\/div>\n<p><strong><span>Zat\u00edmco v N\u011bmecku na karneval\u00a0<\/span><a href=\"https:\/\/report24.news\/fasching-steuergeld-gefoerdertes-institut-will-nicht-dass-maedchen-als-prinzessinnen-gehen\/\"><span>za\u010d\u00ednaj\u00ed<\/span><\/a><span> debaty o p\u0159\u00edli\u0161 \u201egenderov\u011b stereotypn\u00edch\u201c kost\u00fdmech princezen , ve \u0160pan\u011blsku to zast\u00e1nci LGBTQ agendy nech\u00e1vaj\u00ed po\u0159\u00e1dn\u011b zabrat: Hol\u010di\u010dky ve spodn\u00edm pr\u00e1dle, p\u0159evle\u010den\u00e9 a nal\u00ed\u010den\u00e9 jako prostitutky, mohly pochodovat s duhovou vlajkou. Nahr\u00e1vky vyvolaly hr\u016fzu daleko za hranicemi zem\u011b.<\/span><\/strong><\/p>\n<p><span>Karnevalov\u00fd\u00a0<\/span><a href=\"https:\/\/thisistorrevieja.com\/2024\/01\/12\/torrevieja-carnival-2024-full-schedule\/\" target=\"_blank\" rel=\"noreferrer noopener\"><span>program v Torrevieja<\/span><\/a><span> , m\u011bst\u011b na jihov\u00fdchod\u011b \u0160pan\u011blska, ukazuje, pod \u010d\u00ed vlajkou zde pochoduj\u00ed: hrd\u011b propaguj\u00ed vystoupen\u00ed a galave\u010dery drag queens z cel\u00e9ho \u0160pan\u011blska. \u201eKocovina\u201c z herectv\u00ed drag queen, lid\u00e9 by pak vklouzli do kost\u00fdm\u016f a \u201efantazi\u00ed\u201c, na kter\u00fdch nad\u0161en\u011b pracovali rok, uv\u00e1d\u00ed web.<\/span><\/p>\n<p><strong><span style=\"font-size: 18pt;\">Tyto \u201efantazie\u201c pak vypadaj\u00ed takto:<\/span><\/strong><\/p>\n<figure class=\"wp-block-embed is-type-rich is-provider-twitter wp-block-embed-twitter\">\n<div class=\"wp-block-embed__wrapper\">\n<div class=\"twitter-tweet twitter-tweet-rendered\"><iframe id=\"twitter-widget-0\" class=\"\" title=\"X p\u0159\u00edsp\u011bvek\" src=\"https:\/\/platform.twitter.com\/embed\/Tweet.html?dnt=true&amp;embedId=twitter-widget-0&amp;features=eyJ0ZndfdGltZWxpbmVfbGlzdCI6eyJidWNrZXQiOltdLCJ2ZXJzaW9uIjpudWxsfSwidGZ3X2ZvbGxvd2VyX2NvdW50X3N1bnNldCI6eyJidWNrZXQiOnRydWUsInZlcnNpb24iOm51bGx9LCJ0ZndfdHdlZXRfZWRpdF9iYWNrZW5kIjp7ImJ1Y2tldCI6Im9uIiwidmVyc2lvbiI6bnVsbH0sInRmd19yZWZzcmNfc2Vzc2lvbiI6eyJidWNrZXQiOiJvbiIsInZlcnNpb24iOm51bGx9LCJ0ZndfZm9zbnJfc29mdF9pbnRlcnZlbnRpb25zX2VuYWJsZWQiOnsiYnVja2V0Ijoib24iLCJ2ZXJzaW9uIjpudWxsfSwidGZ3X21peGVkX21lZGlhXzE1ODk3Ijp7ImJ1Y2tldCI6InRyZWF0bWVudCIsInZlcnNpb24iOm51bGx9LCJ0ZndfZXhwZXJpbWVudHNfY29va2llX2V4cGlyYXRpb24iOnsiYnVja2V0IjoxMjA5NjAwLCJ2ZXJzaW9uIjpudWxsfSwidGZ3X3Nob3dfYmlyZHdhdGNoX3Bpdm90c19lbmFibGVkIjp7ImJ1Y2tldCI6Im9uIiwidmVyc2lvbiI6bnVsbH0sInRmd19kdXBsaWNhdGVfc2NyaWJlc190b19zZXR0aW5ncyI6eyJidWNrZXQiOiJvbiIsInZlcnNpb24iOm51bGx9LCJ0ZndfdXNlX3Byb2ZpbGVfaW1hZ2Vfc2hhcGVfZW5hYmxlZCI6eyJidWNrZXQiOiJvbiIsInZlcnNpb24iOm51bGx9LCJ0ZndfdmlkZW9faGxzX2R5bmFtaWNfbWFuaWZlc3RzXzE1MDgyIjp7ImJ1Y2tldCI6InRydWVfYml0cmF0ZSIsInZlcnNpb24iOm51bGx9LCJ0ZndfbGVnYWN5X3RpbWVsaW5lX3N1bnNldCI6eyJidWNrZXQiOnRydWUsInZlcnNpb24iOm51bGx9LCJ0ZndfdHdlZXRfZWRpdF9mcm9udGVuZCI6eyJidWNrZXQiOiJvbiIsInZlcnNpb24iOm51bGx9fQ%3D%3D&amp;frame=false&amp;hideCard=false&amp;hideThread=false&amp;id=1757367676882558979&amp;lang=cs&amp;origin=https%3A%2F%2Freport24.news%2Fabartig-als-prostituierte-verkleidete-kinder-marschieren-an-karneval-mit-regenbogenflaggen%2F&amp;sessionId=2336c6576270a12f9f28e07fa18970174980bbca&amp;theme=light&amp;widgetsVersion=2615f7e52b7e0%3A1702314776716&amp;width=550px\" frameborder=\"0\" scrolling=\"no\" allowfullscreen=\"allowfullscreen\" data-tweet-id=\"1757367676882558979\" data-mce-fragment=\"1\"><\/iframe><\/div>\n<\/div>\n<\/figure>\n<p><span>Nezletil\u00ed ve spodn\u00edm pr\u00e1dle tan\u010dili ulicemi s duhov\u00fdmi vlajkami:\u00a0<\/span><strong><span>oslava pro pedofily.<\/span><\/strong><span>\u00a0\u0158\u00edk\u00e1 se, \u017ee za to m\u016f\u017ee\u00a0skupina s n\u00e1zvem \u201e\u00a0<\/span><em><span>Osad\u00eda<\/span><\/em><span>\u00a0\u201c (\u201eAudacity\u201c). Kritika na sebe nenechala dlouho \u010dekat.\u00a0Ostr\u00e1 kritika je vyj\u00e1d\u0159ena\u00a0nejen na soci\u00e1ln\u00edch s\u00edt\u00edch, ale tak\u00e9 v\u00a0<\/span><a href=\"https:\/\/infovaticana.com\/2024\/02\/13\/escandalo-en-el-carnaval-de-torrevieja-desfilan-ninas-vestidas-como-si-fueran-prostitutas\/\" target=\"_blank\" rel=\"noreferrer noopener\"><span>r\u016fzn\u00fdch m\u00e9di\u00edch .<\/span><\/a><\/p>\n<p><strong><span>Starosta Eduardo Dol\u00f3n byl naopak pot\u011b\u0161en, \u017ee letos karneval v Torrevieji zaplavil \u201ejeho ulice magi\u00ed, barvami, hudbou a \u00fasm\u011bvy\u201c.<\/span><\/strong><span> Mezi jeho tweety je \u0159ada na\u0161tvan\u00fdch koment\u00e1\u0159\u016f. Jeden u\u017eivatel uk\u00e1zal na video z LGBTQ pr\u016fvodu a zeptal se Dol\u00f3na, zda chce jeho vl\u00e1da podporovat pedofilii. Jin\u00fd popsal Torrevieju jako nejlep\u0161\u00ed pr\u00e1zdninovou destinaci pro pedofily.<\/span><\/p>\n<figure class=\"wp-block-embed is-type-rich is-provider-twitter wp-block-embed-twitter\">\n<div class=\"wp-block-embed__wrapper\">\n<div class=\"twitter-tweet twitter-tweet-rendered\"><iframe id=\"twitter-widget-1\" class=\"\" title=\"X p\u0159\u00edsp\u011bvek\" src=\"https:\/\/platform.twitter.com\/embed\/Tweet.html?dnt=true&amp;embedId=twitter-widget-1&amp;features=eyJ0ZndfdGltZWxpbmVfbGlzdCI6eyJidWNrZXQiOltdLCJ2ZXJzaW9uIjpudWxsfSwidGZ3X2ZvbGxvd2VyX2NvdW50X3N1bnNldCI6eyJidWNrZXQiOnRydWUsInZlcnNpb24iOm51bGx9LCJ0ZndfdHdlZXRfZWRpdF9iYWNrZW5kIjp7ImJ1Y2tldCI6Im9uIiwidmVyc2lvbiI6bnVsbH0sInRmd19yZWZzcmNfc2Vzc2lvbiI6eyJidWNrZXQiOiJvbiIsInZlcnNpb24iOm51bGx9LCJ0ZndfZm9zbnJfc29mdF9pbnRlcnZlbnRpb25zX2VuYWJsZWQiOnsiYnVja2V0Ijoib24iLCJ2ZXJzaW9uIjpudWxsfSwidGZ3X21peGVkX21lZGlhXzE1ODk3Ijp7ImJ1Y2tldCI6InRyZWF0bWVudCIsInZlcnNpb24iOm51bGx9LCJ0ZndfZXhwZXJpbWVudHNfY29va2llX2V4cGlyYXRpb24iOnsiYnVja2V0IjoxMjA5NjAwLCJ2ZXJzaW9uIjpudWxsfSwidGZ3X3Nob3dfYmlyZHdhdGNoX3Bpdm90c19lbmFibGVkIjp7ImJ1Y2tldCI6Im9uIiwidmVyc2lvbiI6bnVsbH0sInRmd19kdXBsaWNhdGVfc2NyaWJlc190b19zZXR0aW5ncyI6eyJidWNrZXQiOiJvbiIsInZlcnNpb24iOm51bGx9LCJ0ZndfdXNlX3Byb2ZpbGVfaW1hZ2Vfc2hhcGVfZW5hYmxlZCI6eyJidWNrZXQiOiJvbiIsInZlcnNpb24iOm51bGx9LCJ0ZndfdmlkZW9faGxzX2R5bmFtaWNfbWFuaWZlc3RzXzE1MDgyIjp7ImJ1Y2tldCI6InRydWVfYml0cmF0ZSIsInZlcnNpb24iOm51bGx9LCJ0ZndfbGVnYWN5X3RpbWVsaW5lX3N1bnNldCI6eyJidWNrZXQiOnRydWUsInZlcnNpb24iOm51bGx9LCJ0ZndfdHdlZXRfZWRpdF9mcm9udGVuZCI6eyJidWNrZXQiOiJvbiIsInZlcnNpb24iOm51bGx9fQ%3D%3D&amp;frame=false&amp;hideCard=false&amp;hideThread=false&amp;id=1756488269888377167&amp;lang=cs&amp;origin=https%3A%2F%2Freport24.news%2Fabartig-als-prostituierte-verkleidete-kinder-marschieren-an-karneval-mit-regenbogenflaggen%2F&amp;sessionId=2336c6576270a12f9f28e07fa18970174980bbca&amp;theme=light&amp;widgetsVersion=2615f7e52b7e0%3A1702314776716&amp;width=550px\" frameborder=\"0\" scrolling=\"no\" allowfullscreen=\"allowfullscreen\" data-tweet-id=\"1756488269888377167\" data-mce-fragment=\"1\"><\/iframe><\/div>\n<\/div>\n<\/figure>\n<p><span>Zd\u00e1 se, \u017ee mor\u00e1ln\u00ed \u00fapadek se celosv\u011btov\u011b zrychluje. Nechce se ani domyslet, \u010deho cht\u011bli odpov\u011bdn\u00ed lid\u00e9 touto sexualizac\u00ed mal\u00fdch d\u011bt\u00ed dos\u00e1hnout a jak\u00e1 psychick\u00e1 nemoc postihla rodi\u010de, kte\u0159\u00ed umo\u017enili \u00fa\u010dast sv\u00fdm dcer\u00e1m (nebo snad dokonce cht\u011bli, aby se \u00fa\u010dastnily pr\u00e1v\u011b t\u00e9to skupiny). Propagace takov\u00fdch zvr\u00e1cenost\u00ed LGBTQ p\u0159\u00edznivc\u016f jako symbolu \u201etolerance\u201c nen\u00ed jen ob\u017ealoba, ale zd\u00e1 se b\u00fdt zlo\u010dinn\u00e1.<\/span><\/p>\n<p><span style=\"font-size: 10pt;\"><em><strong>\u00davodn\u00ed obr\u00e1zek:<\/strong> Pozad\u00ed: freepik \/ Sn\u00edmek obrazovky: https:\/\/twitter.com\/V_of_Europe\/status\/1757367676882558979<\/em><\/span><\/p>\n<p><img decoding=\"async\" loading=\"lazy\" class=\"alignnone size-full wp-image-1185\" src=\"http:\/\/www.infokuryr.cz\/n\/wp-content\/uploads\/2021\/04\/kuryr-podpis.png\" alt=\"\" width=\"84\" height=\"24\" \/><\/p>\n","protected":false},"excerpt":{"rendered":"<p>Zat\u00edmco v N\u011bmecku na karneval\u00a0za\u010d\u00ednaj\u00ed debaty o p\u0159\u00edli\u0161 \u201egenderov\u011b stereotypn\u00edch\u201c kost\u00fdmech princezen , ve \u0160pan\u011blsku&#8230;<\/p>\n","protected":false},"author":2,"featured_media":47041,"comment_status":"closed","ping_status":"closed","sticky":false,"template":"","format":"standard","meta":[],"categories":[7],"tags":[245,206,4469,4617],"_links":{"self":[{"href":"https:\/\/www.infokuryr.cz\/n\/wp-json\/wp\/v2\/posts\/47040"}],"collection":[{"href":"https:\/\/www.infokuryr.cz\/n\/wp-json\/wp\/v2\/posts"}],"about":[{"href":"https:\/\/www.infokuryr.cz\/n\/wp-json\/wp\/v2\/types\/post"}],"author":[{"embeddable":true,"href":"https:\/\/www.infokuryr.cz\/n\/wp-json\/wp\/v2\/users\/2"}],"replies":[{"embeddable":true,"href":"https:\/\/www.infokuryr.cz\/n\/wp-json\/wp\/v2\/comments?post=47040"}],"version-history":[{"count":0,"href":"https:\/\/www.infokuryr.cz\/n\/wp-json\/wp\/v2\/posts\/47040\/revisions"}],"wp:featuredmedia":[{"embeddable":true,"href":"https:\/\/www.infokuryr.cz\/n\/wp-json\/wp\/v2\/media\/47041"}],"wp:attachment":[{"href":"https:\/\/www.infokuryr.cz\/n\/wp-json\/wp\/v2\/media?parent=47040"}],"wp:term":[{"taxonomy":"category","embeddable":true,"href":"https:\/\/www.infokuryr.cz\/n\/wp-json\/wp\/v2\/categories?post=47040"},{"taxonomy":"post_tag","embeddable":true,"href":"https:\/\/www.infokuryr.cz\/n\/wp-json\/wp\/v2\/tags?post=47040"}],"curies":[{"name":"wp","href":"https:\/\/api.w.org\/{rel}","templated":true}]}}