{"id":47022,"date":"2024-02-15T00:32:24","date_gmt":"2024-02-14T23:32:24","guid":{"rendered":"http:\/\/www.infokuryr.cz\/n\/?p=47022"},"modified":"2024-02-14T11:38:03","modified_gmt":"2024-02-14T10:38:03","slug":"andrew-korybko-udajne-planovany-vyslanec-g7-na-ukrajine-by-mel-byt-poveren-provadenim-davoske-agendy","status":"publish","type":"post","link":"https:\/\/www.infokuryr.cz\/n\/2024\/02\/15\/andrew-korybko-udajne-planovany-vyslanec-g7-na-ukrajine-by-mel-byt-poveren-provadenim-davoske-agendy\/","title":{"rendered":"Andrew Korybko: \u00dadajn\u011b pl\u00e1novan\u00fd vyslanec G7 na Ukrajin\u011b by m\u011bl b\u00fdt pov\u011b\u0159en prov\u00e1d\u011bn\u00edm davosk\u00e9 agendy"},"content":{"rendered":"<div id=\"fb-root\"><\/div>\n<div class=\"available-content\">\n<div class=\"body markup\" dir=\"auto\">\n<p><strong><span>Za dva roky od zah\u00e1jen\u00ed speci\u00e1ln\u00ed operace se toho stalo tolik, \u017ee mnoho lid\u00ed bu\u010f vynechalo, nebo na to zapomn\u011blo, co Zelensky \u0159ekl Sv\u011btov\u00e9mu ekonomick\u00e9mu f\u00f3ru v Davosu v kv\u011btnu 2022.<\/span><\/strong><\/p>\n<p><span>\u0160\u00e9f rusk\u00e9 zahrani\u010dn\u00ed \u0161pion\u00e1\u017ee (SVR) Sergej Nary\u0161kin\u00a0<\/span><a href=\"http:\/\/svr.gov.ru\/smi\/2024\/02\/zapad-gotovitsya-naznachit-namestnika-na-ukraine.htm\" rel=\"\"><span>ned\u00e1vno prozradil\u00a0<\/span><\/a><span>, \u017ee G7 pl\u00e1nuje jmenovat zvl\u00e1\u0161tn\u00edho vyslance na\u00a0<\/span><a href=\"https:\/\/thealtworld.com\/andrew_korybko\/natos-proxy-war-on-russia-through-ukraine-appears-to-be-winding-down\" rel=\"\"><span>Ukrajin\u011b\u00a0<\/span><\/a><span>, kter\u00fd by fungoval jako de facto guvern\u00e9r, jeho\u017e \u00fakolem je zajistit, aby elita re\u017eimu z\u016fstala loaj\u00e1ln\u00ed k Z\u00e1padu, m\u00edsto aby p\u0159e\u0161la k Rusku. \u0160\u00e9f NATO Jens Stoltenberg je \u00fadajn\u011b tipov\u00e1n na tuto pozici pot\u00e9, co <\/span><a href=\"https:\/\/www.theguardian.com\/world\/2023\/jul\/04\/jens-stoltenberg-to-stay-as-nato-chief-for-another-year\" rel=\"\"><span>v \u0159\u00edjnu vypr\u0161\u00ed jeho funk\u010dn\u00ed obdob\u00ed\u00a0<\/span><\/a><span>, ale bez ohledu na to, kdo to skon\u010d\u00ed, jejich role bude pravd\u011bpodobn\u011b v\u00edce ne\u017e cokoliv jin\u00e9ho spo\u010d\u00edvat v prov\u00e1d\u011bn\u00ed davosk\u00e9 agendy.<\/span><\/p>\n<p><span>G7 je ekonomick\u00fd blok, nikoli vojensk\u00fd nebo politick\u00fd, tak\u017ee jej\u00ed \u00fadajn\u011b pl\u00e1novan\u00fd zvl\u00e1\u0161tn\u00ed vyslanec by se p\u0159irozen\u011b v\u00edce zam\u011b\u0159il na tento druh pr\u00e1ce, i kdy\u017e by samoz\u0159ejm\u011b v\u017edy mohli prov\u00e1d\u011bt n\u011bjak\u00e9 tajn\u00e9 aktivity toho druhu, o kter\u00e9m psal Nary\u0161kin. O americk\u00e9 ambas\u00e1d\u011b je nav\u00edc zn\u00e1mo, \u017ee je nejvy\u0161\u0161\u00ed neokoloni\u00e1ln\u00ed z\u00e1kladnou v Kyjev\u011b, a \u0161\u00e9f rusk\u00fdch zahrani\u010dn\u00edch \u0161pion\u016f nevysv\u011btlil, pro\u010d by v tomto ohledu dobrovoln\u011b p\u0159ed\u00e1val \u010d\u00e1st sv\u00e9 pravomoci neamerick\u00e9mu z\u00e1stupci vazalsk\u00e9 organizace.<\/span><\/p>\n<p><span>V\u00fd\u0161e uveden\u00e1 pozorov\u00e1n\u00ed nejsou sd\u00edlena se z\u00e1m\u011brem zpochybnit zpravodajsk\u00e9 informace jeho slu\u017eby, ale za \u00fa\u010delem zaveden\u00ed jin\u00e9ho v\u00fdkladu toho, \u010deho by tyto nahl\u00e1\u0161en\u00e9 pl\u00e1ny mohly dos\u00e1hnout. Za dva roky od zah\u00e1jen\u00ed\u00a0<\/span><a href=\"https:\/\/astutenews.com\/2022\/03\/russia-is-waging-an-existential-struggle-in-defense-of-its-independence-sovereignty\/\" rel=\"\"><span>speci\u00e1ln\u00ed\u00a0<\/span><\/a><span><a href=\"https:\/\/korybko.substack.com\/p\/20-constructive-critiques-about-russias\" rel=\"\">operace\u00a0<\/a>se toho stalo tolik,\u00a0\u017ee mnoho lid\u00ed bu\u010f vynechalo, nebo na to zapomn\u011blo, co Zelensky \u0159ekl Sv\u011btov\u00e9mu ekonomick\u00e9mu f\u00f3ru v Davosu v kv\u011btnu 2022.<\/span><\/p>\n<p><a href=\"https:\/\/www.president.gov.ua\/en\/news\/mayemo-ne-boyatisya-stvoryuvati-novi-precedenti-vistup-prezi-75293#:~:text=we%20offer%20a,patronage%20in%20reconstruction.\" rel=\"\"><span>Podle jeho slov\u00a0<\/span><\/a><span>\u201enab\u00edz\u00edme speci\u00e1ln\u00ed \u2013 historicky v\u00fdznamn\u00fd \u2013 model rekonstrukce. Kdy ka\u017ed\u00e1 z partnersk\u00fdch zem\u00ed nebo partnersk\u00fdch m\u011bst nebo partnersk\u00fdch spole\u010dnost\u00ed bude m\u00edt p\u0159\u00edle\u017eitost \u2013 historickou \u2013 p\u0159evz\u00edt patron\u00e1t nad ur\u010dit\u00fdm regionem Ukrajiny, m\u011bstem, komunitou nebo pr\u016fmyslem. Brit\u00e1nie, D\u00e1nsko, Evropsk\u00e1 unie a dal\u0161\u00ed p\u0159edn\u00ed mezin\u00e1rodn\u00ed akt\u00e9\u0159i si ji\u017e zvolili konkr\u00e9tn\u00ed sm\u011br pro patronaci p\u0159i rekonstrukci.<\/span><\/p>\n<p><a href=\"https:\/\/astutenews.com\/2022\/06\/zelenskys-davos-speech-should-alarm-all-peace-loving-people-in-the-world\/\" rel=\"\"><span>Tehdy se zde\u00a0<\/span><\/a><span>analyzovalo\u00a0<\/span><span>, \u017ee \u201eekonomick\u00fd kol\u00e1\u010d si rozd\u011bl\u00ed r\u016fzn\u00e9 zem\u011b mezi sebou\u2026Ned\u00e1 se to popsat jinak ne\u017e vyvol\u00e1n\u00edm takzvan\u00e9ho \u201atah\u00e1n\u00ed\u2018 pro c\u00edlov\u00e9 zem\u011b (nebo z\u00e1stupn\u00e9 zem\u011b jako v p\u0159\u00edpad\u011b Ukrajiny) podobn\u00e9 na ten nechvaln\u011b zn\u00e1m\u00fd v Africe koncem 19. stolet\u00ed. Tato sm\u011bs neo- a tradi\u010dn\u00edho imperialismu potvrzuje, \u017ee Z\u00e1pad veden\u00fd USA se vrac\u00ed ke sv\u00fdm historick\u00fdm z\u00e1klad\u016fm, \u017ee se u\u017e ani nepokou\u0161\u00ed skr\u00fdvat sv\u00e9 hegemonick\u00e9 z\u00e1m\u011bry p\u0159ed ostatn\u00edmi.<\/span><\/p>\n<p><span>Od t\u00e9 doby se Kontaktn\u00ed linie do zna\u010dn\u00e9 m\u00edry stabilizovala a je vysok\u00e1 pravd\u011bpodobnost, \u017ee bu\u010f NATO jako celek, nebo Polsko samo o sob\u011b s podporou bloku konven\u010dn\u011b zas\u00e1hne v p\u0159\u00edpad\u011b rusk\u00e9ho pr\u016flomu, aby nakreslilo \u010dervenou \u010d\u00e1ru na p\u00edsek co nejd\u00e1le na v\u00fdchod. To znamen\u00e1, \u017ee podm\u00ednky jsou pro zahrani\u010dn\u00ed investory mnohem pohodln\u011bj\u0161\u00ed ne\u017e kdykoli p\u0159edt\u00edm, a proto G7 nyn\u00ed \u00fadajn\u011b zva\u017euje jmenov\u00e1n\u00ed zvl\u00e1\u0161tn\u00edho vyslance na Ukrajin\u011b, aby up\u0159ednostnil Zelensk\u00e9ho pl\u00e1n.<\/span><\/p>\n<p><span>Nav\u00edc\u00a0<\/span><a href=\"https:\/\/korybko.substack.com\/p\/polands-economic-subordination-to\" rel=\"\"><span>se Polsko pr\u00e1v\u011b pod\u0159\u00eddilo N\u011bmecku\u00a0<\/span><\/a><span>pod vracej\u00edc\u00edm se premi\u00e9rem Donaldem Tuskem, tak\u017ee Berl\u00edn si nyn\u00ed m\u016f\u017ee vz\u00edt je\u0161t\u011b v\u011bt\u0161\u00ed kus ukrajinsk\u00e9ho kol\u00e1\u010de ne\u017e d\u0159\u00edve, a p\u0159itom d\u00e1t Var\u0161av\u011b m\u00e9n\u011b, ne\u017e jej\u00ed p\u0159edchoz\u00ed konzervativn\u011b-nacionalistick\u00e1 vl\u00e1da, kter\u00e1 o\u010dek\u00e1vala <\/span><a href=\"https:\/\/korybko.substack.com\/p\/heres-how-poland-is-slyly-taking\" rel=\"\"><span>tak masivn\u011b investovat na z\u00e1padn\u00ed Ukrajin\u011b <\/span><\/a><span>. Pro <\/span><span>n\u011bmeck\u00e9ho v\u016fdce je proto pro <\/span><a href=\"https:\/\/korybko.substack.com\/p\/germany-is-rebuilding-fortress-europe\" rel=\"\"><span>pevnost Evropu \u201c a <\/span><\/a><span><a href=\"https:\/\/astutenews.com\/2022\/02\/the-anglo-american-axis-is-hellbent-on-destabilizing-eurasia\/\" rel=\"\">anglo-americkou osu <\/a>p\u0159ipravena sc\u00e9na , aby si Ukrajinu rozd\u011blily mezi sebe a zb\u00fdvaj\u00edc\u00ed drobky rozd\u011blily sv\u00fdm p\u0159\u00edslu\u0161n\u00fdm vazal\u016fm.<\/span><\/p>\n<p><span>Jako prost\u0159edek k tomuto \u00fa\u010delu je rozumn\u00e9, aby G7 jmenovala zvl\u00e1\u0161tn\u00edho vyslance, kter\u00fd by m\u011bl za \u00fakol implementovat tuto dimenzi davosk\u00e9 agendy, na kterou tolik pozorovatel\u016f zapomn\u011blo, ale kter\u00e1 nikdy neopustila mysl t\u011bch t\u0159\u00ed rozhoduj\u00edc\u00edch \u010dinitel\u016f, kte\u0159\u00ed m\u011bli jejich o\u010di na tuto cenu celou dobu. Americk\u00e1 ambas\u00e1da u\u017e m\u00e1 pln\u00e9 ruce pr\u00e1ce s multi-managementem ukrajinsk\u00fdch vojensk\u00fdch a politick\u00fdch z\u00e1le\u017eitost\u00ed, co\u017e je d\u016fvod, pro\u010d by mohlo schv\u00e1lit, aby j\u00ed tato vazalsk\u00e1 organizace pom\u00e1hala \u0159\u00eddit ekonomick\u00e9 z\u00e1le\u017eitosti t\u00e9to zem\u011b.<\/span><\/p>\n<\/div>\n<\/div>\n<div class=\"pencraft pc-display-flex pc-paddingTop-16 pc-paddingBottom-16 pc-reset frontend-pencraft-Box-module__border-top-detail-themed--e17yZ\">\n<div class=\"pencraft pc-display-flex pc-gap-8 pc-alignItems-center frontend-pencraft-Box-module__flexGrow--mx4xz pc-reset facepile\">\n<div class=\"pencraft pc-reset frontend-pencraft-Text-module__line-height-20--p0dP8 frontend-pencraft-Text-module__font-text--QmNJR frontend-pencraft-Text-module__size-13--XwZ4Q frontend-pencraft-Text-module__weight-regular--gZeOD frontend-pencraft-Text-module__reset--dW0zZ\"><a href=\"https:\/\/korybko.substack.com\/p\/the-reportedly-planned-g7-envoy-to\">Andrew Korybko<\/a><\/div>\n<div>\n<img decoding=\"async\" loading=\"lazy\" class=\"alignnone  wp-image-22017\" src=\"http:\/\/www.infokuryr.cz\/n\/wp-content\/uploads\/2023\/01\/andrew-korybko-300x300.jpg\" alt=\"\" width=\"195\" height=\"195\" srcset=\"https:\/\/www.infokuryr.cz\/n\/wp-content\/uploads\/2023\/01\/andrew-korybko-300x300.jpg 300w, https:\/\/www.infokuryr.cz\/n\/wp-content\/uploads\/2023\/01\/andrew-korybko-150x150.jpg 150w, https:\/\/www.infokuryr.cz\/n\/wp-content\/uploads\/2023\/01\/andrew-korybko.jpg 400w\" sizes=\"(max-width: 195px) 100vw, 195px\" \/><\/div>\n<\/div>\n<\/div>\n<div><\/div>\n<div><\/div>\n<div><\/div>\n","protected":false},"excerpt":{"rendered":"<p>Za dva roky od zah\u00e1jen\u00ed speci\u00e1ln\u00ed operace se toho stalo tolik, \u017ee mnoho lid\u00ed bu\u010f&#8230;<\/p>\n","protected":false},"author":2,"featured_media":47023,"comment_status":"closed","ping_status":"closed","sticky":false,"template":"","format":"standard","meta":[],"categories":[7],"tags":[1042,323,26,365],"_links":{"self":[{"href":"https:\/\/www.infokuryr.cz\/n\/wp-json\/wp\/v2\/posts\/47022"}],"collection":[{"href":"https:\/\/www.infokuryr.cz\/n\/wp-json\/wp\/v2\/posts"}],"about":[{"href":"https:\/\/www.infokuryr.cz\/n\/wp-json\/wp\/v2\/types\/post"}],"author":[{"embeddable":true,"href":"https:\/\/www.infokuryr.cz\/n\/wp-json\/wp\/v2\/users\/2"}],"replies":[{"embeddable":true,"href":"https:\/\/www.infokuryr.cz\/n\/wp-json\/wp\/v2\/comments?post=47022"}],"version-history":[{"count":0,"href":"https:\/\/www.infokuryr.cz\/n\/wp-json\/wp\/v2\/posts\/47022\/revisions"}],"wp:featuredmedia":[{"embeddable":true,"href":"https:\/\/www.infokuryr.cz\/n\/wp-json\/wp\/v2\/media\/47023"}],"wp:attachment":[{"href":"https:\/\/www.infokuryr.cz\/n\/wp-json\/wp\/v2\/media?parent=47022"}],"wp:term":[{"taxonomy":"category","embeddable":true,"href":"https:\/\/www.infokuryr.cz\/n\/wp-json\/wp\/v2\/categories?post=47022"},{"taxonomy":"post_tag","embeddable":true,"href":"https:\/\/www.infokuryr.cz\/n\/wp-json\/wp\/v2\/tags?post=47022"}],"curies":[{"name":"wp","href":"https:\/\/api.w.org\/{rel}","templated":true}]}}